{"id":302138,"date":"2026-09-01T13:00:21","date_gmt":"2026-09-01T11:00:21","guid":{"rendered":"https:\/\/quicosenza.it\/news\/?p=302138"},"modified":"2026-09-01T12:00:04","modified_gmt":"2026-09-01T10:00:04","slug":"cosenza-via-padre-giglio-integrazione","status":"publish","type":"post","link":"https:\/\/quicosenza.it\/news\/cosenza-via-padre-giglio-integrazione\/","title":{"rendered":"Cosenza, al via la riqualificazione del sottoponte di via Padre Giglio: \u00abda degrado ad integrazione\u00bb"},"content":{"rendered":"<p>COSENZA \u2013 Sono partiti oggi i lavori di riqualificazione urbana del sottoponte della sopraelevata di via Padre Giglio, nell\u2019ambito del progetto \u201c<a href=\"https:\/\/www.comune.cosenza.it\/it\/novita\/page\/presentato-il-progetto-di-rigenerazione-urbana-per-il-sottoponte-della-sopraelevata-di-via-padre-giglio\" rel=\"noopener\">Rigenerare lo spazio. Restituire la citt\u00e0<\/a>\u201d. L\u2019intervento rappresenta il primo, importante step di un progetto pi\u00f9 ampio di recupero e rigenerazione di un\u2019area che per anni ha rappresentato una delle principali criticit\u00e0 del tessuto urbano cosentino. L\u2019obiettivo dell\u2019Amministrazione comunale \u00e8 trasformare lo spazio in un luogo decoroso, riconoscibile e capace di rafforzare il legame tra le diverse parti della citt\u00e0.<\/p>\n<p><img loading=\"lazy\" decoding=\"async\" class=\"aligncenter wp-image-216236\" src=\"https:\/\/quicosenza.it\/news\/wp-content\/uploads\/2023\/11\/Murales-Cosenza-Padre-Giglio.jpg\" alt=\"Murales Cosenza Padre Giglio\" width=\"523\" height=\"324\" title=\"\" srcset=\"https:\/\/quicosenza.it\/news\/wp-content\/uploads\/2023\/11\/Murales-Cosenza-Padre-Giglio.jpg 970w, https:\/\/quicosenza.it\/news\/wp-content\/uploads\/2023\/11\/Murales-Cosenza-Padre-Giglio-300x186.jpg 300w, https:\/\/quicosenza.it\/news\/wp-content\/uploads\/2023\/11\/Murales-Cosenza-Padre-Giglio-768x475.jpg 768w, https:\/\/quicosenza.it\/news\/wp-content\/uploads\/2023\/11\/Murales-Cosenza-Padre-Giglio-150x93.jpg 150w, https:\/\/quicosenza.it\/news\/wp-content\/uploads\/2023\/11\/Murales-Cosenza-Padre-Giglio-696x431.jpg 696w, https:\/\/quicosenza.it\/news\/wp-content\/uploads\/2023\/11\/Murales-Cosenza-Padre-Giglio-679x420.jpg 679w, https:\/\/quicosenza.it\/news\/wp-content\/uploads\/2023\/11\/Murales-Cosenza-Padre-Giglio-356x220.jpg 356w\" sizes=\"auto, (max-width: 523px) 100vw, 523px\" \/><\/p>\n<h3>Via Padre Giglio, al via il cantiere<\/h3>\n<p>\u201cOggi non inauguriamo semplicemente un cantiere, ma avviamo concretamente una nuova fase di trasformazione di un luogo, via Padre Giglio, che per troppo tempo \u00e8 stato associato al degrado e all\u2019abbandono \u2013 afferma il sindaco Franz Caruso \u2013. Quando ci siamo insediati, questa area si presentava con <strong>strutture fatiscenti, box<\/strong> <strong>inutilizzati e continui depositi di rifiuti<\/strong>. Abbiamo iniziato un percorso di bonifica e di recupero, rimuovendo ci\u00f2 che non serviva e restituendo progressivamente dignit\u00e0 allo spazio. <strong>Oggi facciamo un ulteriore passo in avanti<\/strong>\u201d.<\/p>\n<p>Per il sindaco Franz Caruso, il progetto non riguarda soltanto l\u2019aspetto estetico, ma punta a intervenire su una zona strategica della citt\u00e0, storicamente percepita come una linea di separazione tra nord e sud. <strong>\u201cHo sempre considerato questa zona strategica per Cosenza,<\/strong> perch\u00e9 per anni la sopraelevata ha <strong>rappresentato quasi una barriera, una linea di separazione tra la parte nord e la parte sud della citt\u00e0<\/strong>. Il nostro obiettivo \u00e8 trasformare quella che \u00e8 stata una frattura in un elemento di integrazione, un luogo capace di unire e non di dividere\u201d.<\/p>\n<p><img loading=\"lazy\" decoding=\"async\" class=\"aligncenter wp-image-302148\" src=\"https:\/\/quicosenza.it\/news\/wp-content\/uploads\/2026\/09\/via-padre-giglio-sottoponte-cosenza-04.jpg\" alt=\"via padre giglio sottoponte cosenza 04\" width=\"576\" height=\"356\" title=\"\" srcset=\"https:\/\/quicosenza.it\/news\/wp-content\/uploads\/2026\/09\/via-padre-giglio-sottoponte-cosenza-04.jpg 970w, https:\/\/quicosenza.it\/news\/wp-content\/uploads\/2026\/09\/via-padre-giglio-sottoponte-cosenza-04-300x186.jpg 300w, https:\/\/quicosenza.it\/news\/wp-content\/uploads\/2026\/09\/via-padre-giglio-sottoponte-cosenza-04-768x475.jpg 768w\" sizes=\"auto, (max-width: 576px) 100vw, 576px\" \/><\/p>\n<p>Il progetto per <a href=\"https:\/\/quicosenza.it\/news\/cosenza-via-padre-giglio-ultima-fase-rigeneraz\/\">via Padre Giglio<\/a> si inserisce in un percorso gi\u00e0 avviato dall\u2019Amministrazione comunale insieme a realt\u00e0 private. Nell\u2019area sono stati realizzati, tra gli altri interventi, i sei murales del progetto \u201cSei facce della stessa medaglia\u201d, dedicati a valori e figure simbolo della storia e dell\u2019identit\u00e0 cosentina, oltre alla sistemazione delle aiuole intorno ai pilastri della sopraelevata.<\/p>\n<p>\u201cStiamo costruendo, pezzo dopo pezzo, una nuova idea di questo spazio \u2013 sottolinea Franz Caruso \u2013. Non pi\u00f9 un semplice luogo di transito, ma un\u2019area che racconta Cosenza, la sua storia, i suoi valori e la sua identit\u00e0. \u00c8 questa la direzione nella quale vogliamo continuare a muoverci: una citt\u00e0 pi\u00f9 bella, pi\u00f9 decorosa, pi\u00f9 sostenibile e pi\u00f9 attrattiva\u201d.<\/p>\n<p><img loading=\"lazy\" decoding=\"async\" class=\"aligncenter wp-image-302144\" src=\"https:\/\/quicosenza.it\/news\/wp-content\/uploads\/2026\/09\/via-padre-giglio-sottoponte-cosenza-02.jpg\" alt=\"via padre giglio sottoponte cosenza 02\" width=\"568\" height=\"349\" title=\"\" srcset=\"https:\/\/quicosenza.it\/news\/wp-content\/uploads\/2026\/09\/via-padre-giglio-sottoponte-cosenza-02.jpg 974w, https:\/\/quicosenza.it\/news\/wp-content\/uploads\/2026\/09\/via-padre-giglio-sottoponte-cosenza-02-300x184.jpg 300w, https:\/\/quicosenza.it\/news\/wp-content\/uploads\/2026\/09\/via-padre-giglio-sottoponte-cosenza-02-768x472.jpg 768w\" sizes=\"auto, (max-width: 568px) 100vw, 568px\" \/><\/p>\n<h3>Il progetto e la collaborazione privata<\/h3>\n<p>I lavori prevedono il completamento del recupero urbano attraverso il ripristino delle strutture, la rimozione di ulteriori elementi incongrui e la riqualificazione complessiva dell\u2019area. Il progetto nasce anche grazie alla collaborazione con Federico Morabito, titolare della Hobby Color, e con Cromology, azienda attiva nel settore dei colori, che ha elaborato la relazione tecnica e le scelte cromatiche dell\u2019intervento. Per il sindaco si tratta di un esempio concreto di partecipazione e mecenatismo a favore della comunit\u00e0.<\/p>\n","protected":false},"excerpt":{"rendered":"<p>L\u2019intervento per via Padre Giglio, punta a trasformare un\u2019area per anni segnata da abbandono e criticit\u00e0 in uno spazio decoroso, riconoscibile e capace di rafforzare il legame tra nord e sud della citt\u00e0<\/p>\n","protected":false},"author":42,"featured_media":302149,"comment_status":"closed","ping_status":"closed","sticky":false,"template":"","format":"standard","meta":{"_acf_changed":false,"footnotes":"","jetpack_publicize_message":"","jetpack_publicize_feature_enabled":true,"jetpack_social_post_already_shared":true,"jetpack_social_options":{"image_generator_settings":{"template":"highway","default_image_id":0,"font":"","enabled":false},"version":2}},"categories":[563,42],"tags":[],"class_list":["post-302138","post","type-post","status-publish","format-standard","has-post-thumbnail","hentry","category-area-urbana","category-cosenza"],"acf":[],"jetpack_publicize_connections":[],"_links":{"self":[{"href":"https:\/\/quicosenza.it\/news\/wp-json\/wp\/v2\/posts\/302138","targetHints":{"allow":["GET"]}}],"collection":[{"href":"https:\/\/quicosenza.it\/news\/wp-json\/wp\/v2\/posts"}],"about":[{"href":"https:\/\/quicosenza.it\/news\/wp-json\/wp\/v2\/types\/post"}],"author":[{"embeddable":true,"href":"https:\/\/quicosenza.it\/news\/wp-json\/wp\/v2\/users\/42"}],"replies":[{"embeddable":true,"href":"https:\/\/quicosenza.it\/news\/wp-json\/wp\/v2\/comments?post=302138"}],"version-history":[{"count":0,"href":"https:\/\/quicosenza.it\/news\/wp-json\/wp\/v2\/posts\/302138\/revisions"}],"wp:featuredmedia":[{"embeddable":true,"href":"https:\/\/quicosenza.it\/news\/wp-json\/wp\/v2\/media\/302149"}],"wp:attachment":[{"href":"https:\/\/quicosenza.it\/news\/wp-json\/wp\/v2\/media?parent=302138"}],"wp:term":[{"taxonomy":"category","embeddable":true,"href":"https:\/\/quicosenza.it\/news\/wp-json\/wp\/v2\/categories?post=302138"},{"taxonomy":"post_tag","embeddable":true,"href":"https:\/\/quicosenza.it\/news\/wp-json\/wp\/v2\/tags?post=302138"}],"curies":[{"name":"wp","href":"https:\/\/api.w.org\/{rel}","templated":true}]}}