{"id":302140,"date":"2026-09-01T17:20:17","date_gmt":"2026-09-01T15:20:17","guid":{"rendered":"https:\/\/quicosenza.it\/news\/?p=302140"},"modified":"2026-09-01T17:20:17","modified_gmt":"2026-09-01T15:20:17","slug":"camigliatello-sila-felix-2026-trenino-tagliere","status":"publish","type":"post","link":"https:\/\/quicosenza.it\/news\/camigliatello-sila-felix-2026-trenino-tagliere\/","title":{"rendered":"Nasce &#8220;Sila Felix&#8221;: a Camigliatello Silano trenino storico, trekking al tramonto, e-bike e il tagliere pi\u00f9 lungo d\u2019Italia"},"content":{"rendered":"<p>CAMIGLIATELLO SILANO (CS) \u2013 Sabato <strong>5 e domenica 6 settembre 2026<\/strong>, l\u2019altopiano silano si prepara ad accogliere la prima edizione di <strong>\u201cSila Felix\u201d<\/strong>, un appuntamento unico che unisce enogastronomia d&#8217;eccellenza, sport all&#8217;aria aperta, natura incontaminata e la valorizzazione delle tradizioni locali. Tra gli eventi pi\u00f9 attesi spicca l\u2019ambizioso record de <strong><em>\u201cIl tagliere pi\u00f9 lungo d&#8217;Italia\u201d<\/em><\/strong>, pronto a radunare centinaia di visitatori lungo le vie di Camigliatello Silano.\u00a0Sila Felix non nasce per esaurirsi nel tempo di un weekend. L\u2019edizione 2026 rappresenta il debutto operativo di un <strong>progetto pluriennale di sviluppo territoriale<\/strong>, che mira a trasformare la Sila in un hub permanente di turismo sostenibile, culturale ed esperienziale attivo 365 giorni all&#8217;anno.<\/p>\n<h3><strong>Sila Felix: un progetto strategico che guarda al futuro\u00a0 della Sila<\/strong><\/h3>\n<p>Pensato come un&#8217;infrastruttura stabile di promozione e destagionalizzazione turistica, <strong>Sila Felix<\/strong> intende consolidarsi anno dopo anno per diventare un punto di riferimento fisso nel calendario . L\u2019obiettivo a lungo termine dei promotori \u00e8 quello di strutturare una <strong>rete permanente di esperienze<\/strong>: dai percorsi cicloturistici e t<strong>rekking guidati<\/strong> ai laboratori con i<strong> produttori local<\/strong>i, fino a collaborazioni continuative con le guide del Parco e gli operatori ricettivi del comprensorio.<\/p>\n<p>L\u2019iniziativa \u00e8 realizzata grazie al contributo della <strong>Regione Calabria<\/strong> (nell\u2019ambito dell\u2019avviso pubblico <em>\u201cAgor\u00e0 Calabria\u201d<\/em>) e vanta il patrocinio del <strong>Comune di Spezzano della Sila<\/strong>, del <strong>GAL Sila<\/strong> e della <strong>Proloco di Camigliatello Silano<\/strong>. Questo primo nucleo istituzionale costituisce la base di un ecosistema destinato a crescere ed espandersi nelle prossime edizioni e lungo tutto il comprensorio silano.<\/p>\n<p><a href=\"https:\/\/quicosenza.it\/news\/wp-content\/uploads\/2026\/09\/Sila-Felix-2026-1.jpg\"><img loading=\"lazy\" decoding=\"async\" class=\"aligncenter wp-image-302179\" src=\"https:\/\/quicosenza.it\/news\/wp-content\/uploads\/2026\/09\/Sila-Felix-2026-1.jpg\" alt=\"Sila Felix 2026\" width=\"549\" height=\"687\" title=\"\" srcset=\"https:\/\/quicosenza.it\/news\/wp-content\/uploads\/2026\/09\/Sila-Felix-2026-1.jpg 1279w, https:\/\/quicosenza.it\/news\/wp-content\/uploads\/2026\/09\/Sila-Felix-2026-1-240x300.jpg 240w, https:\/\/quicosenza.it\/news\/wp-content\/uploads\/2026\/09\/Sila-Felix-2026-1-819x1024.jpg 819w, https:\/\/quicosenza.it\/news\/wp-content\/uploads\/2026\/09\/Sila-Felix-2026-1-768x961.jpg 768w, https:\/\/quicosenza.it\/news\/wp-content\/uploads\/2026\/09\/Sila-Felix-2026-1-1228x1536.jpg 1228w\" sizes=\"auto, (max-width: 549px) 100vw, 549px\" \/><\/a><\/p>\n<h3>Sabato 5 Settembre: Benessere, e-bike accessibile e degustazioni d&#8217;alta quota<\/h3>\n<p>La prima giornata dell\u2019evento \u00e8 dedicata al benessere psicofisico, alla mobilit\u00e0 sostenibile e all&#8217;inclusivit\u00e0.<\/p>\n<p><strong>Ore 07:30 \u2013 09:00 | Yoga al mattino sul Lago Cecita:<\/strong> L\u2019evento si apre alle prime luci dell&#8217;alba presso la <strong>Chiesa di <\/strong>San Lorenzo, con una sessione di yoga mattutino immersa nella natura e con vista panoramica sul Lago Cecita.<\/p>\n<p><strong>Ore 13:00 \u2013 15:00 | Laboratorio di Pizza e Degustazione High-Altitude:<\/strong> Presso l\u2019<strong>Azienda Agricola Granata<\/strong>, spazio all&#8217;enogastronomia con un laboratorio pratico di preparazione della pizza impastata con farine da grani tradizionali, seguito da una degustazione guidata di vini e formaggi silani d&#8217;alta quota.<\/p>\n<p><strong>Ore 15:30 \u2013 18:00 | E-Bike Tour guidato sul Lago Cecita (Accessibile LIS):<\/strong> Partenza dalla sede della Proloco di Camigliatello Silano per un tour in bicicletta elettrica lungo le sponde del lago, con tappe per degustazioni presso le aziende agricole <a href=\"https:\/\/quicosenza.it\/news\/scrivano-sila-gelato-yogurt-latte-gambero-rosso\/\" target=\"_blank\" rel=\"noopener\">Scrivano <\/a><strong>e Granata<\/strong>.<\/p>\n<p><strong>Accessibilit\u00e0:<\/strong> L\u2019intero percorso sar\u00e0 affiancato da un <strong>interprete LIS (Lingua dei Segni Italiana)<\/strong>, garantendo la totale fruibilit\u00e0 dell&#8217;esperienza anche ai partecipanti con disabilit\u00e0 uditiva.<\/p>\n<p><strong>Ore 18:00 | Conferenza Stampa Ufficiale (Accessibile LIS):<\/strong> Presso l\u2019<strong>Hotel Camigliatello<\/strong> si terr\u00e0 l&#8217;incontro <em>&#8220;Turismo enogastronomico in Sila: identit\u00e0, prodotti, futuro&#8221;<\/em>. Durante il convegno verr\u00e0 presentata la visione strategica a lungo termine del progetto. <em>Anche per questo appuntamento sar\u00e0 garantito il servizio di interpretariato LIS.<\/em><\/p>\n<p><strong>Ore 19:30 \u2013 21:00 | Degustazioni Serali GAL Sila:<\/strong> La giornata si chiuder\u00e0 con un aperitivo serale e degustazioni curate dal GAL Sila per assaporare i prodotti identitari della Calabria.<\/p>\n<p><a href=\"https:\/\/quicosenza.it\/news\/wp-content\/uploads\/2026\/09\/Sila-Felix-2026_loc2.jpg\"><img loading=\"lazy\" decoding=\"async\" class=\"aligncenter wp-image-302177\" src=\"https:\/\/quicosenza.it\/news\/wp-content\/uploads\/2026\/09\/Sila-Felix-2026_loc2.jpg\" alt=\"Sila Felix 2026 locandina\" width=\"492\" height=\"615\" title=\"\" srcset=\"https:\/\/quicosenza.it\/news\/wp-content\/uploads\/2026\/09\/Sila-Felix-2026_loc2.jpg 1280w, https:\/\/quicosenza.it\/news\/wp-content\/uploads\/2026\/09\/Sila-Felix-2026_loc2-240x300.jpg 240w, https:\/\/quicosenza.it\/news\/wp-content\/uploads\/2026\/09\/Sila-Felix-2026_loc2-819x1024.jpg 819w, https:\/\/quicosenza.it\/news\/wp-content\/uploads\/2026\/09\/Sila-Felix-2026_loc2-768x960.jpg 768w, https:\/\/quicosenza.it\/news\/wp-content\/uploads\/2026\/09\/Sila-Felix-2026_loc2-1229x1536.jpg 1229w\" sizes=\"auto, (max-width: 492px) 100vw, 492px\" \/><\/a><\/p>\n<h3>Domenica 6 Settembre: Il Treno della Sila e &#8220;Il Tagliere pi\u00f9 Lungo d&#8217;Italia&#8221;<\/h3>\n<p>La giornata di domenica vedr\u00e0 protagonisti i simboli pi\u00f9 iconici del turismo silano e una grande festa di piazza.<\/p>\n<p><strong>Ore 10:00 \u2013 14:30 | Viaggio sullo storico Treno della Sila:<\/strong> Dalla Stazione di Camigliatello Silano sar\u00e0 possibile salire a bordo delle storiche carrozze d\u2019epoca a vapore per un viaggio suggestivo nel cuore del Parco Nazionale, accompagnato dalla degustazione di un calice di vino locale.<\/p>\n<p><strong>Ore 11:30 \u2013 16:00 | &#8220;Il Tagliere pi\u00f9 Lungo d&#8217;Italia&#8221;:<\/strong> L&#8217;evento clou di Sila Felix 2026 prender\u00e0 vita lungo <strong>Via Roma<\/strong>. Un\u2019imponente tavolata all&#8217;aperto allestita per accogliere contemporaneamente <strong>250 persone<\/strong> per un maxi-aperitivo a base di salumi PDO\/PGI, formaggi e tipicit\u00e0 calabresi, in collaborazione con la Proloco e il GAL Sila. Ad animare la degustazione saranno le esibizioni dal vivo della <em>Banda Passante Live Band<\/em> e un <em>DJ set<\/em>.<\/p>\n<p><strong>Dalle ore 16:00 | Trekking al Tramonto tra i Pini Larici:<\/strong> Ritrovo al parcheggio del <strong>Cupone<\/strong> per l&#8217;evento di chiusura: una camminata immersiva al tramonto arricchita da intermezzi musicali itineranti tra i maestosi pini larici della Sila.<\/p>\n<h3>Sila Felix 2026\u00a0 &#8211; il programma completo<\/h3>\n<table>\n<thead>\n<tr>\n<td><strong>Giorno<\/strong><\/td>\n<td><strong>Orario<\/strong><\/td>\n<td><strong>Evento<\/strong><\/td>\n<td><strong>Location \/ Partenza<\/strong><\/td>\n<\/tr>\n<\/thead>\n<tbody>\n<tr>\n<td><strong>Sabato 5 Settembre<\/strong><\/td>\n<td>08:30 &#8211; 09:30<\/td>\n<td>Yoga mattutino vista lago<\/td>\n<td>Chiesa di San Lorenzo<\/td>\n<\/tr>\n<tr>\n<td><\/td>\n<td>13:00 &#8211; 15:00<\/td>\n<td>Laboratorio pizze e degustazione formaggi\/vini<\/td>\n<td>Azienda Agricola Granata<\/td>\n<\/tr>\n<tr>\n<td><\/td>\n<td>15:30 &#8211; 18:00<\/td>\n<td>Tour E-Bike Lago Cecita &amp; visite aziendali<\/td>\n<td>Partenza ProLoco Camigliatello<\/td>\n<\/tr>\n<tr>\n<td><\/td>\n<td>18:00 &#8211; 19:30<\/td>\n<td>Convegno &#8220;Turismo enogastronomico in Sila&#8221;<\/td>\n<td>Hotel Camigliatello<\/td>\n<\/tr>\n<tr>\n<td><\/td>\n<td>19:30 &#8211; 21:00<\/td>\n<td>Degustazioni serali GAL SILA<\/td>\n<td>Ristorante Vadol\u00ec<\/td>\n<\/tr>\n<tr>\n<td><strong>Domenica 6 Settembre<\/strong><\/td>\n<td>10:00 &#8211; 14:30<\/td>\n<td>Treno della Sila con degustazione a bordo<\/td>\n<td>Stazione FS Camigliatello<\/td>\n<\/tr>\n<tr>\n<td><\/td>\n<td>11:30 &#8211; 13:00<\/td>\n<td>Il Tagliere pi\u00f9 lungo d&#8217;Italia (250 posti)<\/td>\n<td>Via Roma<\/td>\n<\/tr>\n<tr>\n<td><\/td>\n<td>11:30 &#8211; 16:00<\/td>\n<td>Live Band &#8220;Banda Passante&#8221; &amp; DJ set<\/td>\n<td>Via Roma<\/td>\n<\/tr>\n<tr>\n<td><\/td>\n<td>16:00 &#8211; 19:30<\/td>\n<td>Trekking al tramonto con musica tra i boschi<\/td>\n<td>Parcheggio Cupone<\/td>\n<\/tr>\n<\/tbody>\n<\/table>\n<h3>Informazioni utili e modalit\u00e0 di prenotazione<\/h3>\n<p>Per prendere parte alle attivit\u00e0 (trekking, e-bike, tagliere e laboratori) \u00e8 necessaria la <strong>prenotazione obbligatoria<\/strong> sul sito ufficiale <span style=\"color: #0000ff;\"><a style=\"color: #0000ff;\" href=\"http:\/\/www.silafelix.it\" rel=\"noopener\">www.silafelix.it<\/a><\/span>. Per maggiori informazioni: <strong>392\/0017773<\/strong> (telefono\/WhatsApp)<\/p>\n","protected":false},"excerpt":{"rendered":"<p>Il 5 e 6 settembre al via a Camigliatello la prima edizione del Sila Felix. Una piattaforma permanente che guarda al futuro dell&#8217;altopiano silano, con un progetto per valorizzare e vivere tutto l&#8217;anno il turismo enogastronomico e sostenibile <\/p>\n","protected":false},"author":55,"featured_media":302176,"comment_status":"closed","ping_status":"closed","sticky":false,"template":"","format":"standard","meta":{"_acf_changed":false,"footnotes":"","jetpack_publicize_message":"","jetpack_publicize_feature_enabled":true,"jetpack_social_post_already_shared":true,"jetpack_social_options":{"image_generator_settings":{"template":"highway","default_image_id":0,"font":"","enabled":false},"version":2}},"categories":[28],"tags":[],"class_list":["post-302140","post","type-post","status-publish","format-standard","has-post-thumbnail","hentry","category-provincia"],"acf":[],"jetpack_publicize_connections":[],"_links":{"self":[{"href":"https:\/\/quicosenza.it\/news\/wp-json\/wp\/v2\/posts\/302140","targetHints":{"allow":["GET"]}}],"collection":[{"href":"https:\/\/quicosenza.it\/news\/wp-json\/wp\/v2\/posts"}],"about":[{"href":"https:\/\/quicosenza.it\/news\/wp-json\/wp\/v2\/types\/post"}],"author":[{"embeddable":true,"href":"https:\/\/quicosenza.it\/news\/wp-json\/wp\/v2\/users\/55"}],"replies":[{"embeddable":true,"href":"https:\/\/quicosenza.it\/news\/wp-json\/wp\/v2\/comments?post=302140"}],"version-history":[{"count":0,"href":"https:\/\/quicosenza.it\/news\/wp-json\/wp\/v2\/posts\/302140\/revisions"}],"wp:featuredmedia":[{"embeddable":true,"href":"https:\/\/quicosenza.it\/news\/wp-json\/wp\/v2\/media\/302176"}],"wp:attachment":[{"href":"https:\/\/quicosenza.it\/news\/wp-json\/wp\/v2\/media?parent=302140"}],"wp:term":[{"taxonomy":"category","embeddable":true,"href":"https:\/\/quicosenza.it\/news\/wp-json\/wp\/v2\/categories?post=302140"},{"taxonomy":"post_tag","embeddable":true,"href":"https:\/\/quicosenza.it\/news\/wp-json\/wp\/v2\/tags?post=302140"}],"curies":[{"name":"wp","href":"https:\/\/api.w.org\/{rel}","templated":true}]}}