{"id":302156,"date":"2026-09-01T14:00:39","date_gmt":"2026-09-01T12:00:39","guid":{"rendered":"https:\/\/quicosenza.it\/news\/?p=302156"},"modified":"2026-09-01T12:49:28","modified_gmt":"2026-09-01T10:49:28","slug":"sedia-rotelle-ex-paralimpica-perde-volo","status":"publish","type":"post","link":"https:\/\/quicosenza.it\/news\/sedia-rotelle-ex-paralimpica-perde-volo\/","title":{"rendered":"\u00abLa sedia a rotelle non \u00e8 in regola\u00bb: l&#8217;odissea dell&#8217;ex paralimpica che perde il volo per Crotone"},"content":{"rendered":"<p>TORINO \u2013 Protagonista della vicenda \u00e8 Patrizia Sacc\u00e0, e nello specifico la carrozzina dell&#8217;ex atleta paralimpica e medaglia di bronzo nel tennistavolo ai Giochi di Barcellona del 1992. <strong>Doveva partire dall\u2019aeroporto di Torino Caselle diretta a <a href=\"https:\/\/quicosenza.it\/news\/aeroporto-crotone-voli-mezzanotte-1-aprile\/\">Crotone<\/a><\/strong>, ma ha perso il volo dopo una discussione sulla documentazione relativa alla batteria al litio del ruotino elettrico agganciato alla sua carrozzina.<\/p>\n<h3>Il racconto dell&#8217;ex paralimpica e la carrozzina<\/h3>\n<p>La donna racconta di essere arrivata in <strong>aeroporto<\/strong> domenica scorsa <strong>alle 8.20, mentre il volo Ryanair<\/strong> era previsto alle 9.50. Si era presentata alla <strong>Sala Amica,<\/strong> il servizio dedicato ai passeggeri con mobilit\u00e0 ridotta, portando con s\u00e9 la documentazione tecnica del dispositivo. La <strong>batteria al litio ha una capacit\u00e0 di 300 wattora, il limite massimo previsto dalla Iata, mentre il peso del ruotino \u00e8 di circa 20 chili<\/strong>.<\/p>\n<p><img loading=\"lazy\" decoding=\"async\" class=\"aligncenter wp-image-302158\" src=\"https:\/\/quicosenza.it\/news\/wp-content\/uploads\/2026\/09\/patrizia-sacca-paralimpica-carrozzina-02.jpg\" alt=\"patrizia sacca&#039; paralimpica carrozzina 02\" width=\"569\" height=\"352\" title=\"\" srcset=\"https:\/\/quicosenza.it\/news\/wp-content\/uploads\/2026\/09\/patrizia-sacca-paralimpica-carrozzina-02.jpg 970w, https:\/\/quicosenza.it\/news\/wp-content\/uploads\/2026\/09\/patrizia-sacca-paralimpica-carrozzina-02-300x186.jpg 300w, https:\/\/quicosenza.it\/news\/wp-content\/uploads\/2026\/09\/patrizia-sacca-paralimpica-carrozzina-02-768x475.jpg 768w\" sizes=\"auto, (max-width: 569px) 100vw, 569px\" \/><\/p>\n<p>\u00abMa allo <strong>sportello<\/strong> del <strong>check-in<\/strong> mi \u00e8 stato <strong>contestato che quelle informazioni non risultavano<\/strong>\u00bb. <a href=\"https:\/\/www.facebook.com\/PatriziaTT?locale=it_IT\" rel=\"noopener\">Sacc\u00e0<\/a> avrebbe quindi cercato di chiarire la situazione mostrando i documenti e chiedendo di poter parlare con un responsabile. \u00abNon \u00e8 servito\u00bb.<\/p>\n<p><img loading=\"lazy\" decoding=\"async\" class=\"aligncenter wp-image-302159\" src=\"https:\/\/quicosenza.it\/news\/wp-content\/uploads\/2026\/09\/patrizia-sacca-paralimpica-carrozzina-03.jpg\" alt=\"patrizia sacca&#039; paralimpica carrozzina 03\" width=\"471\" height=\"293\" title=\"\" srcset=\"https:\/\/quicosenza.it\/news\/wp-content\/uploads\/2026\/09\/patrizia-sacca-paralimpica-carrozzina-03.jpg 978w, https:\/\/quicosenza.it\/news\/wp-content\/uploads\/2026\/09\/patrizia-sacca-paralimpica-carrozzina-03-300x187.jpg 300w, https:\/\/quicosenza.it\/news\/wp-content\/uploads\/2026\/09\/patrizia-sacca-paralimpica-carrozzina-03-768x477.jpg 768w\" sizes=\"auto, (max-width: 471px) 100vw, 471px\" \/><\/p>\n<h3>Il volo perso<\/h3>\n<p>&nbsp;<\/p>\n<p>Alle 9.20 il volo \u00e8 stato chiuso e per l&#8217;ex atleta \u00e8 iniziata una lunga attesa in aeroporto, durata fino a sera. Grazie all&#8217;intervento di una dipendente della biglietteria, <strong>Sacc\u00e0 \u00e8 riuscita infine a trovare un volo alternativo per Lamezia Terme<\/strong>. Non \u00e8 la prima volta che la donna racconta problemi legati al trasporto della <strong>propria carrozzina elettrica<\/strong>. Nel dicembre 2024 aveva gi\u00e0 riferito di un&#8217;odissea vissuta durante un viaggio con scalo a Monaco. Anche in questa occasione il suo obiettivo, spiega, non \u00e8 individuare responsabilit\u00e0 personali. Al momento da Ryanair non sarebbe arrivato alcun commento.<\/p>\n","protected":false},"excerpt":{"rendered":"<p>Patrizia Sacc\u00e0, bronzo nel tennistavolo alle Paralimpiadi di Barcellona 1992, racconta l\u2019odissea vissuta all\u2019aeroporto di Torino Caselle per una contestazione sulla batteria al litio del ruotino elettrico della sua carrozzina<\/p>\n","protected":false},"author":42,"featured_media":302157,"comment_status":"closed","ping_status":"closed","sticky":false,"template":"","format":"standard","meta":{"_acf_changed":false,"footnotes":"","jetpack_publicize_message":"","jetpack_publicize_feature_enabled":true,"jetpack_social_post_already_shared":true,"jetpack_social_options":{"image_generator_settings":{"template":"highway","default_image_id":0,"font":"","enabled":false},"version":2}},"categories":[17],"tags":[],"class_list":["post-302156","post","type-post","status-publish","format-standard","has-post-thumbnail","hentry","category-calabria"],"acf":[],"jetpack_publicize_connections":[],"_links":{"self":[{"href":"https:\/\/quicosenza.it\/news\/wp-json\/wp\/v2\/posts\/302156","targetHints":{"allow":["GET"]}}],"collection":[{"href":"https:\/\/quicosenza.it\/news\/wp-json\/wp\/v2\/posts"}],"about":[{"href":"https:\/\/quicosenza.it\/news\/wp-json\/wp\/v2\/types\/post"}],"author":[{"embeddable":true,"href":"https:\/\/quicosenza.it\/news\/wp-json\/wp\/v2\/users\/42"}],"replies":[{"embeddable":true,"href":"https:\/\/quicosenza.it\/news\/wp-json\/wp\/v2\/comments?post=302156"}],"version-history":[{"count":0,"href":"https:\/\/quicosenza.it\/news\/wp-json\/wp\/v2\/posts\/302156\/revisions"}],"wp:featuredmedia":[{"embeddable":true,"href":"https:\/\/quicosenza.it\/news\/wp-json\/wp\/v2\/media\/302157"}],"wp:attachment":[{"href":"https:\/\/quicosenza.it\/news\/wp-json\/wp\/v2\/media?parent=302156"}],"wp:term":[{"taxonomy":"category","embeddable":true,"href":"https:\/\/quicosenza.it\/news\/wp-json\/wp\/v2\/categories?post=302156"},{"taxonomy":"post_tag","embeddable":true,"href":"https:\/\/quicosenza.it\/news\/wp-json\/wp\/v2\/tags?post=302156"}],"curies":[{"name":"wp","href":"https:\/\/api.w.org\/{rel}","templated":true}]}}