{"id":302161,"date":"2026-09-01T13:31:53","date_gmt":"2026-09-01T11:31:53","guid":{"rendered":"https:\/\/quicosenza.it\/news\/?p=302161"},"modified":"2026-09-01T13:31:53","modified_gmt":"2026-09-01T11:31:53","slug":"rende-buoni-servizio-disabili-anziani-minori","status":"publish","type":"post","link":"https:\/\/quicosenza.it\/news\/rende-buoni-servizio-disabili-anziani-minori\/","title":{"rendered":"Rende, 150mila euro in buoni servizio per disabili, anziani e minori: tutte le info su come fare domanda"},"content":{"rendered":"<p>RENDE &#8211; Facilitare l&#8217;accesso a strutture socio-assistenziali residenziali e semiresidenziali per soggetti vulnerabili: <strong>disabili, anziani e minori.<\/strong> \u00c8 questo l&#8217;obiettivo dell&#8217;iniziativa, finanziata attraverso il Programma Regionale FSE+ 2021-2027, messa in campo dall\u2019Ambito territoriale sociale di Rende che eroga <strong>buoni servizio<\/strong> per il <strong>valore di 151.116,08 euro<\/strong> destinati al <strong><a href=\"https:\/\/quicosenza.it\/news\/osservatorio-regionale-banco-alimentare-poverta\/\">contrasto della povert\u00e0<\/a> e dell\u2019esclusione sociale.\u00a0<\/strong><\/p>\n<p><img loading=\"lazy\" decoding=\"async\" class=\"aligncenter  wp-image-300979\" src=\"https:\/\/quicosenza.it\/news\/wp-content\/uploads\/2026\/08\/comune-di-rende-caso-acqua-santagostino.jpg\" alt=\"comune di rende - caso acqua sant&#039;agostino\" width=\"501\" height=\"310\" title=\"\" srcset=\"https:\/\/quicosenza.it\/news\/wp-content\/uploads\/2026\/08\/comune-di-rende-caso-acqua-santagostino.jpg 970w, https:\/\/quicosenza.it\/news\/wp-content\/uploads\/2026\/08\/comune-di-rende-caso-acqua-santagostino-300x186.jpg 300w, https:\/\/quicosenza.it\/news\/wp-content\/uploads\/2026\/08\/comune-di-rende-caso-acqua-santagostino-768x475.jpg 768w\" sizes=\"auto, (max-width: 501px) 100vw, 501px\" \/><\/p>\n<h3>Buoni servizio a Rende, chi pu\u00f2 utilizzarli<\/h3>\n<p>Il contributo \u00e8 rivolto a <strong>membri di nuclei familiari<\/strong> che risiedono nei comuni dell\u2019Ats di Rende, con reddito Isee non superiore ai 25.000 euro e che dispongono di un progetto individualizzato che attesti il bisogno assistenziale. La procedura prevede l\u2019assegnazione di <strong>punteggi basati sulla condizione economica e sui carichi familiari<\/strong> per garantire una copertura finanziaria che pu\u00f2 arrivare a dodici mesi di prestazioni erogate da enti accreditati.<\/p>\n<h3>Le regole per l&#8217;utilizzo<\/h3>\n<p>I buoni servizi sono destinati a ogni famiglia beneficiaria e sono spendibili esclusivamente presso le strutture e i servizi accreditati ai sensi del Regolamento Regionale 22 del 2019, che operano nel territorio regionale. Sono <strong>due le categorie di strutture ammesse.<\/strong> Tra le strutture residenziali rientrano le <strong>comunit\u00e0 alloggio per anziani; le comunit\u00e0 accoglienza per adulti in difficolt\u00e0, le case di riposo per anziani; le comunit\u00e0 alloggio per persone con disabilit\u00e0, per persone con disabilit\u00e0 mentale e le case famiglia per persone con disabilit\u00e0 grave.<\/strong><\/p>\n<p>Tra le strutture semiresidenziali (Centri Diurni), invece, rientrano i <strong>centri diurni per minori, quelli per minori con disabilit\u00e0, per anziani, per persone con disabilit\u00e0 mentale e per persone con disabilit\u00e0.<\/strong><\/p>\n<p><img loading=\"lazy\" decoding=\"async\" class=\"aligncenter  wp-image-297577\" src=\"https:\/\/quicosenza.it\/news\/wp-content\/uploads\/2026\/07\/Assistenza-disabili-e-anziani-2.jpg\" alt=\"\" width=\"500\" height=\"309\" title=\"\" srcset=\"https:\/\/quicosenza.it\/news\/wp-content\/uploads\/2026\/07\/Assistenza-disabili-e-anziani-2.jpg 970w, https:\/\/quicosenza.it\/news\/wp-content\/uploads\/2026\/07\/Assistenza-disabili-e-anziani-2-300x186.jpg 300w, https:\/\/quicosenza.it\/news\/wp-content\/uploads\/2026\/07\/Assistenza-disabili-e-anziani-2-768x475.jpg 768w\" sizes=\"auto, (max-width: 500px) 100vw, 500px\" \/><\/p>\n<h3>Termini per proporre la domanda<\/h3>\n<p>Sono previste due finestre temporali per depositare le domande. La prima \u00e8 compresa<strong> tra l\u20191 e il 16 settembre<\/strong> ed \u00e8 riservata alle persone che hanno gi\u00e0 presentato un\u2019istanza di ammissione a retta entro il 30 aprile 2026. La seconda finestra va <strong>dal 16 ottobre al 31 dicembre<\/strong> ed \u00e8 destinata a coloro che hanno gi\u00e0 presentato un\u2019istanza di ammissione a retta a partire dal primo maggio 2026, oppure a coloro che intendono richiedere l&#8217;inserimento in struttura, purch\u00e9 abbiano gi\u00e0 un progetto individualizzato o la presa in carico da parte dei servizi sociali del Comune competente.<\/p>\n<p>Per sapere come inoltrare la domanda e per avere ulteriori informazioni, si pu\u00f2 consultare il<a href=\"https:\/\/rende.soluzionipa.it\/openweb\/albo\/albo_dettagli.php?id=13040\" target=\"_blank\" rel=\"noopener\"> sito web del Comune di Rende.\u00a0<\/a><\/p>\n","protected":false},"excerpt":{"rendered":"<p>I buoni servizio sono destinati al contrasto della povert\u00e0 e dell\u2019esclusione sociale.\u00a0Previste due finestre temporali per depositare le domande, la prima parte oggi <\/p>\n","protected":false},"author":90,"featured_media":302167,"comment_status":"closed","ping_status":"closed","sticky":false,"template":"","format":"standard","meta":{"_acf_changed":false,"footnotes":"","jetpack_publicize_message":"","jetpack_publicize_feature_enabled":true,"jetpack_social_post_already_shared":true,"jetpack_social_options":{"image_generator_settings":{"template":"highway","default_image_id":0,"font":"","enabled":false},"version":2}},"categories":[563,44],"tags":[],"class_list":["post-302161","post","type-post","status-publish","format-standard","has-post-thumbnail","hentry","category-area-urbana","category-rende"],"acf":[],"jetpack_publicize_connections":[],"_links":{"self":[{"href":"https:\/\/quicosenza.it\/news\/wp-json\/wp\/v2\/posts\/302161","targetHints":{"allow":["GET"]}}],"collection":[{"href":"https:\/\/quicosenza.it\/news\/wp-json\/wp\/v2\/posts"}],"about":[{"href":"https:\/\/quicosenza.it\/news\/wp-json\/wp\/v2\/types\/post"}],"author":[{"embeddable":true,"href":"https:\/\/quicosenza.it\/news\/wp-json\/wp\/v2\/users\/90"}],"replies":[{"embeddable":true,"href":"https:\/\/quicosenza.it\/news\/wp-json\/wp\/v2\/comments?post=302161"}],"version-history":[{"count":0,"href":"https:\/\/quicosenza.it\/news\/wp-json\/wp\/v2\/posts\/302161\/revisions"}],"wp:featuredmedia":[{"embeddable":true,"href":"https:\/\/quicosenza.it\/news\/wp-json\/wp\/v2\/media\/302167"}],"wp:attachment":[{"href":"https:\/\/quicosenza.it\/news\/wp-json\/wp\/v2\/media?parent=302161"}],"wp:term":[{"taxonomy":"category","embeddable":true,"href":"https:\/\/quicosenza.it\/news\/wp-json\/wp\/v2\/categories?post=302161"},{"taxonomy":"post_tag","embeddable":true,"href":"https:\/\/quicosenza.it\/news\/wp-json\/wp\/v2\/tags?post=302161"}],"curies":[{"name":"wp","href":"https:\/\/api.w.org\/{rel}","templated":true}]}}