{"id":302190,"date":"2026-09-01T18:12:03","date_gmt":"2026-09-01T16:12:03","guid":{"rendered":"https:\/\/quicosenza.it\/news\/?p=302190"},"modified":"2026-09-01T18:14:46","modified_gmt":"2026-09-01T16:14:46","slug":"san-giovanni-in-fiore-buoni-famiglie","status":"publish","type":"post","link":"https:\/\/quicosenza.it\/news\/san-giovanni-in-fiore-buoni-famiglie\/","title":{"rendered":"San Giovanni in Fiore, arrivano i buoni servizio per le famiglie in difficolt\u00e0: al via le domande"},"content":{"rendered":"<p>SAN GIOVANNI IN FIORE (CS) &#8211; <strong>&#8220;Buoni servizio&#8221; per le famiglie in difficolt\u00e0<\/strong>. Oggi il comune di<strong> San Giovanni in Fiore,<\/strong> capofila dell&#8217;Ambito Territoriale Sociale n. 3 (che include anche i Comuni di Castelsilano, Caccuri, Cerenzia e Savelli), ha pubblicato la Determinazione Dirigenziale n. 380 del 1\u00b0 settembre 2026 relativa all&#8217;Avviso Pubblico per l&#8217;erogazione del sostegno economico.<\/p>\n<p>L&#8217;intervento, finanziato nell&#8217;ambito del Programma Regionale Calabria FESR FSE+ 2021-2027 (Azione 4.1.1), destina complessivamente all&#8217;ATS di <a href=\"https:\/\/quicosenza.it\/news\/l1-settembre-i170-invisibili-scendono-in-piazza\/\" target=\"_blank\" rel=\"noopener\">San Giovanni in Fiore<\/a> la somma di 95.263,27 euro. La misura \u00e8 pensata per contrastare la povert\u00e0 e l&#8217;esclusione sociale attraverso la facilitazione dell&#8217;accesso alle strutture e ai servizi a ciclo residenziale e semiresidenziale.<\/p>\n<p><strong>I<a href=\"https:\/\/comune.sangiovanniinfiore.cs.it\/novita\/buono-servizio-per-il-contrasto-alla-poverta-attraverso-laccesso-ai-servizi-e-alle-strutture-a-ciclo-residenziale-e-semiresidenziale\/\" target=\"_blank\" rel=\"noopener\"> Buoni Servizio<\/a> consentiranno ai cittadini e ai nuclei familiari in condizione di fragilit\u00e0 di accedere a un&#8217;ampia rete di servizi socio-assistenziali sul territorio<\/strong>, sostenendo direttamente la frequenza e la permanenza presso strutture accreditate.<\/p>\n<h3>Buoni servizio: Termini per la presentazione delle domande<\/h3>\n<p><strong>L&#8217;Avviso Pubblico prevede due distinte finestre temporali per l&#8217;invio delle richieste:<\/strong><br \/>\n1\u00aa Finestra: Dalle ore 00:00 del 2 settembre 2026 successivo alla pubblicazione dell&#8217;avviso fino alle ore 00:00 del 30 settembre 2026<br \/>\n2\u00aa Finestra: Dalle ore 00:00 del 1\u00b0 ottobre 2026 fino alle ore 00:00 del 31 ottobre 2026.<\/p>\n<p>\u201cCon l&#8217;approvazione di questo atto mettiamo a disposizione delle famiglie del nostro territorio e dei comuni del nostro Ambito risposte concrete e risorse economiche immediate. Il Buono Servizio rappresenta un presidio di dignit\u00e0 e inclusione sociale: <strong>lavoriamo quotidianamente affinch\u00e9 le persone con disabilit\u00e0, gli anziani, i minori<\/strong> e chi vive momenti di forte difficolt\u00e0 economica non rimangano mai soli, garantendo loro l&#8217;accesso alle giuste strutture socio-assistenziali e un supporto reale nelle loro esigenze di cura quotidiane.&#8221; Cos\u00ec dichiara in una nota <strong>l&#8217;Assessore alle Politiche Sociali, Pino Belcastro.<\/strong><\/p>\n<p>Belcastro, infine, ringrazia i comuni dell\u2019ambito per la collaborazione, i nostri dipendenti, gli esperti e la dirigente per l\u2019ottimo lavoro svolto. L&#8217;Avviso Pubblico e l<strong>a relativa modulistica sono consultabili e scaricabili dall&#8217;Albo Pretorio online del Comune di San Giovanni in Fiore.<\/strong><\/p>\n","protected":false},"excerpt":{"rendered":"<p>L\u2019Ambito Territoriale Sociale n. 3, con San Giovanni in Fiore come Comune capofila, mette a disposizione 95mila euro per sostenere l\u2019accesso ai servizi socio-assistenziali<\/p>\n","protected":false},"author":58,"featured_media":262256,"comment_status":"closed","ping_status":"closed","sticky":false,"template":"","format":"standard","meta":{"_acf_changed":false,"footnotes":"","jetpack_publicize_message":"","jetpack_publicize_feature_enabled":true,"jetpack_social_post_already_shared":true,"jetpack_social_options":{"image_generator_settings":{"template":"highway","default_image_id":0,"font":"","enabled":false},"version":2}},"categories":[28],"tags":[],"class_list":["post-302190","post","type-post","status-publish","format-standard","has-post-thumbnail","hentry","category-provincia"],"acf":[],"jetpack_publicize_connections":[],"_links":{"self":[{"href":"https:\/\/quicosenza.it\/news\/wp-json\/wp\/v2\/posts\/302190","targetHints":{"allow":["GET"]}}],"collection":[{"href":"https:\/\/quicosenza.it\/news\/wp-json\/wp\/v2\/posts"}],"about":[{"href":"https:\/\/quicosenza.it\/news\/wp-json\/wp\/v2\/types\/post"}],"author":[{"embeddable":true,"href":"https:\/\/quicosenza.it\/news\/wp-json\/wp\/v2\/users\/58"}],"replies":[{"embeddable":true,"href":"https:\/\/quicosenza.it\/news\/wp-json\/wp\/v2\/comments?post=302190"}],"version-history":[{"count":0,"href":"https:\/\/quicosenza.it\/news\/wp-json\/wp\/v2\/posts\/302190\/revisions"}],"wp:featuredmedia":[{"embeddable":true,"href":"https:\/\/quicosenza.it\/news\/wp-json\/wp\/v2\/media\/262256"}],"wp:attachment":[{"href":"https:\/\/quicosenza.it\/news\/wp-json\/wp\/v2\/media?parent=302190"}],"wp:term":[{"taxonomy":"category","embeddable":true,"href":"https:\/\/quicosenza.it\/news\/wp-json\/wp\/v2\/categories?post=302190"},{"taxonomy":"post_tag","embeddable":true,"href":"https:\/\/quicosenza.it\/news\/wp-json\/wp\/v2\/tags?post=302190"}],"curies":[{"name":"wp","href":"https:\/\/api.w.org\/{rel}","templated":true}]}}