{"id":302214,"date":"2026-09-02T08:56:20","date_gmt":"2026-09-02T06:56:20","guid":{"rendered":"https:\/\/quicosenza.it\/news\/?p=302214"},"modified":"2026-09-02T08:57:52","modified_gmt":"2026-09-02T06:57:52","slug":"maria-santandrea-frascineto-stop-caccia","status":"publish","type":"post","link":"https:\/\/quicosenza.it\/news\/maria-santandrea-frascineto-stop-caccia\/","title":{"rendered":"Le ricerche di Maria Santandrea, Comuni di Frascineto e Castrovillari \u00abstop alla caccia nelle aree delle operazioni\u00bb"},"content":{"rendered":"<p>FRASCINETO (CS) &#8211; Sono ancora senza esito le ricerche di <a href=\"https:\/\/quicosenza.it\/news\/maria-santandrea-scomparsa-78enne-di-frascineto\/\"><strong>Maria Santandrea<\/strong><\/a>, la 78enne di Frascineto della quale non si hanno notizie da gioved\u00ec pomeriggio. La scomparsa \u00e8 stata denunciata dai familiari e, da allora, \u00e8 stato attivato un imponente dispositivo per cercare di rintracciare la donna. <strong>L\u2019ultimo avvistamento segnalato risale alla zona di Conca del Re, nei pressi della Casa Circondariale di Castrovillari.<\/strong><\/p>\n<p><img loading=\"lazy\" decoding=\"async\" class=\"aligncenter wp-image-158277\" src=\"https:\/\/quicosenza.it\/news\/wp-content\/uploads\/2022\/12\/soccorso-alpino-ricerche-900x600-1-1.jpg\" alt=\"ricerche frascineto maria\" width=\"558\" height=\"345\" title=\"\" srcset=\"https:\/\/quicosenza.it\/news\/wp-content\/uploads\/2022\/12\/soccorso-alpino-ricerche-900x600-1-1.jpg 970w, https:\/\/quicosenza.it\/news\/wp-content\/uploads\/2022\/12\/soccorso-alpino-ricerche-900x600-1-1-300x186.jpg 300w, https:\/\/quicosenza.it\/news\/wp-content\/uploads\/2022\/12\/soccorso-alpino-ricerche-900x600-1-1-768x475.jpg 768w\" sizes=\"auto, (max-width: 558px) 100vw, 558px\" \/><\/p>\n<p>Nelle operazioni sono impegnati Carabinieri e Carabinieri Forestali, Vigili del Fuoco, anche con l\u2019impiego di un elicottero e delle unit\u00e0 cinofile, Guardia di Finanza, Soccorso Alpino e Protezione Civile. Alle squadre impegnate nelle perlustrazioni a terra si affiancano i volontari e i droni, utilizzati per ampliare l\u2019area sottoposta a controllo e verificare anche le zone pi\u00f9 difficili da raggiungere.<\/p>\n<h3>Frascineto e Castrovillari, sospesa l\u2019attivit\u00e0 venatoria<\/h3>\n<p>Intanto i Comuni di Castrovillari e di <a href=\"https:\/\/www.facebook.com\/frascineto.cs\/\" rel=\"noopener\">Frascineto<\/a> hanno comunicato la <strong>sospensione dell\u2019attivit\u00e0 venatoria<\/strong> nelle aree interessate dalle ricerche, nonostante da <strong>oggi, 2 settembre<\/strong>,<strong> sia prevista l\u2019apertura della stagione di caccia.<\/strong><\/p>\n<p>Sulla pagina social del Comune di <a href=\"https:\/\/www.facebook.com\/profile.php?id=100069365192836\" rel=\"noopener\">Castrovillari<\/a> si informa che &#8220;nonostante dal 2 settembre sia prevista l\u2019apertura della stagione di caccia, l&#8217;attivit\u00e0 venatoria \u00e8 sospesa nelle aree interessate dalle ricerche della Signora Maria Santandrea. La sospensione \u00e8 una <strong>misura fondamentale<\/strong> per consentire a <strong>Forze dell\u2019Ordine, Protezione Civile e Volontari di proseguire le operazioni sul campo in massima sicurezza e senza alcuna interferenza&#8221;.<\/strong><\/p>\n<p><img loading=\"lazy\" decoding=\"async\" class=\"aligncenter wp-image-302035\" src=\"https:\/\/quicosenza.it\/news\/wp-content\/uploads\/2026\/08\/Scomparsa-frascineto-maria-santandrea.webp\" alt=\"Scomparsa-frascineto maria santandrea\" width=\"566\" height=\"399\" title=\"\" srcset=\"https:\/\/quicosenza.it\/news\/wp-content\/uploads\/2026\/08\/Scomparsa-frascineto-maria-santandrea.webp 970w, https:\/\/quicosenza.it\/news\/wp-content\/uploads\/2026\/08\/Scomparsa-frascineto-maria-santandrea-300x212.webp 300w, https:\/\/quicosenza.it\/news\/wp-content\/uploads\/2026\/08\/Scomparsa-frascineto-maria-santandrea-768x542.webp 768w\" sizes=\"auto, (max-width: 566px) 100vw, 566px\" \/><\/p>\n<p>&#8220;La priorit\u00e0 assoluta resta ritrovare la Signora Maria e riportarla a casa dai suoi cari. Invitiamo tutti i cittadini, i cacciatori e le associazioni del territorio alla massima collaborazione e al rigoroso rispetto delle indicazioni fornite dalle autorit\u00e0. \u00a0Non fermiamo le ricerche. Continuiamo a cercarla, insieme&#8221;.<\/p>\n","protected":false},"excerpt":{"rendered":"<p>La 78enne di Frascineto \u00e8 scomparsa da gioved\u00ec pomeriggio. Oggi era prevista la riapertura della stagione di caccia: &#8220;la priorit\u00e0 resta ritrovare la Signora Maria e riportarla a casa&#8221;<\/p>\n","protected":false},"author":42,"featured_media":302034,"comment_status":"closed","ping_status":"closed","sticky":false,"template":"","format":"standard","meta":{"_acf_changed":false,"footnotes":"","jetpack_publicize_message":"","jetpack_publicize_feature_enabled":true,"jetpack_social_post_already_shared":true,"jetpack_social_options":{"image_generator_settings":{"template":"highway","default_image_id":0,"font":"","enabled":false},"version":2}},"categories":[28],"tags":[],"class_list":["post-302214","post","type-post","status-publish","format-standard","has-post-thumbnail","hentry","category-provincia"],"acf":[],"jetpack_publicize_connections":[],"_links":{"self":[{"href":"https:\/\/quicosenza.it\/news\/wp-json\/wp\/v2\/posts\/302214","targetHints":{"allow":["GET"]}}],"collection":[{"href":"https:\/\/quicosenza.it\/news\/wp-json\/wp\/v2\/posts"}],"about":[{"href":"https:\/\/quicosenza.it\/news\/wp-json\/wp\/v2\/types\/post"}],"author":[{"embeddable":true,"href":"https:\/\/quicosenza.it\/news\/wp-json\/wp\/v2\/users\/42"}],"replies":[{"embeddable":true,"href":"https:\/\/quicosenza.it\/news\/wp-json\/wp\/v2\/comments?post=302214"}],"version-history":[{"count":0,"href":"https:\/\/quicosenza.it\/news\/wp-json\/wp\/v2\/posts\/302214\/revisions"}],"wp:featuredmedia":[{"embeddable":true,"href":"https:\/\/quicosenza.it\/news\/wp-json\/wp\/v2\/media\/302034"}],"wp:attachment":[{"href":"https:\/\/quicosenza.it\/news\/wp-json\/wp\/v2\/media?parent=302214"}],"wp:term":[{"taxonomy":"category","embeddable":true,"href":"https:\/\/quicosenza.it\/news\/wp-json\/wp\/v2\/categories?post=302214"},{"taxonomy":"post_tag","embeddable":true,"href":"https:\/\/quicosenza.it\/news\/wp-json\/wp\/v2\/tags?post=302214"}],"curies":[{"name":"wp","href":"https:\/\/api.w.org\/{rel}","templated":true}]}}