{"id":302227,"date":"2026-09-02T11:00:54","date_gmt":"2026-09-02T09:00:54","guid":{"rendered":"https:\/\/quicosenza.it\/news\/?p=302227"},"modified":"2026-09-02T11:09:16","modified_gmt":"2026-09-02T09:09:16","slug":"tragedia-roma-garante-regionale-famiglia","status":"publish","type":"post","link":"https:\/\/quicosenza.it\/news\/tragedia-roma-garante-regionale-famiglia\/","title":{"rendered":"Tragedia di Roma, Garante regionale dei diritti delle persone con disabilit\u00e0: \u00absconfitta per la societ\u00e0\u00bb"},"content":{"rendered":"<p>CATANZARO &#8211; Ernesto Siclari, Garante dei diritti delle persone con disabilit\u00e0 della Regione Calabria definisce &#8220;drammatica la vicenda consumatasi a Roma, dove due genitori si sono tolti la vita insieme alla loro bambina di soli cinque anni affetta da una grave disabilit\u00e0&#8221;. Quanto accaduto &#8220;lascia un profondo senso di angoscia, ma deve soprattutto scuotere le coscienze a ogni livello. Non possiamo derubricare questo dramma a un fatto di cronaca isolato: \u00e8 una tragica e dolorosa sconfitta per la nostra societ\u00e0 e per lo Stato sociale&#8221;.<\/p>\n<p><strong><a href=\"https:\/\/www.consiglioregionale.calabria.it\/portale\/Istituzione\/GaranteDisabilita\/GaranteDisabilita\" rel=\"noopener\">Siclari<\/a>, <\/strong>sottolinea che la Calabria \u00e8 un territorio che ha vissuto in passato episodi drammatici analoghi. &#8220;Dietro questa immane tragedia \u2013 continua il Garante calabrese \u2013 si nasconde il <strong>grido d&#8217;aiuto silenzioso e disperato di migliaia di famiglie<\/strong> che ogni giorno convivono con la disabilit\u00e0 grave o con malattie altamente invalidanti. Essere <strong>caregiver in Italia<\/strong> significa troppo spesso trovarsi in una condizione di totale isolamento sociale, emotivo ed economico. Le famiglie non possono essere lasciate sole a farsi carico di un peso cos\u00ec imponente, fino a esserne schiacciate fisicamente e psicologicamente&#8221;.<\/p>\n<p><img loading=\"lazy\" decoding=\"async\" class=\"aligncenter wp-image-302230\" src=\"https:\/\/quicosenza.it\/news\/wp-content\/uploads\/2026\/09\/Garante-Disabilita-Calabria-Ernesto-Siclari-tragedia-di-roma.jpg\" alt=\"Garante-Disabilita-Calabria-Ernesto-Siclari tragedia di roma\" width=\"472\" height=\"292\" title=\"\" srcset=\"https:\/\/quicosenza.it\/news\/wp-content\/uploads\/2026\/09\/Garante-Disabilita-Calabria-Ernesto-Siclari-tragedia-di-roma.jpg 970w, https:\/\/quicosenza.it\/news\/wp-content\/uploads\/2026\/09\/Garante-Disabilita-Calabria-Ernesto-Siclari-tragedia-di-roma-300x186.jpg 300w, https:\/\/quicosenza.it\/news\/wp-content\/uploads\/2026\/09\/Garante-Disabilita-Calabria-Ernesto-Siclari-tragedia-di-roma-768x475.jpg 768w\" sizes=\"auto, (max-width: 472px) 100vw, 472px\" \/><\/p>\n<h3>La tragedia di Roma e la sfida della Calabria<\/h3>\n<p>Siclari lancia quindi un forte appello alle istituzioni ma anche a tutta la comunit\u00e0, tracciando il quadro delle azioni necessarie sul territorio: \u201c\u00c8 fondamentale che gli enti preposti attuino con maggiore capillarit\u00e0, decisione e tempestivit\u00e0 le tutele previste per chi \u00e8 pi\u00f9 fragile e bisognoso di assistenza continua. Proprio in Calabria, sul fronte normativo, abbiamo fortemente spinto per l&#8217;avvio della sperimentazione della riforma sulla disabilit\u00e0 in tutte le province (Reggio Calabria, <strong>Cosenza<\/strong>, Crotone, Vibo Valentia e Catanzaro), introducendo un <strong>nuovo paradigma<\/strong> che scardina la burocrazia per mettere al centro il &#8220;<strong><a href=\"https:\/\/quicosenza.it\/news\/disabilita-progetto-vita-aiello-persona\/\">progetto di vita<\/a>&#8220;<\/strong> individualizzato della persona\u201d.<\/p>\n<p>\u201cTuttavia, le leggi da sole non bastano se i precetti sanciti non scorrono sui fili di una rete istituzionale vicina alle case dei cittadini. Per combattere la solitudine dei caregiver e contrastare i ritardi che ancora penalizzano la nostra regione sul piano dell&#8217;inclusione, l&#8217;Ufficio di Presidenza del Consiglio regionale ha recentemente approvato un progetto strategico fortemente voluto dal mio Ufficio per il rafforzamento della Rete dei Garanti comunali in Calabria&#8221;.<\/p>\n<p><img loading=\"lazy\" decoding=\"async\" class=\"aligncenter wp-image-302229\" src=\"https:\/\/quicosenza.it\/news\/wp-content\/uploads\/2026\/09\/Garante-Disabilita-Calabria-Ernesto-Siclari-tragedia-di-roma-02.jpg\" alt=\"Garante-Disabilita-Calabria-Ernesto-Siclari tragedia di roma 02\" width=\"493\" height=\"305\" title=\"\" srcset=\"https:\/\/quicosenza.it\/news\/wp-content\/uploads\/2026\/09\/Garante-Disabilita-Calabria-Ernesto-Siclari-tragedia-di-roma-02.jpg 970w, https:\/\/quicosenza.it\/news\/wp-content\/uploads\/2026\/09\/Garante-Disabilita-Calabria-Ernesto-Siclari-tragedia-di-roma-02-300x186.jpg 300w, https:\/\/quicosenza.it\/news\/wp-content\/uploads\/2026\/09\/Garante-Disabilita-Calabria-Ernesto-Siclari-tragedia-di-roma-02-768x475.jpg 768w\" sizes=\"auto, (max-width: 493px) 100vw, 493px\" \/><\/p>\n<p>&#8220;L&#8217;obiettivo \u00e8 proprio quello di creare pres\u00ecdi di prossimit\u00e0 capillari nei Comuni, per non lasciare mai pi\u00f9 soli i nuclei familiari pi\u00f9 vulnerabili. E le istituzioni devono dare risposte strutturali sul piano dei diritti, del potenziamento dei livelli essenziali delle prestazioni sociali e del supporto psicologico. Sempre sul territorio calabrese, \u00e8 importante ricordare che la Regione ha stanziato importanti risorse per istituire \u201cLo psicologo a scuola\u201d, un progetto che consente l\u2019ascolto e l\u2019individuazione della sofferenza e del malessere precocemente\u201d.<\/p>\n<h3>\u201cNessuno deve sentirsi solo\u201d<\/h3>\n<p>&#8220;Non possiamo permettere che il dolore e la disperazione diventino l\u2019ultima voce di una famiglia prima che qualcuno si accorga del suo grido d\u2019aiuto. Noi tutti possiamo fare tanto, partendo da piccoli gesti di attenzione e rispetto. Il livello culturale di una comunit\u00e0 si misura dalla capacit\u00e0 di non lasciare indietro chi \u00e8 pi\u00f9 fragile&#8221;.<\/p>\n<p>&#8220;Oggi pi\u00f9 che mai \u2013 conclude Siclari \u2013 abbiamo il dovere di trasformare questa tragedia in un monito e in un impegno concreto: esserci, ascoltare, sostenere e costruire una rete capace di proteggere davvero le persone e le loro famiglie. Perch\u00e9 nessuno debba sentirsi solo davanti a un dolore cos\u00ec grande&#8221;.<\/p>\n","protected":false},"excerpt":{"rendered":"<p>Dopo la drammatica vicenda che ha coinvolto due genitori e la loro bambina di cinque anni con una grave disabilit\u00e0, il Garante dei diritti delle persone con disabilit\u00e0 della Regione Calabria richiama istituzioni e comunit\u00e0 a un impegno concreto: \u201cTutti dobbiamo fare di pi\u00f9 e meglio\u201d<\/p>\n","protected":false},"author":42,"featured_media":302231,"comment_status":"closed","ping_status":"closed","sticky":false,"template":"","format":"standard","meta":{"_acf_changed":false,"footnotes":"","jetpack_publicize_message":"","jetpack_publicize_feature_enabled":true,"jetpack_social_post_already_shared":true,"jetpack_social_options":{"image_generator_settings":{"template":"highway","default_image_id":0,"font":"","enabled":false},"version":2}},"categories":[17],"tags":[],"class_list":["post-302227","post","type-post","status-publish","format-standard","has-post-thumbnail","hentry","category-calabria"],"acf":[],"jetpack_publicize_connections":[],"_links":{"self":[{"href":"https:\/\/quicosenza.it\/news\/wp-json\/wp\/v2\/posts\/302227","targetHints":{"allow":["GET"]}}],"collection":[{"href":"https:\/\/quicosenza.it\/news\/wp-json\/wp\/v2\/posts"}],"about":[{"href":"https:\/\/quicosenza.it\/news\/wp-json\/wp\/v2\/types\/post"}],"author":[{"embeddable":true,"href":"https:\/\/quicosenza.it\/news\/wp-json\/wp\/v2\/users\/42"}],"replies":[{"embeddable":true,"href":"https:\/\/quicosenza.it\/news\/wp-json\/wp\/v2\/comments?post=302227"}],"version-history":[{"count":0,"href":"https:\/\/quicosenza.it\/news\/wp-json\/wp\/v2\/posts\/302227\/revisions"}],"wp:featuredmedia":[{"embeddable":true,"href":"https:\/\/quicosenza.it\/news\/wp-json\/wp\/v2\/media\/302231"}],"wp:attachment":[{"href":"https:\/\/quicosenza.it\/news\/wp-json\/wp\/v2\/media?parent=302227"}],"wp:term":[{"taxonomy":"category","embeddable":true,"href":"https:\/\/quicosenza.it\/news\/wp-json\/wp\/v2\/categories?post=302227"},{"taxonomy":"post_tag","embeddable":true,"href":"https:\/\/quicosenza.it\/news\/wp-json\/wp\/v2\/tags?post=302227"}],"curies":[{"name":"wp","href":"https:\/\/api.w.org\/{rel}","templated":true}]}}