{"id":302235,"date":"2026-09-02T13:30:49","date_gmt":"2026-09-02T11:30:49","guid":{"rendered":"https:\/\/quicosenza.it\/news\/?p=302235"},"modified":"2026-09-02T12:12:19","modified_gmt":"2026-09-02T10:12:19","slug":"caso-sacca-ryanair-replica-perso-volo","status":"publish","type":"post","link":"https:\/\/quicosenza.it\/news\/caso-sacca-ryanair-replica-perso-volo\/","title":{"rendered":"Caso Sacc\u00e0, Ryanair replica: \u00abmodulo non compilato\u00bb. La compagnia spiega perch\u00e9 ha perso il volo"},"content":{"rendered":"<p>TORINO &#8211; Ryanair interviene sul caso dell\u2019ex atleta paralimpica <a href=\"https:\/\/quicosenza.it\/news\/sedia-rotelle-ex-paralimpica-perde-volo\/\">Patrizia Sacc\u00e0<\/a>, che domenica scorsa, in partenza dall\u2019aeroporto di Torino Caselle per Crotone, ha perso il volo <strong>mentre discuteva sulla batteria al litio che alimenta il ruotino elettrico agganciato alla sua carrozzina<\/strong>.<\/p>\n<h3>Caso Sacc\u00e0, la versione di Ryanair<\/h3>\n<p>Secondo la compagnia, <strong>la passeggera non avrebbe compilato prima del viaggio il modulo richiesto relativo ai dispositivi elettrici<\/strong> per la mobilit\u00e0 ed \u00e8 inoltre arrivata in ritardo presso l\u2019area dedicata all\u2019assistenza. Ryanair specifica inoltre che \u201c<strong>il servizio di Assistenza Speciale \u00e8 fornito all\u2019aeroporto di Torino da un operatore terzo, non da <a href=\"https:\/\/www.ryanair.com\/it\/it\" rel=\"noopener\">Ryanair<\/a>\u201d.<\/p>\n<p><img loading=\"lazy\" decoding=\"async\" class=\"aligncenter  wp-image-256184\" src=\"https:\/\/quicosenza.it\/news\/wp-content\/uploads\/2025\/04\/Ryanair-aereo.jpg\" alt=\"Ryanair decollo\" width=\"564\" height=\"351\" title=\"\" srcset=\"https:\/\/quicosenza.it\/news\/wp-content\/uploads\/2025\/04\/Ryanair-aereo.jpg 970w, https:\/\/quicosenza.it\/news\/wp-content\/uploads\/2025\/04\/Ryanair-aereo-300x187.jpg 300w, https:\/\/quicosenza.it\/news\/wp-content\/uploads\/2025\/04\/Ryanair-aereo-768x478.jpg 768w, https:\/\/quicosenza.it\/news\/wp-content\/uploads\/2025\/04\/Ryanair-aereo-675x420.jpg 675w, https:\/\/quicosenza.it\/news\/wp-content\/uploads\/2025\/04\/Ryanair-aereo-150x93.jpg 150w, https:\/\/quicosenza.it\/news\/wp-content\/uploads\/2025\/04\/Ryanair-aereo-696x433.jpg 696w\" sizes=\"auto, (max-width: 564px) 100vw, 564px\" \/><\/strong><\/p>\n<p>Il giorno dopo la <strong>prenotazione<\/strong> del volo, datata<strong> 16 marzo<\/strong>, Ryanair comunica che \u201calla passeggera \u00e8 <strong>stata inviata un\u2019e-mail con la richiesta di compilare un modulo relativo ai dispositivi elettrici per la mobilit\u00e0<\/strong> (Electric Mobility Device Form), al fine di confermare i dettagli della sua sedia a rotelle. Il modulo specificava che, per poter essere accettata per il trasporto su questo volo, la sedia a rotelle della passeggera doveva rispettare specifici requisiti relativi alla batteria, alle dimensioni e al peso, ma la passeggera non ha risposto a questa richiesta via e-mail\u201d.<\/p>\n<p>La compagnia riferisce poi che \u201cquando la passeggera si \u00e8 presentata al banco check-in dell\u2019aeroporto di Torino, le \u00e8 stato comunicato che il modulo richiesto relativo ai dispositivi elettrici per la mobilit\u00e0 non era stato compilato prima del viaggio e che avrebbe potuto viaggiare con il proprio dispositivo per la mobilit\u00e0. Tuttavia, poich\u00e9 la passeggera \u00e8 arrivata in ritardo presso l\u2019area dedicata all\u2019assistenza, ha perso il volo\u201d.<\/p>\n<p><img loading=\"lazy\" decoding=\"async\" class=\"aligncenter  wp-image-295727\" src=\"https:\/\/quicosenza.it\/news\/wp-content\/uploads\/2026\/06\/Ryanair-Aeroporto-Lamezia-01.jpg\" alt=\"Ryanair \" width=\"545\" height=\"337\" title=\"\" srcset=\"https:\/\/quicosenza.it\/news\/wp-content\/uploads\/2026\/06\/Ryanair-Aeroporto-Lamezia-01.jpg 970w, https:\/\/quicosenza.it\/news\/wp-content\/uploads\/2026\/06\/Ryanair-Aeroporto-Lamezia-01-300x186.jpg 300w, https:\/\/quicosenza.it\/news\/wp-content\/uploads\/2026\/06\/Ryanair-Aeroporto-Lamezia-01-768x475.jpg 768w\" sizes=\"auto, (max-width: 545px) 100vw, 545px\" \/><\/p>\n<h3>La riprotezione<\/h3>\n<p>Sacc\u00e0 ha successivamente compilato il modulo richiesto per il volo di ritorno, che \u00e8 stato approvato. Dopo la perdita del volo, la passeggera \u00e8 stata quindi riprotetta, secondo quanto comunica Ryanair, \u201csul primo volo disponibile da <strong>Torino a Lamezia Terme del 30 agosto<\/strong>\u201d. La compagnia, con la propria nota, fornisce dunque la sua ricostruzione dell\u2019accaduto, attribuendo la perdita del volo alla<strong> mancata compilazione preventiva della documentazione<\/strong> richiesta e al ritardo nel raggiungere l\u2019area dedicata all\u2019assistenza.<\/p>\n","protected":false},"excerpt":{"rendered":"<p>La compagnia interviene sulla vicenda dell\u2019ex atleta paralimpica Patrizia Sacc\u00e0, che domenica scorsa avrebbe dovuto volare da Torino Caselle a Crotone. Al centro della contestazione la batteria al litio del ruotino elettrico collegato alla carrozzina<\/p>\n","protected":false},"author":42,"featured_media":302158,"comment_status":"closed","ping_status":"closed","sticky":false,"template":"","format":"standard","meta":{"_acf_changed":false,"footnotes":"","jetpack_publicize_message":"","jetpack_publicize_feature_enabled":true,"jetpack_social_post_already_shared":true,"jetpack_social_options":{"image_generator_settings":{"template":"highway","default_image_id":0,"font":"","enabled":false},"version":2}},"categories":[17],"tags":[],"class_list":["post-302235","post","type-post","status-publish","format-standard","has-post-thumbnail","hentry","category-calabria"],"acf":[],"jetpack_publicize_connections":[],"_links":{"self":[{"href":"https:\/\/quicosenza.it\/news\/wp-json\/wp\/v2\/posts\/302235","targetHints":{"allow":["GET"]}}],"collection":[{"href":"https:\/\/quicosenza.it\/news\/wp-json\/wp\/v2\/posts"}],"about":[{"href":"https:\/\/quicosenza.it\/news\/wp-json\/wp\/v2\/types\/post"}],"author":[{"embeddable":true,"href":"https:\/\/quicosenza.it\/news\/wp-json\/wp\/v2\/users\/42"}],"replies":[{"embeddable":true,"href":"https:\/\/quicosenza.it\/news\/wp-json\/wp\/v2\/comments?post=302235"}],"version-history":[{"count":0,"href":"https:\/\/quicosenza.it\/news\/wp-json\/wp\/v2\/posts\/302235\/revisions"}],"wp:featuredmedia":[{"embeddable":true,"href":"https:\/\/quicosenza.it\/news\/wp-json\/wp\/v2\/media\/302158"}],"wp:attachment":[{"href":"https:\/\/quicosenza.it\/news\/wp-json\/wp\/v2\/media?parent=302235"}],"wp:term":[{"taxonomy":"category","embeddable":true,"href":"https:\/\/quicosenza.it\/news\/wp-json\/wp\/v2\/categories?post=302235"},{"taxonomy":"post_tag","embeddable":true,"href":"https:\/\/quicosenza.it\/news\/wp-json\/wp\/v2\/tags?post=302235"}],"curies":[{"name":"wp","href":"https:\/\/api.w.org\/{rel}","templated":true}]}}