{"id":302256,"date":"2026-09-05T17:30:02","date_gmt":"2026-09-05T15:30:02","guid":{"rendered":"https:\/\/quicosenza.it\/news\/?p=302256"},"modified":"2026-09-05T16:54:07","modified_gmt":"2026-09-05T14:54:07","slug":"morano-calabro-sentier-san-piergiorgio-frassati","status":"publish","type":"post","link":"https:\/\/quicosenza.it\/news\/morano-calabro-sentier-san-piergiorgio-frassati\/","title":{"rendered":"A Morano Calabro un sentiero intitolato a San Piergiorgio Frassati: 2 appuntamenti fra fede e impegno civile"},"content":{"rendered":"<p>MORANO CALABRO (CS) &#8211; Domani, domenica 6 settembre, per il borgo del Pollino sar\u00e0 una<strong> giornata di fede e impegno civile,<\/strong> con le voci della Chiesa, delle Istituzioni e dell&#8217;Associazionismo. Il tracciato che da Via Santa Sofia (Rione Cozzo) conduce alle amene alture del Monte Croce (loc. Ariella) avr\u00e0 una sua specifica denominazione: <strong>&#8220;Sentiero San Frassati&#8221;.<\/strong><\/p>\n<p>Un&#8217;intitolazione, quella che si \u00e8 scelta di fare a Morano Calabro che ricorda <strong>Pier Giorgio Frassati,<\/strong> proclamato Santo da Papa Leone XIV nel 2025, noto come modello integerrimo di santit\u00e0 laicale. Una scelta fatto su iniziativa della diocesana Azione Cattolica e\u00a0 con il patrocinio della municipalit\u00e0 locale.<\/p>\n<p><img loading=\"lazy\" decoding=\"async\" class=\"aligncenter  wp-image-274238\" src=\"https:\/\/quicosenza.it\/news\/wp-content\/uploads\/2025\/10\/Morano-Calabro2.jpg\" alt=\"Ri_Abitare Morano\" width=\"500\" height=\"312\" title=\"\" srcset=\"https:\/\/quicosenza.it\/news\/wp-content\/uploads\/2025\/10\/Morano-Calabro2.jpg 970w, https:\/\/quicosenza.it\/news\/wp-content\/uploads\/2025\/10\/Morano-Calabro2-300x187.jpg 300w, https:\/\/quicosenza.it\/news\/wp-content\/uploads\/2025\/10\/Morano-Calabro2-768x479.jpg 768w\" sizes=\"auto, (max-width: 500px) 100vw, 500px\" \/><\/p>\n<h3>Morano Calabro: una giornata con 2 appuntamenti<\/h3>\n<p>La cerimonia si articola in due parti. La prima, con inizio <strong>alle 16.00 nella <a href=\"https:\/\/quicosenza.it\/news\/morano-calabro-presepe-vivente-magia-natale\/\" target=\"_blank\" rel=\"noopener\">chiesa San Bernardino,<\/a><\/strong> tra i siti pi\u00f9 suggestivi del Pollino, crocevia di spiritualit\u00e0 e storia, consiste in una <strong>tavola rotonda<\/strong> moderata dal giornalista Luigi Cristaldi. Apriranno i lavori i saluti del<a href=\"https:\/\/www.facebook.com\/mario.donadio2\" target=\"_blank\" rel=\"noopener\"> <strong>sindaco Mario Donadio<\/strong><\/a> e del presidente diocesano dell&#8217;Azione Cattolica <strong>Pio Paternostro.<\/strong><\/p>\n<p>Seguiranno quattro interventi di rilievo nazionale:<strong> Antonello Sica,<\/strong> ideatore del progetto &#8220;Sentieri Frassati&#8221;, che racconta la rete di questi cammini;<strong> Roberto Falciola,<\/strong> postulatore della Causa di Canonizzazione, testimone della vicenda umana e spirituale di Frassati; <strong>Giuseppe Notarstefano<\/strong>, presidente nazionale Azione Cattolica Italiana, che porter\u00e0 il saluto della pi\u00f9 grande realt\u00e0 aggregativa del laicato cattolico; <strong>S.E. Mons. Francesco Savino,<\/strong> vescovo di Cassano all&#8217;Jonio e vicepresidente della CEI, che restituir\u00e0 una riflessione pastorale sul valore esemplare del giovane santo. La seconda parte della manifestazione si terr\u00e0 in Via Santa Sofia e prevede la scopertura della targa celebrativa.<\/p>\n<h3>Chi era San Piergiorgio Frassati<\/h3>\n<p>La figura di Frassati (1901-1925) continua a parlare con straordinaria attualit\u00e0 alle nuove generazioni e alle comunit\u00e0 ecclesiali. Studente universitario, appassionato di montagna, terziario domenicano, visse la sua fugace parabola terrena aggrappato a Cristo e al suo messaggio, capace di coniugare la preghiera, con una incessante condotta caritativa e un efficace impegno politico-sociale.<\/p>\n<p>La sua esistenza fu breve ma intensa: segnata da una <strong>malattia fulminante<\/strong>, divenne paradigma di<strong> santit\u00e0 &#8220;quotidiana&#8221;,<\/strong> praticata tra i banchi di scuola, i vicoli della periferia torinese e le vette delle Alpi. Proprio il legame con la natura e il camminare faticoso verso l&#8217;alto ispira oggi la dedicazione del sentiero moranese, che assume cos\u00ec il duplice significato di itinerario fisico tra i boschi e metafora di ascesa interiore.<\/p>\n<p>A noi pare, peraltro, che l&#8217;aver scelto Morano Calabro per questo importante appuntamento non sia cosa da poco n\u00e9 una contingenza casuale: il territorio, contraddistinto da una palese vocazione montana e da una forte tradizione religiosa, offre, infatti, lo scenario perfetto per custodire la memoria di Frassati e promuovere il suo insegnamento di fraternit\u00e0 universale.<\/p>\n","protected":false},"excerpt":{"rendered":"<p>MORANO CALABRO (CS) &#8211; Domani, domenica 6 settembre, per il borgo del Pollino sar\u00e0 una giornata di fede e impegno civile, con le voci della Chiesa, delle Istituzioni e dell&#8217;Associazionismo. Il tracciato che da Via Santa Sofia (Rione Cozzo) conduce alle amene alture del Monte Croce (loc. Ariella) avr\u00e0 una sua specifica denominazione: &#8220;Sentiero San [&hellip;]<\/p>\n","protected":false},"author":90,"featured_media":302259,"comment_status":"closed","ping_status":"closed","sticky":false,"template":"","format":"standard","meta":{"_acf_changed":false,"footnotes":"","jetpack_publicize_message":"","jetpack_publicize_feature_enabled":true,"jetpack_social_post_already_shared":true,"jetpack_social_options":{"image_generator_settings":{"template":"highway","default_image_id":0,"font":"","enabled":false},"version":2}},"categories":[28],"tags":[],"class_list":["post-302256","post","type-post","status-publish","format-standard","has-post-thumbnail","hentry","category-provincia"],"acf":[],"jetpack_publicize_connections":[],"_links":{"self":[{"href":"https:\/\/quicosenza.it\/news\/wp-json\/wp\/v2\/posts\/302256","targetHints":{"allow":["GET"]}}],"collection":[{"href":"https:\/\/quicosenza.it\/news\/wp-json\/wp\/v2\/posts"}],"about":[{"href":"https:\/\/quicosenza.it\/news\/wp-json\/wp\/v2\/types\/post"}],"author":[{"embeddable":true,"href":"https:\/\/quicosenza.it\/news\/wp-json\/wp\/v2\/users\/90"}],"replies":[{"embeddable":true,"href":"https:\/\/quicosenza.it\/news\/wp-json\/wp\/v2\/comments?post=302256"}],"version-history":[{"count":0,"href":"https:\/\/quicosenza.it\/news\/wp-json\/wp\/v2\/posts\/302256\/revisions"}],"wp:featuredmedia":[{"embeddable":true,"href":"https:\/\/quicosenza.it\/news\/wp-json\/wp\/v2\/media\/302259"}],"wp:attachment":[{"href":"https:\/\/quicosenza.it\/news\/wp-json\/wp\/v2\/media?parent=302256"}],"wp:term":[{"taxonomy":"category","embeddable":true,"href":"https:\/\/quicosenza.it\/news\/wp-json\/wp\/v2\/categories?post=302256"},{"taxonomy":"post_tag","embeddable":true,"href":"https:\/\/quicosenza.it\/news\/wp-json\/wp\/v2\/tags?post=302256"}],"curies":[{"name":"wp","href":"https:\/\/api.w.org\/{rel}","templated":true}]}}