{"id":302273,"date":"2026-09-02T13:56:47","date_gmt":"2026-09-02T11:56:47","guid":{"rendered":"https:\/\/quicosenza.it\/news\/?p=302273"},"modified":"2026-09-02T13:59:53","modified_gmt":"2026-09-02T11:59:53","slug":"iter-via-reggio-calabria-lavori-bretella","status":"publish","type":"post","link":"https:\/\/quicosenza.it\/news\/iter-via-reggio-calabria-lavori-bretella\/","title":{"rendered":"Cosenza, si sblocca l&#8217;iter per via Reggio Calabria: entro poche settimane partir\u00e0 il secondo lotto"},"content":{"rendered":"<p>COSENZA \u2013 Dopo anni di attese e rallentamenti, arriva una svolta per la realizzazione della nuova bretella di Via Reggio Calabria.\u00a0 L\u2019Amministrazione comunale annuncia di essere arrivata alla <strong>fase conclusiva dell\u2019iter burocratico<\/strong> e amministrativo necessario per consentire l\u2019avvio dell\u2019intervento, inserito nel pi\u00f9 ampio programma di riordino e ammodernamento della viabilit\u00e0 urbana.<\/p>\n<h3>Via Reggio Calabria, iter sbloccato<\/h3>\n<p>\u201cSiamo finalmente arrivati alla fase conclusiva dell\u2019iter per la realizzazione della nuova <a href=\"https:\/\/quicosenza.it\/news\/cosenza-la-bretella-di-via-reggio-calabria-per-decongestionare-il-traffico-e-ferma-al-palo\/\"><strong>Via Reggio Calabria<\/strong><\/a>. Un punto di arrivo che ci ha visto superare le tante difficolt\u00e0 burocratico\/amministrative e una serie di problematiche che ne impedivano l\u2019avvio. Un risultato importante per la citt\u00e0 e per la sua viabilit\u00e0, frutto di un lavoro costante e attento che ci ha consentito di definire una vicenda particolarmente complessa che <strong>abbiamo ereditato<\/strong>\u201d.<\/p>\n<p><img loading=\"lazy\" decoding=\"async\" class=\"aligncenter wp-image-240061\" src=\"https:\/\/quicosenza.it\/news\/wp-content\/uploads\/2024\/09\/cosenza-viale-Reggio-calabria.jpg\" alt=\"\" width=\"508\" height=\"313\" title=\"\" srcset=\"https:\/\/quicosenza.it\/news\/wp-content\/uploads\/2024\/09\/cosenza-viale-Reggio-calabria.jpg 973w, https:\/\/quicosenza.it\/news\/wp-content\/uploads\/2024\/09\/cosenza-viale-Reggio-calabria-300x185.jpg 300w, https:\/\/quicosenza.it\/news\/wp-content\/uploads\/2024\/09\/cosenza-viale-Reggio-calabria-768x474.jpg 768w, https:\/\/quicosenza.it\/news\/wp-content\/uploads\/2024\/09\/cosenza-viale-Reggio-calabria-681x420.jpg 681w, https:\/\/quicosenza.it\/news\/wp-content\/uploads\/2024\/09\/cosenza-viale-Reggio-calabria-150x92.jpg 150w, https:\/\/quicosenza.it\/news\/wp-content\/uploads\/2024\/09\/cosenza-viale-Reggio-calabria-696x429.jpg 696w, https:\/\/quicosenza.it\/news\/wp-content\/uploads\/2024\/09\/cosenza-viale-Reggio-calabria-356x220.jpg 356w\" sizes=\"auto, (max-width: 508px) 100vw, 508px\" \/><\/p>\n<h3>La nuova arteria<\/h3>\n<p>La strada parallela a via Popilia, \u00e8 destinata a contribuire allo snellimento del traffico in una zona caratterizzata da una circolazione particolarmente intensa. Tra le principali criticit\u00e0 affrontate <a href=\"https:\/\/www.facebook.com\/comunedicosenzacs\" rel=\"noopener\">dall\u2019Amministrazione<\/a> ci sono state la riapertura <strong>dell\u2019interlocuzione con la ditta<\/strong> <strong>aggiudicataria della gara, risalente<\/strong> <strong>al<\/strong> <a href=\"https:\/\/quicosenza.it\/news\/via-reggio-calabria-incarnato-disastro-ereditato-abbiate-il-coraggio-di-mostrare-il-progetto\/\"><strong>2021<\/strong><\/a>, e il completamento delle procedure di <strong>esproprio<\/strong> di alcune porzioni di territorio.<\/p>\n<h3>Secondo lotto, lavori al via<\/h3>\n<p>\u201cCi siamo trovati di fronte \u2013 sottolinea il sindaco Franz Caruso \u2013 ad una situazione estremamente articolata, una vera e propria matassa amministrativa che abbiamo dovuto dipanare con pazienza e determinazione. La mia Amministrazione, grazie all\u2019assessore Damiano Covelli, che con caparbiet\u00e0 e dedizione ha seguito l\u2019evolversi della situazione, al mio precedente delegato e con il lavoro portato avanti dal dirigente Francesco Azzato che ringraziamo per l\u2019impegno e la professionalit\u00e0 dimostrati, ha superato <strong>ostacoli che sembravano insormontabili<\/strong>\u201d.<\/p>\n<p>\u201cAbbiamo lavorato per ricostruire le condizioni necessarie affinch\u00e9 quest\u2019opera potesse finalmente partire \u2013 prosegue il primo cittadino \u2013 affrontando una dopo l\u2019altra tutte le questioni rimaste irrisolte. Oggi possiamo dire di essere arrivati ad un punto decisivo: entro poche settimane saremo nelle condizioni di avviare i lavori del secondo lotto, mentre porteremo in Consiglio comunale i provvedimenti necessari per consentire di proseguire con il primo lotto\u201d.<\/p>\n<p><img loading=\"lazy\" decoding=\"async\" class=\"aligncenter wp-image-224878\" src=\"https:\/\/quicosenza.it\/news\/wp-content\/uploads\/2024\/03\/bretella-via-Reggio-Calabria.jpg\" alt=\"bretella-via-Reggio-Calabria\" width=\"619\" height=\"383\" title=\"\" srcset=\"https:\/\/quicosenza.it\/news\/wp-content\/uploads\/2024\/03\/bretella-via-Reggio-Calabria.jpg 970w, https:\/\/quicosenza.it\/news\/wp-content\/uploads\/2024\/03\/bretella-via-Reggio-Calabria-300x186.jpg 300w, https:\/\/quicosenza.it\/news\/wp-content\/uploads\/2024\/03\/bretella-via-Reggio-Calabria-768x475.jpg 768w, https:\/\/quicosenza.it\/news\/wp-content\/uploads\/2024\/03\/bretella-via-Reggio-Calabria-150x93.jpg 150w, https:\/\/quicosenza.it\/news\/wp-content\/uploads\/2024\/03\/bretella-via-Reggio-Calabria-696x431.jpg 696w, https:\/\/quicosenza.it\/news\/wp-content\/uploads\/2024\/03\/bretella-via-Reggio-Calabria-679x420.jpg 679w, https:\/\/quicosenza.it\/news\/wp-content\/uploads\/2024\/03\/bretella-via-Reggio-Calabria-356x220.jpg 356w\" sizes=\"auto, (max-width: 619px) 100vw, 619px\" \/><\/p>\n<h3>Le modifiche al viale Parco e la necessit\u00e0 di intervenire<\/h3>\n<p>La bretella assume un&#8217;importanza ancora maggiore alla luce delle trasformazioni <strong>che hanno interessato Viale Parco<\/strong> con la realizzazione <strong>del Parco del Benessere<\/strong>. L&#8217;obiettivo \u00e8 migliorare i collegamenti e rendere pi\u00f9 fluida la circolazione in una delle aree strategiche della citt\u00e0.<\/p>\n<p>\u201cLa necessit\u00e0 di intervenire su Via Reggio Calabria \u2013 evidenzia Franz Caruso \u2013 \u00e8 diventata ancora pi\u00f9 evidente alla luce delle profonde <strong>modifiche che hanno interessato Viale Parco<\/strong>. Per questo riteniamo fondamentale completare un\u2019infrastruttura che pu\u00f2 contribuire in maniera significativa a migliorare la circolazione e a garantire una viabilit\u00e0 pi\u00f9 funzionale e adeguata alle esigenze della citt\u00e0\u201d.<\/p>\n<p>\u201cLa vicenda della bretella di via Reggio Calabria \u2013 <strong>sostengono il sindaco Franz Caruso e l\u2019assessore Damiano Covelli<\/strong> &#8211; che abbiamo trovato fortemente ingarbugliata, abbiamo scelto di affrontarla con determinazione, lavorando in silenzio, senza clamori e senza accuse a quanti in precedenza ne avevano la responsabilit\u00e0. \u00c8, questa, la stessa impostazione che abbiamo seguito per il Parco del Benessere, un\u2019opera che per anni era rimasta sostanzialmente un cantiere, che arrecava danni e a cittadini e residenti, che abbiamo avuto il compito di sbloccare, completare e restituire alla citt\u00e0 con una nuova funzione, decoro e dignit\u00e0&#8221;.<\/p>\n<p><img loading=\"lazy\" decoding=\"async\" class=\"aligncenter  wp-image-302277\" src=\"https:\/\/quicosenza.it\/news\/wp-content\/uploads\/2026\/09\/Franz-Caruso-e-Covelli-via-reggio-calabria-cosenza.jpg\" alt=\"Franz Caruso e Covelli - via reggio calabria cosenza\" width=\"466\" height=\"288\" title=\"\" srcset=\"https:\/\/quicosenza.it\/news\/wp-content\/uploads\/2026\/09\/Franz-Caruso-e-Covelli-via-reggio-calabria-cosenza.jpg 970w, https:\/\/quicosenza.it\/news\/wp-content\/uploads\/2026\/09\/Franz-Caruso-e-Covelli-via-reggio-calabria-cosenza-300x186.jpg 300w, https:\/\/quicosenza.it\/news\/wp-content\/uploads\/2026\/09\/Franz-Caruso-e-Covelli-via-reggio-calabria-cosenza-768x475.jpg 768w\" sizes=\"auto, (max-width: 466px) 100vw, 466px\" \/><\/p>\n<p>&#8220;Adesso si sta procedendo allo stesso modo con Via Reggio Calabria. Apriremo finalmente un cantiere che non \u00e8 mai partito e che, invece, la comunit\u00e0 cosentina attende da tempo e di cui ha bisogno. Non \u00e8 soltanto la realizzazione di un\u2019opera, ma un intervento che si inserisce nella strategia complessiva di riordino e ammodernamento della mobilit\u00e0 urbana che stiamo portando avanti nell\u2019interesse della collettivit\u00e0. Stiamo trasformando situazioni rimaste ferme per anni in opere concrete, con l\u2019obiettivo di rendere Cosenza una citt\u00e0 pi\u00f9 funzionale, accessibile e dotata di una viabilit\u00e0 moderna e pi\u00f9 efficiente\u201d.<\/p>\n","protected":false},"excerpt":{"rendered":"<p>Sbloccato l\u2019iter burocratico e amministrativo per una delle opere attese da anni a Cosenza. Entro poche settimane dovrebbe partire il secondo lotto per via Reggio Calabria, mentre il primo passer\u00e0 dal Consiglio comunale<\/p>\n","protected":false},"author":42,"featured_media":302276,"comment_status":"closed","ping_status":"closed","sticky":false,"template":"","format":"standard","meta":{"_acf_changed":false,"footnotes":"","jetpack_publicize_message":"","jetpack_publicize_feature_enabled":true,"jetpack_social_post_already_shared":true,"jetpack_social_options":{"image_generator_settings":{"template":"highway","default_image_id":0,"font":"","enabled":false},"version":2}},"categories":[563,42],"tags":[],"class_list":["post-302273","post","type-post","status-publish","format-standard","has-post-thumbnail","hentry","category-area-urbana","category-cosenza"],"acf":[],"jetpack_publicize_connections":[],"_links":{"self":[{"href":"https:\/\/quicosenza.it\/news\/wp-json\/wp\/v2\/posts\/302273","targetHints":{"allow":["GET"]}}],"collection":[{"href":"https:\/\/quicosenza.it\/news\/wp-json\/wp\/v2\/posts"}],"about":[{"href":"https:\/\/quicosenza.it\/news\/wp-json\/wp\/v2\/types\/post"}],"author":[{"embeddable":true,"href":"https:\/\/quicosenza.it\/news\/wp-json\/wp\/v2\/users\/42"}],"replies":[{"embeddable":true,"href":"https:\/\/quicosenza.it\/news\/wp-json\/wp\/v2\/comments?post=302273"}],"version-history":[{"count":0,"href":"https:\/\/quicosenza.it\/news\/wp-json\/wp\/v2\/posts\/302273\/revisions"}],"wp:featuredmedia":[{"embeddable":true,"href":"https:\/\/quicosenza.it\/news\/wp-json\/wp\/v2\/media\/302276"}],"wp:attachment":[{"href":"https:\/\/quicosenza.it\/news\/wp-json\/wp\/v2\/media?parent=302273"}],"wp:term":[{"taxonomy":"category","embeddable":true,"href":"https:\/\/quicosenza.it\/news\/wp-json\/wp\/v2\/categories?post=302273"},{"taxonomy":"post_tag","embeddable":true,"href":"https:\/\/quicosenza.it\/news\/wp-json\/wp\/v2\/tags?post=302273"}],"curies":[{"name":"wp","href":"https:\/\/api.w.org\/{rel}","templated":true}]}}