{"id":302274,"date":"2026-09-02T14:30:14","date_gmt":"2026-09-02T12:30:14","guid":{"rendered":"https:\/\/quicosenza.it\/news\/?p=302274"},"modified":"2026-09-02T14:17:00","modified_gmt":"2026-09-02T12:17:00","slug":"caldo-senza-tregua-in-calabria-anticiclone-sett","status":"publish","type":"post","link":"https:\/\/quicosenza.it\/news\/caldo-senza-tregua-in-calabria-anticiclone-sett\/","title":{"rendered":"Caldo senza tregua in Calabria: nuova fiammata africana nel weekend. La fine dell&#8217;incubo? Non prima del 10 settembre"},"content":{"rendered":"<p>COSENZA &#8211; Caldo senza tregua in Calabria e<strong> temperature che restano ancora elevate<\/strong>. Settembre si aperto all&#8217;insegna della continuit\u00e0 con agosto e, nonostante un <strong>temporaneo calo dei valori termici<\/strong>\u00a0rispetto ai <strong>picchi estremi della scorsa settimana,<\/strong> la Calabria resta sotto l&#8217;influenza di un <strong>robusto anticiclone di origine subtropicale,<\/strong> che nei prossimi giorni \u00e8 atteso rinforzarsi ulteriormente. Al momento non ci sono segnali concreti di un cambio di stagione: <strong>il caldo, seppur meno intenso, continuer\u00e0 a farsi sentire a<\/strong>lmeno fino alla met\u00e0 della prossima settimana, con una <strong>nuova impennata delle temperature prevista nel fine settimana.<\/strong><\/p>\n<p><img loading=\"lazy\" decoding=\"async\" class=\"wp-image-44542 aligncenter\" src=\"https:\/\/quicosenza.it\/news\/wp-content\/uploads\/2022\/12\/Meteo-Caldo-africano.jpg\" alt=\"\" width=\"468\" height=\"312\" title=\"\" srcset=\"https:\/\/quicosenza.it\/news\/wp-content\/uploads\/2022\/12\/Meteo-Caldo-africano.jpg 735w, https:\/\/quicosenza.it\/news\/wp-content\/uploads\/2022\/12\/Meteo-Caldo-africano-300x200.jpg 300w\" sizes=\"auto, (max-width: 468px) 100vw, 468px\" \/><\/p>\n<h3><strong>Caldo senza tregua in Calabria: temperature in risalita nel weekend<\/strong><\/h3>\n<p>Non si registreranno i picchi di <a href=\"https:\/\/quicosenza.it\/news\/caldo-infernale-cosenza-soffoca-bolla-africana\/\" target=\"_blank\" rel=\"noopener\">42-44 gradi<\/a> registrati tra gioved\u00ec e domenica, ma le temperature, soprattutto nella Valle del Crati e nelle zone interne della Calabria <strong>potrebbero sfiorare i 39 gradi<\/strong>. A questo si aggiunge <strong>l&#8217;umidit\u00e0 e l&#8217;afa che aumentano la percezione di Caldo<\/strong>. La persistenza del caldo non \u00e8 certo una buona notizia, per un Mar Mediterraneo che presenta temperature superficiali altissime. A complicare il quadro contribuiscono <strong>umidit\u00e0 e afa,<\/strong> che <strong>amplificano la sensazione di calore percepito<\/strong>. Una situazione resa ancora pi\u00f9 critica dalle <strong>temperature marine elevatissime<\/strong> che continuano a caratterizzare il <strong>Mediterraneo, un vero e proprio &#8220;carburante&#8221; per le ondate di calore<\/strong>.<\/p>\n<p>A differenza degli episodi pi\u00f9 recenti, <strong>questa nuova fiammata africana non lascer\u00e0 spazio a un&#8217;Italia divisa in due<\/strong>: il caldo intenso interesser\u00e0 l&#8217;intero Paese, riducendo la variabilit\u00e0 e favorendo condizioni di stabilit\u00e0 diffusa. Da venerd\u00ec 4 settembre, in particolare, l&#8217;anticiclone dovrebbe consolidarsi al punto da inibire quasi del tutto la formazione di temporali pomeridiani.<\/p>\n<h3>Spazio per temporali pomeridiani. Allerta gialla sul Cosentino<\/h3>\n<p>Prima del ritorno dell&#8217;alta pressione pi\u00f9 solida, <strong>la Calabria sta attraversando una fase di transizione,<\/strong> con<strong> correnti nord-occidentali debolmente instabili<\/strong> che stanno restituendo un minimo di dinamismo atmosferico, soprattutto nelle ore centrali e pomeridiane della giornata.\u00a0Nella giornata di ieri si sono gi\u00e0 registrate <strong>precipitazioni sparse, brevi e localizzate,<\/strong> concentrate soprattutto sulle aree interne e montuose. Lo stesso copione dovrebbe ripetersi nelle prossime 48 ore, con il riscaldamento diurno capace di innescare temporali di calore, tipicamente concentrati sui rilievi.<\/p>\n<p><img loading=\"lazy\" decoding=\"async\" class=\"wp-image-302278 aligncenter\" src=\"https:\/\/quicosenza.it\/news\/wp-content\/uploads\/2026\/09\/Allerta-gialla.jpg\" alt=\"Allerta gialla Calabria temporali\" width=\"520\" height=\"433\" title=\"\" srcset=\"https:\/\/quicosenza.it\/news\/wp-content\/uploads\/2026\/09\/Allerta-gialla.jpg 700w, https:\/\/quicosenza.it\/news\/wp-content\/uploads\/2026\/09\/Allerta-gialla-300x250.jpg 300w\" sizes=\"auto, (max-width: 520px) 100vw, 520px\" \/><\/p>\n<p>Per la giornata odierna il rischio resta pi\u00f9 contenuto, mentre domani, gioved\u00ec 3 settembre, le probabilit\u00e0 di fenomeni convettivi aumentano e la protezione Civile Regionale ha diramato un bollettino meteo di <a href=\"https:\/\/pc2.protezionecivilecalabria.it\/api\/alerts\/last-mau\/attachment\" target=\"_blank\" rel=\"noopener\">colore giallo\u00a0<\/a>oggi su<strong> alto Ionio Cosentino e zone interne della Sila<\/strong>, domani anche sull<strong>&#8216;alto Tirreno, zone montuose del Pollino, zone interne dle Cosentino e crotonese.\u00a0<\/strong>Le aree pi\u00f9 esposte a rovesci o temporali localizzati saranno Sila Piccola, Sila crotonese, Pollino e i Monti dell&#8217;Orsomarso, con un&#8217;instabilit\u00e0 potenzialmente pi\u00f9 marcata anche su Serre e Reventino.<\/p>\n<h3><strong>Quando finir\u00e0 davvero il caldo? La svolta non prima del 10 settembre<\/strong><\/h3>\n<p><strong>Solo dopo il 10 settembre le probabilit\u00e0 di un cedimento dell&#8217;anticiclone subtropicale sembrano aumentare<\/strong> in modo significativo, aprendo la strada a possibili infiltrazioni di perturbazioni atlantiche e, questa volta, a un ricambio d&#8217;aria capace di spazzare via definitivamente la bolla calda africana che da settimane avvolge la Calabria e l&#8217;intero Paese. Aria fresca, instabilit\u00e0 e il rischio di fenomeni intensi.<\/p>\n<p>Il prolungarsi di temperature sopra media a fine stagione<strong> alimenta un accumulo di energia atmosferica<\/strong> che gli esperti definiscono potenzialmente &#8220;insidioso&#8221;. Dopo un&#8217;estate segnata da caldo estremo e persistente, non si esclude che le prossime settimane possano riservare fenomeni molto forti, frutto proprio del contrasto tra masse d&#8217;aria calda residua e i primi impulsi di aria fresca in arrivo da nord.<\/p>\n<p>&nbsp;<\/p>\n","protected":false},"excerpt":{"rendered":"<p>Anticiclone africano ancora protagonista del tempo e del caldo con temperature fino a 39\u00b0C nella Valle del Crati e nelle zone interne della Calabria nel fine settimana. La svolta fresca non arriver\u00e0 prima della seconda decade del mese<\/p>\n","protected":false},"author":55,"featured_media":302279,"comment_status":"closed","ping_status":"closed","sticky":false,"template":"","format":"standard","meta":{"_acf_changed":false,"footnotes":"","jetpack_publicize_message":"","jetpack_publicize_feature_enabled":true,"jetpack_social_post_already_shared":true,"jetpack_social_options":{"image_generator_settings":{"template":"highway","default_image_id":0,"font":"","enabled":false},"version":2}},"categories":[17],"tags":[],"class_list":["post-302274","post","type-post","status-publish","format-standard","has-post-thumbnail","hentry","category-calabria"],"acf":[],"jetpack_publicize_connections":[],"_links":{"self":[{"href":"https:\/\/quicosenza.it\/news\/wp-json\/wp\/v2\/posts\/302274","targetHints":{"allow":["GET"]}}],"collection":[{"href":"https:\/\/quicosenza.it\/news\/wp-json\/wp\/v2\/posts"}],"about":[{"href":"https:\/\/quicosenza.it\/news\/wp-json\/wp\/v2\/types\/post"}],"author":[{"embeddable":true,"href":"https:\/\/quicosenza.it\/news\/wp-json\/wp\/v2\/users\/55"}],"replies":[{"embeddable":true,"href":"https:\/\/quicosenza.it\/news\/wp-json\/wp\/v2\/comments?post=302274"}],"version-history":[{"count":0,"href":"https:\/\/quicosenza.it\/news\/wp-json\/wp\/v2\/posts\/302274\/revisions"}],"wp:featuredmedia":[{"embeddable":true,"href":"https:\/\/quicosenza.it\/news\/wp-json\/wp\/v2\/media\/302279"}],"wp:attachment":[{"href":"https:\/\/quicosenza.it\/news\/wp-json\/wp\/v2\/media?parent=302274"}],"wp:term":[{"taxonomy":"category","embeddable":true,"href":"https:\/\/quicosenza.it\/news\/wp-json\/wp\/v2\/categories?post=302274"},{"taxonomy":"post_tag","embeddable":true,"href":"https:\/\/quicosenza.it\/news\/wp-json\/wp\/v2\/tags?post=302274"}],"curies":[{"name":"wp","href":"https:\/\/api.w.org\/{rel}","templated":true}]}}