{"id":302292,"date":"2026-09-02T17:27:44","date_gmt":"2026-09-02T15:27:44","guid":{"rendered":"https:\/\/quicosenza.it\/news\/?p=302292"},"modified":"2026-09-02T17:27:44","modified_gmt":"2026-09-02T15:27:44","slug":"mare-calabria-occhiuto-acque-mala-depurazione","status":"publish","type":"post","link":"https:\/\/quicosenza.it\/news\/mare-calabria-occhiuto-acque-mala-depurazione\/","title":{"rendered":"Mare in Calabria, Occhiuto: \u00abIl 97% delle acque \u00e8 balneabile. Abbiamo sconfitto la mala depurazione\u00bb"},"content":{"rendered":"<p>CATANZARO <strong>&#8211; La mala depurazione si pu\u00f2 combattere. Lo ha ribadito ancora una volta il Governatore Roberto Occhiuto ricordando<\/strong>, inoltre, come la Calabria sia stata brava a sconfiggere una delle piaghe ambientali pi\u00f9 feroci della regione mettendo insieme ci\u00f2 che troppo spesso procede separatamente: istituzioni, magistratura, forze dell\u2019ordine e scienza.<\/p>\n<p>\u00c8 un modello di cooperazione \u2013 ha detto &#8211; costruito <strong>in cinque anni che oggi restituisce alla Calabria un mare in condizioni sensibilmente migliori e, soprattutto, un metodo che non pu\u00f2 essere<\/strong> disperso. La dimostrazione arriva anche dai dati ufficiali \u2013 ha fatto eco l\u2019Assessore regionale all\u2019Ambiente, Legalit\u00e0 e Sicurezza Antonio Montuoro \u2013 con <strong>il Ministero che certifica il 97% delle <a href=\"https:\/\/quicosenza.it\/news\/mare-in-calabria-drone-acquatico-schiume-acqua\/\" target=\"_blank\" rel=\"noopener\">acque calabresi balneabili<\/a> e, tra queste, il 93%<\/strong> <strong>classificate come eccellenti.<\/strong> Risultati che premiano una programmazione partita gi\u00e0 nei mesi invernali e che oggi deve continuare senza abbassare la guardia.<\/p>\n<p><img loading=\"lazy\" decoding=\"async\" class=\"aligncenter wp-image-302298 \" src=\"https:\/\/quicosenza.it\/news\/wp-content\/uploads\/2026\/09\/17-MAREDINVERNO-MARCELLINARA-010926-02-1024x682.jpeg\" alt=\"MAREDINVERNO-MARCELLINARA-\" width=\"509\" height=\"339\" title=\"\" srcset=\"https:\/\/quicosenza.it\/news\/wp-content\/uploads\/2026\/09\/17-MAREDINVERNO-MARCELLINARA-010926-02-1024x682.jpeg 1024w, https:\/\/quicosenza.it\/news\/wp-content\/uploads\/2026\/09\/17-MAREDINVERNO-MARCELLINARA-010926-02-300x200.jpeg 300w, https:\/\/quicosenza.it\/news\/wp-content\/uploads\/2026\/09\/17-MAREDINVERNO-MARCELLINARA-010926-02-768x512.jpeg 768w, https:\/\/quicosenza.it\/news\/wp-content\/uploads\/2026\/09\/17-MAREDINVERNO-MARCELLINARA-010926-02-1536x1023.jpeg 1536w, https:\/\/quicosenza.it\/news\/wp-content\/uploads\/2026\/09\/17-MAREDINVERNO-MARCELLINARA-010926-02.jpeg 1600w\" sizes=\"auto, (max-width: 509px) 100vw, 509px\" \/><\/p>\n<p>\u00c8 il leitmotiv che ieri (marted\u00ec 1\u00b0 settembre) a Palazzo Sanseverino di Marcellinara ha accompagnato la<strong> presentazione de <a href=\"https:\/\/www.store.rubbettinoeditore.it\/catalogo\/il-mare-dinverno\/\" target=\"_blank\" rel=\"noopener\">Il Mare d\u2019Inverno<\/a><\/strong>.<strong> Dialogo tra un magistrato e un biologo marino sui crimini ambientali, scritto dal Procuratore della Repubblica di Potenza Camillo Falvo e dal biologo marino e Ordinario di Ecologia all\u2019Universit\u00e0 di Scienze Gastronomiche di Pollenzo, Silvio Greco.<\/strong><\/p>\n<p><img loading=\"lazy\" decoding=\"async\" class=\"aligncenter wp-image-302295 \" src=\"https:\/\/quicosenza.it\/news\/wp-content\/uploads\/2026\/09\/7-MAREDINVERNO-MARCELLINARA-010926-03-1024x682.jpeg\" alt=\"maladepurazione -MAREDINVERNO-MARCELLINARA\" width=\"449\" height=\"299\" title=\"\" srcset=\"https:\/\/quicosenza.it\/news\/wp-content\/uploads\/2026\/09\/7-MAREDINVERNO-MARCELLINARA-010926-03-1024x682.jpeg 1024w, https:\/\/quicosenza.it\/news\/wp-content\/uploads\/2026\/09\/7-MAREDINVERNO-MARCELLINARA-010926-03-300x200.jpeg 300w, https:\/\/quicosenza.it\/news\/wp-content\/uploads\/2026\/09\/7-MAREDINVERNO-MARCELLINARA-010926-03-768x512.jpeg 768w, https:\/\/quicosenza.it\/news\/wp-content\/uploads\/2026\/09\/7-MAREDINVERNO-MARCELLINARA-010926-03-1536x1023.jpeg 1536w, https:\/\/quicosenza.it\/news\/wp-content\/uploads\/2026\/09\/7-MAREDINVERNO-MARCELLINARA-010926-03.jpeg 1600w\" sizes=\"auto, (max-width: 449px) 100vw, 449px\" \/><\/p>\n<p>All\u2019incontro, primo appuntamento della rassegna Incontri d\u2019Autore promossa dalla famiglia Sanseverino, sono intervenuti, insieme al <strong>Presidente Occhiuto e all\u2019Assessore Montuoro, anche il Sottosegretario di Stato al Ministero dell\u2019Interno Wanda Ferro, il Direttore Generale dell\u2019Ente Parchi Marini Regionali Raffaele Greco e il Direttore Generale del Dipartimento Ambiente della Regione Calabria Salvatore Siviglia.<\/strong> A moderare il confronto Emilia Manfredi, Dottore di Ricerca in Intelligenza Artificiale e Ingegnere per l\u2019Ambiente e il Territorio, che ha sottolineato il senso della nuova rassegna: mettere in relazione la forza identitaria e la storia di Palazzo Sanseverino con i temi e gli autori della letteratura contemporanea.<\/p>\n<p>Diverse le personalit\u00e0 presenti, dal Prefetto di Catanzaro Clemente di Nuzzo al Questore Giuseppe Linares, dal Comandante dei Carabinieri Tenente Colonnello Giovanni Burgio ai vertici della Guardia di Finanza, fino ai sindaci del territorio, tra gli altri, quello di Settingiano, Antonello Formica di Tiriolo, Mimmo Greco e di Amato, Saverio Ruga.<\/p>\n<p><img loading=\"lazy\" decoding=\"async\" class=\"aligncenter wp-image-302296 \" src=\"https:\/\/quicosenza.it\/news\/wp-content\/uploads\/2026\/09\/4-MAREDINVERNO-MARCELLINARA-010926-14.jpeg\" alt=\"\" width=\"525\" height=\"350\" title=\"\" srcset=\"https:\/\/quicosenza.it\/news\/wp-content\/uploads\/2026\/09\/4-MAREDINVERNO-MARCELLINARA-010926-14.jpeg 1600w, https:\/\/quicosenza.it\/news\/wp-content\/uploads\/2026\/09\/4-MAREDINVERNO-MARCELLINARA-010926-14-300x200.jpeg 300w, https:\/\/quicosenza.it\/news\/wp-content\/uploads\/2026\/09\/4-MAREDINVERNO-MARCELLINARA-010926-14-1024x682.jpeg 1024w, https:\/\/quicosenza.it\/news\/wp-content\/uploads\/2026\/09\/4-MAREDINVERNO-MARCELLINARA-010926-14-768x512.jpeg 768w, https:\/\/quicosenza.it\/news\/wp-content\/uploads\/2026\/09\/4-MAREDINVERNO-MARCELLINARA-010926-14-1536x1023.jpeg 1536w\" sizes=\"auto, (max-width: 525px) 100vw, 525px\" \/><\/p>\n<h3><strong>Occhiuto: &#8220;la Regione ha avuto il coraggio di metterci la faccia&#8221;<\/strong><\/h3>\n<p>Insieme a loro e insieme alla Regione hanno dimostrato che la mala depurazione si pu\u00f2 combattere. &#8211; Occhiuto ha riconosciuto nell\u2019azione investigativa portata avanti da Falvo uno stimolo determinante e nel contributo scientifico di Silvio Greco uno degli elementi decisivi del percorso. Una scelta, quella regionale, non priva di responsabilit\u00e0: Ci vuole coraggio \u2013 ha ricordato il Governatore \u2013 perch\u00e9 la Regione ci ha messo la faccia pur essendo la gestione dei depuratori una competenza dei Comuni. <strong>Da qui il valore di un\u2019esperienza che consente oggi alla Calabria di proporsi come modello anche sul terreno della tutela ambientale<\/strong>.<\/p>\n<h3><strong>Montuoro: &#8220;Fondamentale il lavoro nei mesi invernali&#8221;<\/strong><\/h3>\n<p>Per l\u2019Assessore regionale all\u2019Ambiente proprio<strong> il lavoro avviato nei mesi invernali ha consentito alla Regione di programmare per tempo gli interventi e di arrivare alla stagione balneare con risultati oggi certificati anche a livello nazionale<\/strong>. Quando il Presidente Occhiuto mi ha affidato la delega all\u2019Ambiente il lavoro \u2013 ha ricordato Montuoro \u2013 \u00e8 cominciato subito, senza aspettare l\u2019estate. Una scelta che ha permesso di registrare quest\u2019anno un miglioramento sostanziale della qualit\u00e0 delle acque di balneazione.<\/p>\n<p>Per Montuoro, per\u00f2, il dato pi\u00f9 importante resta il metodo: la grande sinergia istituzionale costruita con Procure e Forze dell\u2019Ordine consente oggi di garantire maggiore presenza sui territori e maggiore efficacia nell\u2019azione quotidiana di tutela. Ed \u00e8 proprio<strong> Il Mare d\u2019Inverno,<\/strong> mettendo insieme due percorsi professionali profondamente diversi come quelli di un magistrato e di un biologo marino, a consegnare un messaggio netto: all\u2019azione istituzionale deve essere affiancata la conoscenza scientifica, perch\u00e9 soltanto integrando competenze differenti \u00e8 possibile rendere pi\u00f9 incisiva la difesa dello straordinario patrimonio naturalistico calabrese.<\/p>\n<p><img loading=\"lazy\" decoding=\"async\" class=\"aligncenter wp-image-302297 \" src=\"https:\/\/quicosenza.it\/news\/wp-content\/uploads\/2026\/09\/14-MAREDINVERNO-MARCELLINARA-010926-08-1024x682.jpeg\" alt=\"\" width=\"534\" height=\"356\" title=\"\" srcset=\"https:\/\/quicosenza.it\/news\/wp-content\/uploads\/2026\/09\/14-MAREDINVERNO-MARCELLINARA-010926-08-1024x682.jpeg 1024w, https:\/\/quicosenza.it\/news\/wp-content\/uploads\/2026\/09\/14-MAREDINVERNO-MARCELLINARA-010926-08-300x200.jpeg 300w, https:\/\/quicosenza.it\/news\/wp-content\/uploads\/2026\/09\/14-MAREDINVERNO-MARCELLINARA-010926-08-768x512.jpeg 768w, https:\/\/quicosenza.it\/news\/wp-content\/uploads\/2026\/09\/14-MAREDINVERNO-MARCELLINARA-010926-08-1536x1023.jpeg 1536w, https:\/\/quicosenza.it\/news\/wp-content\/uploads\/2026\/09\/14-MAREDINVERNO-MARCELLINARA-010926-08.jpeg 1600w\" sizes=\"auto, (max-width: 534px) 100vw, 534px\" \/><\/p>\n<h3><strong>Procuratore Falvo: &#8220;Oggi risultati che non vedevamo da anni&#8221;<\/strong><\/h3>\n<p>\u00c8 proprio dalla collaborazione tra competenze differenti che nasce Il Mare d\u2019Inverno. La speranza \u2013 ha spiegato Camillo Falvo \u2013 \u00e8 che<strong> la diffusione e la lettura di questo libro possano contribuire a far crescere la cultura del rispetto per l\u2019ambiente e per il mare.<\/strong> Un\u2019esperienza che il Procuratore auspica possa continuare ad essere replicata, alla luce di risultati che, a suo giudizio, nell\u2019ultima stagione sono apparsi particolarmente evidenti, con condizioni del mare che non si osservavano da almeno cinque o sei anni.<\/p>\n<h3><strong>Silvio Greco: &#8220;Il mare pulito di questa estate non \u00e8 un punto d&#8217;arrivo<\/strong><\/h3>\n<p>Ma il miglioramento non autorizza ad abbassare la guardia. \u00c8 il biologo marino Silvio Greco a riportare il confronto sulla responsabilit\u00e0 collettiva. Il percorso avviato cinque anni fa, ha ricordato, ha potuto contare sulla scelta del Presidente Occhiuto di porre il mare tra le priorit\u00e0 regionali e sull\u2019azione delle Procure, a partire da quelle allora guidate da Camillo Falvo a Vibo Valentia e Salvatore Curcio a Lamezia Terme, dei Prefetti, delle Forze dell\u2019Ordine e degli uffici regionali, insieme alle risorse investite dalla Regione.<\/p>\n<p><img loading=\"lazy\" decoding=\"async\" class=\"aligncenter wp-image-302300 \" src=\"https:\/\/quicosenza.it\/news\/wp-content\/uploads\/2026\/09\/13-MAREDINVERNO-MARCELLINARA-010926-07-1024x682.jpeg\" alt=\"silvio greco mare\" width=\"494\" height=\"329\" title=\"\" srcset=\"https:\/\/quicosenza.it\/news\/wp-content\/uploads\/2026\/09\/13-MAREDINVERNO-MARCELLINARA-010926-07-1024x682.jpeg 1024w, https:\/\/quicosenza.it\/news\/wp-content\/uploads\/2026\/09\/13-MAREDINVERNO-MARCELLINARA-010926-07-300x200.jpeg 300w, https:\/\/quicosenza.it\/news\/wp-content\/uploads\/2026\/09\/13-MAREDINVERNO-MARCELLINARA-010926-07-768x512.jpeg 768w, https:\/\/quicosenza.it\/news\/wp-content\/uploads\/2026\/09\/13-MAREDINVERNO-MARCELLINARA-010926-07-1536x1023.jpeg 1536w, https:\/\/quicosenza.it\/news\/wp-content\/uploads\/2026\/09\/13-MAREDINVERNO-MARCELLINARA-010926-07.jpeg 1600w\" sizes=\"auto, (max-width: 494px) 100vw, 494px\" \/><\/p>\n<p>Il dato indicato da Silvio Greco sposta per\u00f2 una parte importante della responsabilit\u00e0 direttamente sulla societ\u00e0 calabrese:<strong> la depurazione inciderebbe per il 42% sul complesso delle criticit\u00e0 che interessano il mare, mentre il restante 58% chiama in causa attivit\u00e0 e comportamenti legati anche ai settori produttivi, turistici e agricoli<\/strong>. Per questo &#8211; ha sottolineato &#8211; <strong>ogni attivit\u00e0 economica deve assumere il costo del disinquinamento e dei necessari sistemi depurativi come parte integrante della propria organizzazione<\/strong>. Il fatto che quest\u2019anno il mare sia stato quello che \u00e8 stato non significa che la storia sia finita: \u00e8 iniziata ora ed \u00e8 iniziata bene. Disperdere il capitale di collaborazione costruito negli ultimi cinque anni rappresenterebbe una sconfitta non soltanto ambientale, perch\u00e9 dall\u2019efficienza dell\u2019ecosistema marino dipende direttamente la qualit\u00e0 della vita dell\u2019uomo.<\/p>\n<h3><strong>Greco (EPMR): &#8220;In aree critiche osserviamo netta inversione di tendenza&#8221;<\/strong><\/h3>\n<p>A confermare il cambio di scenario \u00e8 stato il Direttore Generale dell\u2019Ente Parchi Marini Regionali (EPMR) della Calabria, Raffaele Greco. Il lavoro raccontato nel volume &#8211; ha spiegato &#8211; offre l\u2019occasione per misurare il cambiamento intervenuto nella contaminazione delle acque marine calabresi. Dopo circa cinque anni di attivit\u00e0 sviluppate dentro la visione impressa dalla Presidenza regionale, nell\u2019estate appena trascorsa sono stati registrati sensibili miglioramenti e, <strong>soprattutto in alcune aree precedentemente considerate critich<\/strong>e, comprese quelle ricadenti nei Parchi Marini Regionali, una netta inversione di tendenza.<\/p>\n<h3><strong>Ferro: &#8220;Il mare va difeso quando le spiagge si svuotano&#8221;<\/strong><\/h3>\n<p>Il significato stesso del titolo del libro \u00e8 stato posto al centro dell\u2019intervento del Sottosegretario Wanda Ferro. Difendere il mare d\u2019inverno \u2013 ha precisato &#8211; significa non lasciare che l\u2019attenzione sulla legalit\u00e0 ambientale diminuisca quando finisce l\u2019estate e le spiagge si svuotano, proprio nei periodi nei quali possono consumarsi condotte illecite lontano dall\u2019attenzione generale.<\/p>\n<h3><strong>Da Palazzo Sanseverino un uno spazio al confronto\u00a0<\/strong><\/h3>\n<p><strong>La serata ha inaugurato anche la rassegna Incontri d\u2019Autore, attraverso la quale Palazzo Sanseverino intende aprire i propri spazi al confronto sui grandi temi contemporanei.<\/strong> Una scelta che mette in dialogo contenuti e luogo: l\u2019antico castello medievale quattrocentesco, restaurato in stile neoclassico dopo il terremoto del 1783, domina la Sella di Marcellinara, nel punto pi\u00f9 stretto dell\u2019Europa continentale, e custodisce pavimenti settecenteschi in maiolica policroma napoletana, opere a tema mitologico e naturalistico, dipinti del Seicento napoletano e la scenografica scala in marmo verde di Calabria che il viaggiatore francese Fran\u00e7ois Lenormant defin\u00ec un lusso pi\u00f9 che regale. \u00c8 da questo presidio di storia e bellezza che prende il via una rassegna pensata per fare del patrimonio non soltanto qualcosa da contemplare, ma uno spazio nel quale continuare a produrre cultura.<\/p>\n","protected":false},"excerpt":{"rendered":"<p>Il 97% delle acque calabresi \u00e8 oggi balneabile e il 93% raggiunge la classificazione di eccellenza: risultati che, secondo Regione e tecnici, segnano una netta inversione di tendenza nella lotta alla mala depurazione<\/p>\n","protected":false},"author":58,"featured_media":302301,"comment_status":"closed","ping_status":"closed","sticky":false,"template":"","format":"standard","meta":{"_acf_changed":false,"footnotes":"","jetpack_publicize_message":"","jetpack_publicize_feature_enabled":true,"jetpack_social_post_already_shared":true,"jetpack_social_options":{"image_generator_settings":{"template":"highway","default_image_id":0,"font":"","enabled":false},"version":2}},"categories":[17],"tags":[],"class_list":["post-302292","post","type-post","status-publish","format-standard","has-post-thumbnail","hentry","category-calabria"],"acf":[],"jetpack_publicize_connections":[],"_links":{"self":[{"href":"https:\/\/quicosenza.it\/news\/wp-json\/wp\/v2\/posts\/302292","targetHints":{"allow":["GET"]}}],"collection":[{"href":"https:\/\/quicosenza.it\/news\/wp-json\/wp\/v2\/posts"}],"about":[{"href":"https:\/\/quicosenza.it\/news\/wp-json\/wp\/v2\/types\/post"}],"author":[{"embeddable":true,"href":"https:\/\/quicosenza.it\/news\/wp-json\/wp\/v2\/users\/58"}],"replies":[{"embeddable":true,"href":"https:\/\/quicosenza.it\/news\/wp-json\/wp\/v2\/comments?post=302292"}],"version-history":[{"count":0,"href":"https:\/\/quicosenza.it\/news\/wp-json\/wp\/v2\/posts\/302292\/revisions"}],"wp:featuredmedia":[{"embeddable":true,"href":"https:\/\/quicosenza.it\/news\/wp-json\/wp\/v2\/media\/302301"}],"wp:attachment":[{"href":"https:\/\/quicosenza.it\/news\/wp-json\/wp\/v2\/media?parent=302292"}],"wp:term":[{"taxonomy":"category","embeddable":true,"href":"https:\/\/quicosenza.it\/news\/wp-json\/wp\/v2\/categories?post=302292"},{"taxonomy":"post_tag","embeddable":true,"href":"https:\/\/quicosenza.it\/news\/wp-json\/wp\/v2\/tags?post=302292"}],"curies":[{"name":"wp","href":"https:\/\/api.w.org\/{rel}","templated":true}]}}