{"id":302293,"date":"2026-09-02T17:06:49","date_gmt":"2026-09-02T15:06:49","guid":{"rendered":"https:\/\/quicosenza.it\/news\/?p=302293"},"modified":"2026-09-02T17:24:13","modified_gmt":"2026-09-02T15:24:13","slug":"cosenza-calcio-il-mercato-ha-fatto-tabula-rasa","status":"publish","type":"post","link":"https:\/\/quicosenza.it\/news\/cosenza-calcio-il-mercato-ha-fatto-tabula-rasa\/","title":{"rendered":"Cosenza Calcio, il mercato ha fatto tabula rasa: squadra azzerata. Oggi il secondo turno di Coppa Italia contro il Sorrento\u00a0"},"content":{"rendered":"<p>COSENZA &#8211; Cosenza Calcio l&#8217;obiettivo \u00e8 raggiunto! Il mercato estivo, che si \u00e8 chiuso ieri sera allo Sheraton di Milano<em>, <\/em>ci restituisce una fotografia nitida, anche agli occhi dei pi\u00f9 accaniti e inguaribili tifosi. Una squadra, quella che lo scorso anno aveva conquistato i play-off pur tra mille difficolt\u00e0 tecniche e ambientali, veleggiando nelle primissime posizioni per tutto il campionato, \u00e8 stata <strong>letteralmente cancellata<\/strong> nell\u2019ottica societaria <strong>di monetizzare il pi\u00f9 possibile<\/strong> attraverso la cessione dei pezzi pregiati della rosa o <strong>alleggerirsi dei contratti pi\u00f9 onerosi<\/strong>.\u00a0Certo, molti calciatori avevano puntato i piedi<strong> chiedendo di essere ceduti<\/strong>. Ma in un&#8217;altra situazione, con altri obiettivi e un&#8217;altra societ\u00e0, non ci sarebbe stato il fuggi fuggi visto questa estate.<\/p>\n<h3>Da Florenzi e Mazzocchi alle ultime cessioni di Pompei e Zilli<\/h3>\n<p>Missione compiuta anche ieri sera, con le ultime <a href=\"https:\/\/quicosenza.it\/news\/cosenza-calcio-pompei-clemente-zilli-mercato\/\" target=\"_blank\" rel=\"noopener\">due operazioni<\/a> <strong>in uscita<\/strong>: il giovane portiere <strong>Pompei<\/strong> finito all\u2019Atalanta, squadra che fa della sua <strong>cantera<\/strong> e dei giovani un modus operandi che fa invidia a tutta Italia, e l<strong>\u2019attaccante Massimo Zilli<\/strong>, andato allo Spezia che aveva gi\u00e0 preso <strong>Florenzi e Mazzocchi<\/strong>. A loro c\u2019\u00e8 da aggiungere anche <strong>Pietro Ciotti<\/strong>, che ha chiesto e ottenuto la rescissione del contratto e andr\u00e0 a giocare a Casarano. In mezzo, solo per citarne alcuni nomi, le partenze di <strong>Cannav\u00f2, Vettorel, Rizzo Pinna, Kourfalidis, Langella, Garritano, D\u2019Orazio, Baez ed Emmausso<\/strong><em>. <\/em>Della &#8220;vecchia guardia&#8221; sono rimasti solo il <strong>difensore Dametto,<\/strong> il centrocampista <strong>Palmieri<\/strong> (al momento fuori rosa) e <strong>Baldovino Cimino<\/strong>, che ha per\u00f2 saltato tutta la preparazione estiva.<\/p>\n<h3>Squadra rivoluzionata<\/h3>\n<p><strong>Squadra totalmente rivoluzionata<\/strong>, per usare un eufemismo, con il DS Lucioni che ha portato in rossoblu <strong>tanti giovani di belle speranze<\/strong>, qualche profilo interessante e sicuramente di prospettiva (Almaviva su tutti), calciatori \u201c<strong>over\u201d in cerca di rilancio<\/strong> dopo stagioni in chiaro-scuro, diversi elementi che lo scorso anno, pi\u00f9 che correre sul prato verde <strong>hanno scaldato la panchina o le sedie delle tribune<\/strong> e un centrocampista olandese tutto da scoprire.<\/p>\n<p><img loading=\"lazy\" decoding=\"async\" class=\"wp-image-301987 aligncenter\" src=\"https:\/\/quicosenza.it\/news\/wp-content\/uploads\/2026\/08\/Cosenza-Calcio-Potenza2.jpg\" alt=\"Cosenza Calcio Potenza2\" width=\"637\" height=\"400\" title=\"\" srcset=\"https:\/\/quicosenza.it\/news\/wp-content\/uploads\/2026\/08\/Cosenza-Calcio-Potenza2.jpg 970w, https:\/\/quicosenza.it\/news\/wp-content\/uploads\/2026\/08\/Cosenza-Calcio-Potenza2-300x188.jpg 300w, https:\/\/quicosenza.it\/news\/wp-content\/uploads\/2026\/08\/Cosenza-Calcio-Potenza2-768x482.jpg 768w\" sizes=\"auto, (max-width: 637px) 100vw, 637px\" \/><\/p>\n<h3>I giovani e la missione di Coppitelli<\/h3>\n<p>Il buon Coppitelli, che <strong>con i giovani ha sempre lavorato<\/strong>, cos\u00ec come il DS Lucioni, ha accettato la sfida quella di venire a Cosenza, <strong>ben consapevole di cosa lo attendeva<\/strong> con la squadra, che potr\u00e0 tornare (campo permettendo visto come \u00e8 ridotto) a giocare le sue partite interne al Marulla dopo la <a href=\"https:\/\/quicosenza.it\/news\/consiglio-di-stato-cosenza-calcio-marulla-sent\/\" target=\"_blank\" rel=\"noopener\">sentenza del Consiglio di Stato<\/a>, ma <strong>costretta ad allenarsi in Sila<\/strong> per la <strong>mancanza di campi di allenamento<\/strong> e una situazione ambientale che dallo scorso anno ha certificato, nero su bianco, il fallimento della gestione Guarascio-Scalise, rimasti arroccati nel loro castello e nel loro silenzio.<\/p>\n<p>Il tecnico ex Casertana ce la sta mettendo tutta e al netto delle <strong>due sconfitte consecutive<\/strong> arrivate nelle prime due giornate di campionato<strong>, chiede tempo e pazienza<\/strong> per riuscire ad amalgamare una squadra totalmente rinnovata che dall\u2019ultimo giorno di mercato ha visto gli ultimi due innesti: il <strong>portiere Matteo Rizzo<\/strong>\u00a0proveniente dal Campobasso e il <strong>difensore Gianluca Clemente<\/strong>, arrivato dalla Pro Vercelli.<\/p>\n<p><img loading=\"lazy\" decoding=\"async\" class=\"wp-image-300396 aligncenter\" src=\"https:\/\/quicosenza.it\/news\/wp-content\/uploads\/2026\/08\/Coppitelli.png\" alt=\"Federico Coppitelli tecnico Cosenza Calcio allenatore\" width=\"578\" height=\"380\" title=\"\" srcset=\"https:\/\/quicosenza.it\/news\/wp-content\/uploads\/2026\/08\/Coppitelli.png 970w, https:\/\/quicosenza.it\/news\/wp-content\/uploads\/2026\/08\/Coppitelli-300x197.png 300w, https:\/\/quicosenza.it\/news\/wp-content\/uploads\/2026\/08\/Coppitelli-768x505.png 768w\" sizes=\"auto, (max-width: 578px) 100vw, 578px\" \/><\/p>\n<h3>Cosenza Calcio: oggi la sfida a Sorrento per la Coppa Italia<\/h3>\n<p><strong>Gli arrivi, va detto, sono stati comunque tanti e numericamente consistenti<\/strong> e il Cosenza \u00e8 riuscito a sostituire quasi ogni partente nei ruoli chiave, ma perdendo in qualit\u00e0 e quantit\u00e0. Inoltre, una rosa non si valuta soltanto dal punto di vista numerico, ma da un progetto a lungo termine, programmazione e lungimiranza, cose che da queste parti non si sono mai viste. Intanto oggi si torna a parlare di calcio giocato. Alle<strong> 18.30 i rossoblu scenderanno in campo al \u201cDonato Curcio\u201d<\/strong> di Picerno contro il <a href=\"https:\/\/www.fcsorrento.com\/\" target=\"_blank\" rel=\"noopener\">Sorrento<\/a>. In palio c\u2019\u00e8 il passaggio del turno della Coppa Italia di Serie C dopo il successo a Crotone.<\/p>\n<p>&nbsp;<\/p>\n","protected":false},"excerpt":{"rendered":"<p>Chiusa la sessione estiva di calciomercato con la societ\u00e0 che ha ceduto praticamente tutti i pezzi e fatto cassa. Intanto la squadra di mister Coppitelli riparte oggi pomeriggio per la sfida in Coppa Italia contro il Sorrento<\/p>\n","protected":false},"author":24,"featured_media":302294,"comment_status":"closed","ping_status":"closed","sticky":false,"template":"","format":"standard","meta":{"_acf_changed":false,"footnotes":"","jetpack_publicize_message":"","jetpack_publicize_feature_enabled":true,"jetpack_social_post_already_shared":true,"jetpack_social_options":{"image_generator_settings":{"template":"highway","default_image_id":0,"font":"","enabled":false},"version":2}},"categories":[20],"tags":[],"class_list":["post-302293","post","type-post","status-publish","format-standard","has-post-thumbnail","hentry","category-sport"],"acf":[],"jetpack_publicize_connections":[],"_links":{"self":[{"href":"https:\/\/quicosenza.it\/news\/wp-json\/wp\/v2\/posts\/302293","targetHints":{"allow":["GET"]}}],"collection":[{"href":"https:\/\/quicosenza.it\/news\/wp-json\/wp\/v2\/posts"}],"about":[{"href":"https:\/\/quicosenza.it\/news\/wp-json\/wp\/v2\/types\/post"}],"author":[{"embeddable":true,"href":"https:\/\/quicosenza.it\/news\/wp-json\/wp\/v2\/users\/24"}],"replies":[{"embeddable":true,"href":"https:\/\/quicosenza.it\/news\/wp-json\/wp\/v2\/comments?post=302293"}],"version-history":[{"count":0,"href":"https:\/\/quicosenza.it\/news\/wp-json\/wp\/v2\/posts\/302293\/revisions"}],"wp:featuredmedia":[{"embeddable":true,"href":"https:\/\/quicosenza.it\/news\/wp-json\/wp\/v2\/media\/302294"}],"wp:attachment":[{"href":"https:\/\/quicosenza.it\/news\/wp-json\/wp\/v2\/media?parent=302293"}],"wp:term":[{"taxonomy":"category","embeddable":true,"href":"https:\/\/quicosenza.it\/news\/wp-json\/wp\/v2\/categories?post=302293"},{"taxonomy":"post_tag","embeddable":true,"href":"https:\/\/quicosenza.it\/news\/wp-json\/wp\/v2\/tags?post=302293"}],"curies":[{"name":"wp","href":"https:\/\/api.w.org\/{rel}","templated":true}]}}