{"id":302306,"date":"2026-09-02T19:30:32","date_gmt":"2026-09-02T17:30:32","guid":{"rendered":"https:\/\/quicosenza.it\/news\/?p=302306"},"modified":"2026-09-02T18:39:48","modified_gmt":"2026-09-02T16:39:48","slug":"vannacci-all8-reggio-calabria-primo-banco-prova","status":"publish","type":"post","link":"https:\/\/quicosenza.it\/news\/vannacci-all8-reggio-calabria-primo-banco-prova\/","title":{"rendered":"Vannacci all\u20198%? Reggio Calabria, primo banco di prova, dir\u00e0 quanto vale davvero"},"content":{"rendered":"<p>Ormai, stando alle ultime rilevazioni, <strong><a href=\"https:\/\/quicosenza.it\/news\/vannacci-futuro-nazionalelaboratorionuovadestra\/\">Futuro<\/a> Nazionale<\/strong>, il partito di <strong>Roberto Vannacci<\/strong>, \u00e8 accreditato in una forbice compresa tra il <strong>7,5 e l\u20198 %<\/strong>, posizionandosi come quarta forza politica del Paese. Un dato certamente significativo, ma che va letto con una certa prudenza: i sondaggi sono, per definizione, una fotografia del momento e non possono essere confusi con il risultato delle urne. Tanto pi\u00f9 nel caso di <strong><a href=\"https:\/\/futuronazionale.it\/\" rel=\"noopener\">Futuro<\/a> Nazionale<\/strong>, che non si \u00e8 ancora misurato con una vera competizione elettorale nazionale.<\/p>\n<p><img loading=\"lazy\" decoding=\"async\" class=\"aligncenter wp-image-287142 \" src=\"https:\/\/quicosenza.it\/news\/wp-content\/uploads\/2026\/03\/Vannacci-Futuro-nazionale.jpg\" alt=\"Vannacci all\u20198%? Reggio Calabria, primo banco di prova, dir\u00e0 quanto vale davvero\" width=\"388\" height=\"240\" title=\"\" srcset=\"https:\/\/quicosenza.it\/news\/wp-content\/uploads\/2026\/03\/Vannacci-Futuro-nazionale.jpg 970w, https:\/\/quicosenza.it\/news\/wp-content\/uploads\/2026\/03\/Vannacci-Futuro-nazionale-300x186.jpg 300w, https:\/\/quicosenza.it\/news\/wp-content\/uploads\/2026\/03\/Vannacci-Futuro-nazionale-768x475.jpg 768w\" sizes=\"auto, (max-width: 388px) 100vw, 388px\" \/><\/p>\n<p>Resta da capire quanto questo consenso sia realmente consolidato e quanto, invece, possa essere legato alla forte <strong>esposizione mediatica<\/strong> del generale e alla capacit\u00e0 di intercettare un voto di protesta ancora alla ricerca di una collocazione stabile. La crescita di Futuro Nazionale sembra pescare soprattutto nel bacino del centrodestra, in modo particolare dalla <strong>Lega a Fratelli d\u2019Italia<\/strong> e solo una minima parte del consenso sembrerebbe inoltre provenire dall\u2019area degli indecisi e dell\u2019astensione. Pertanto non \u00e8 pi\u00f9 soltanto un fenomeno politico da osservare, ma \u00e8 diventato un fattore capace di incidere sugli equilibri del centrodestra.<\/p>\n<p><img loading=\"lazy\" decoding=\"async\" class=\"aligncenter wp-image-272094 \" src=\"https:\/\/quicosenza.it\/news\/wp-content\/uploads\/2025\/10\/Elezioni-regionali-scheda-Cosenza.jpg\" alt=\"Vannacci all\u20198%? Reggio Calabria, primo banco di prova, dir\u00e0 quanto vale davvero\" width=\"407\" height=\"280\" title=\"\" srcset=\"https:\/\/quicosenza.it\/news\/wp-content\/uploads\/2025\/10\/Elezioni-regionali-scheda-Cosenza.jpg 970w, https:\/\/quicosenza.it\/news\/wp-content\/uploads\/2025\/10\/Elezioni-regionali-scheda-Cosenza-300x206.jpg 300w, https:\/\/quicosenza.it\/news\/wp-content\/uploads\/2025\/10\/Elezioni-regionali-scheda-Cosenza-768x528.jpg 768w, https:\/\/quicosenza.it\/news\/wp-content\/uploads\/2025\/10\/Elezioni-regionali-scheda-Cosenza-611x420.jpg 611w, https:\/\/quicosenza.it\/news\/wp-content\/uploads\/2025\/10\/Elezioni-regionali-scheda-Cosenza-150x103.jpg 150w, https:\/\/quicosenza.it\/news\/wp-content\/uploads\/2025\/10\/Elezioni-regionali-scheda-Cosenza-218x150.jpg 218w, https:\/\/quicosenza.it\/news\/wp-content\/uploads\/2025\/10\/Elezioni-regionali-scheda-Cosenza-696x479.jpg 696w, https:\/\/quicosenza.it\/news\/wp-content\/uploads\/2025\/10\/Elezioni-regionali-scheda-Cosenza-100x70.jpg 100w\" sizes=\"auto, (max-width: 407px) 100vw, 407px\" \/><\/p>\n<h3>Vannacci: tutto passa da Reggio Calabria<\/h3>\n<p>Da questo punto di vista il <strong>primo banco di prova<\/strong>, dopo mesi di sondaggi, per capire se Futuro Nazionale rappresenta o meno una <strong>fotografia del momento<\/strong> da una parte e se eventualmente sta erodendo consensi al centro-destra , saranno le elezioni suppletive del prossimi 27 e 28 settembre a Reggio Calabria. Il candidato di Vannacci, anche grazie all\u2019ingresso nelle sue fila di un esponente di peso come <strong>Domenico Giannetta<\/strong>, potrebbe dare fastidio o addirittura contendere al centrodestra una vittoria che sembrava acquisita.<\/p>\n<p>Se Vannacci riuscisse a conquistare Reggio Calabria, il risultato rappresenterebbe una campanello d\u2019allarme nazionale e costringerebbe <strong>Giorgia Meloni<\/strong> a fare i conti con il nuovo equilibrio interno al centrodestra, arrivati a questo punto cercando un dialogo con Futuro Nazionale, oppure da una posizione autonoma e potenzialmente competitiva, che potrebbe a questo punto offrire una chance al <strong>centro-sinistra<\/strong>, sempre che sappia coglierla(ma ad oggi i dubbi ci sono eccome) e \u00a0trasformarla\u00a0 in una occasione per vincere le prossime elezioni politiche.<\/p>\n","protected":false},"excerpt":{"rendered":"<p>Dai sondaggi alle urne: il partito del generale Roberto Vannacci cerca a Reggio Calabria la conferma del suo peso nel centrodestra<\/p>\n","protected":false},"author":59,"featured_media":295555,"comment_status":"closed","ping_status":"closed","sticky":false,"template":"","format":"standard","meta":{"_acf_changed":false,"footnotes":"","jetpack_publicize_message":"","jetpack_publicize_feature_enabled":true,"jetpack_social_post_already_shared":true,"jetpack_social_options":{"image_generator_settings":{"template":"highway","default_image_id":0,"font":"","enabled":false},"version":2}},"categories":[17],"tags":[],"class_list":["post-302306","post","type-post","status-publish","format-standard","has-post-thumbnail","hentry","category-calabria"],"acf":[],"jetpack_publicize_connections":[],"_links":{"self":[{"href":"https:\/\/quicosenza.it\/news\/wp-json\/wp\/v2\/posts\/302306","targetHints":{"allow":["GET"]}}],"collection":[{"href":"https:\/\/quicosenza.it\/news\/wp-json\/wp\/v2\/posts"}],"about":[{"href":"https:\/\/quicosenza.it\/news\/wp-json\/wp\/v2\/types\/post"}],"author":[{"embeddable":true,"href":"https:\/\/quicosenza.it\/news\/wp-json\/wp\/v2\/users\/59"}],"replies":[{"embeddable":true,"href":"https:\/\/quicosenza.it\/news\/wp-json\/wp\/v2\/comments?post=302306"}],"version-history":[{"count":0,"href":"https:\/\/quicosenza.it\/news\/wp-json\/wp\/v2\/posts\/302306\/revisions"}],"wp:featuredmedia":[{"embeddable":true,"href":"https:\/\/quicosenza.it\/news\/wp-json\/wp\/v2\/media\/295555"}],"wp:attachment":[{"href":"https:\/\/quicosenza.it\/news\/wp-json\/wp\/v2\/media?parent=302306"}],"wp:term":[{"taxonomy":"category","embeddable":true,"href":"https:\/\/quicosenza.it\/news\/wp-json\/wp\/v2\/categories?post=302306"},{"taxonomy":"post_tag","embeddable":true,"href":"https:\/\/quicosenza.it\/news\/wp-json\/wp\/v2\/tags?post=302306"}],"curies":[{"name":"wp","href":"https:\/\/api.w.org\/{rel}","templated":true}]}}