{"id":302308,"date":"2026-09-02T20:00:45","date_gmt":"2026-09-02T18:00:45","guid":{"rendered":"https:\/\/quicosenza.it\/news\/?p=302308"},"modified":"2026-09-02T20:00:45","modified_gmt":"2026-09-02T18:00:45","slug":"infermiera-paziente-anna-veltri-sanita","status":"publish","type":"post","link":"https:\/\/quicosenza.it\/news\/infermiera-paziente-anna-veltri-sanita\/","title":{"rendered":"Da infermiera a paziente, la cosentina Anna racconta il suo viaggio nella sanit\u00e0 calabrese: \u00abGrazie a chi ha scelto di restare\u00bb"},"content":{"rendered":"<p class=\"isSelectedEnd\">COSENZA &#8211; Per molti anni si \u00e8 dedicata con amore alla cura dei malati. Poi, nel corso del tempo, \u00e8 diventata lei stessa una paziente molto complessa. \u00c8 il viaggio attraverso la<a href=\"https:\/\/quicosenza.it\/news\/sanita-calabria-caruso-commissariamento\/\" target=\"_blank\" rel=\"noopener\"> sanit\u00e0 calabrese<\/a> raccontato da<strong> Anna Veltri, infermiera originaria di Casali del Manco<\/strong>, <strong>che ha deciso di affidare alle parole il suo personale ringraziamento ai medici, agli infermieri e agli operatori sanitari che l&#8217;hanno accompagnata nel difficile percorso della malattia.<\/strong><\/p>\n<p class=\"isSelectedEnd\">\u00abMi chiamo Anna, infermiera che per molti anni si \u00e8 dedicata con amore alla cura dei malati, nonostante io stessa nel corso del tempo sia diventata una paziente molto complessa\u00bb.<\/p>\n<p class=\"isSelectedEnd\"><strong>Anna \u00e8 stata colpita da due patologie autoimmuni con gravi sintomi<\/strong>: una di tipo neuromuscolare e l&#8217;altra di tipo reumatico, con danni articolari e polmonari. \u00abSono malattie croniche, progressive e molto invalidanti che ormai da qualche anno mi costringono a frequentare le corsie d&#8217;ospedale da paziente e non da operatrice sanitaria\u00bb.<\/p>\n<p class=\"isSelectedEnd\">Le conseguenze delle due malattie, insieme agli effetti collaterali delle terapie immunosoppressive alle quali deve sottoporsi, la espongono a gravi infezioni e problemi ortopedici.<\/p>\n<p class=\"isSelectedEnd\"><strong>Da tempo Anna segue terapie presso il reparto di Neurologia dell&#8217;Aou Renato Dulbecco, al <a href=\"https:\/\/www.materdominiaou.it\/utente\/accedi\/\" target=\"_blank\" rel=\"noopener\">Policlinico di Germaneto<\/a>,<\/strong> dove \u00e8 seguita dalla dottoressa Stefania Barone. Nel suo percorso di cura \u00e8 stata poi indirizzata, nello stesso Policlinico, al reparto di Farmacologia clinica e all&#8217;ambulatorio di Medicina del dolore, per la modulazione della politerapia farmacologica e del dolore cronico che la accompagna quotidianamente.<\/p>\n<p class=\"isSelectedEnd\">\u00abIn quell&#8217;ambulatorio ho trovato altissima competenza, umanit\u00e0 e capacit\u00e0 di gestione della mia grave condizione. Da subito tutto il personale diretto dal professor Luca Gallelli si \u00e8 prodigato con dedizione alla mia vita e ormai, nella quotidianit\u00e0, mi sono affidata alle cure del dottor Vincenzo Rania\u00bb.<\/p>\n<p class=\"isSelectedEnd\">Anna ricorda anche <strong>l&#8217;impegno del dottor Rania e della dottoressa Maria Teresa Cirillo, reumatologa<\/strong>, che sono riusciti, in un periodo particolarmente difficile, a coordinare le diverse figure mediche specialistiche necessarie per affrontare la complessit\u00e0 della sua condizione.<\/p>\n<p class=\"isSelectedEnd\">Nel suo percorso non sono mancati momenti drammatici<strong>. Tre gravi polmoniti e una pancitopenia<\/strong> l&#8217;hanno costretta al ricovero presso l&#8217;Unit\u00e0 operativa di Malattie infettive e tropicali dell&#8217;ospedale di Cosenza.<\/p>\n<p class=\"isSelectedEnd\">\u00abAnche qui ho trovato grandissimi professionisti e personale umano e attento, che mi hanno permesso di sopravvivere a infezioni potenzialmente fatali\u00bb.<\/p>\n<p class=\"isSelectedEnd\"><strong>Ma l&#8217;esperienza che, come racconta Anna, le ha \u00abcambiato l&#8217;esistenza\u00bb \u00e8 stata quella dell&#8217;ultimo ricovero presso il reparto di Ortopedia del Policlinico dell&#8217;Aou Dulbecco.<\/strong><\/p>\n<p class=\"isSelectedEnd\">\u00abQui un vero e proprio esercito di medici specialisti, infermieri e Oss ha reso possibile, due mesi fa, un intervento di sostituzione protesica dell&#8217;anca effettuato dal professor Michele Mercurio, grazie al supporto encomiabile dei medici anestesisti\u00bb.<\/p>\n<p class=\"isSelectedEnd\">Un&#8217;operazione particolarmente complessa, che Anna racconta essere stata rifiutata in precedenza da diverse strutture del Nord Italia alle quali si era rivolta, a causa dell&#8217;alto rischio legato alla sua condizione clinica.<\/p>\n<p class=\"isSelectedEnd\">Nel suo ringraziamento Anna non dimentica <strong>il professor Ferri, reumatologo<\/strong> che collabora con la clinica reumatologica convenzionata Madonna dello Scoglio di Crotone e che, racconta, la accompagna nella sua \u00abOdissea\u00bb, coordinando consulenze specialistiche e cure mediche per le sue due gravi malattie, sia durante i ricoveri sia nei momenti pi\u00f9 critici.<\/p>\n<p class=\"isSelectedEnd\">\u00abQuesto lavoro di coordinamento, cos\u00ec come quello degli altri specialisti che ho citato, necessario per la complessit\u00e0 delle mie due malattie, ha compensato le criticit\u00e0 del nostro sistema sanitario, che possono essere superate o almeno migliorate se c&#8217;\u00e8 l&#8217;impegno di tutti, come dimostra la mia vicenda personale\u00bb.<\/p>\n<p class=\"isSelectedEnd\"><strong>Il percorso di cura di Anna non \u00e8 ancora terminato. Ma oggi, dopo anni trascorsi tra reparti, ricoveri e terapie, guarda al futuro con una consapevolezza diversa.<\/strong><\/p>\n<p class=\"isSelectedEnd\">\u00ab<strong>Sono confortata dalla possibilit\u00e0 di poter essere curata nella mia terra da professionisti che hanno scelto di rimanere a lavorare in Calabria<\/strong>, con sacrificio ed amore verso tutti noi malati. Per curarci con i migliori risultati rispetto alla gravit\u00e0 delle nostre malattie ed evitandoci, per quanto possibile, i viaggi della speranza non sempre miracolosi\u00bb. E alla fine della sua testimonianza, Anna Veltri affida il suo messaggio pi\u00f9 semplice e pi\u00f9 importante: \u00ab<strong>Grazie, grazie, grazie!!! Con sincerit\u00e0, affetto e stima verso tutti\u00bb.<\/strong><\/p>\n","protected":false},"excerpt":{"rendered":"<p>Colpita da due gravi patologie autoimmuni, l\u2019infermiera cosentina Anna Veltri racconta il suo lungo percorso di cura tra ospedali e reparti calabresi, ringraziando i professionisti che le hanno permesso di affrontare malattie e interventi complessi senza lasciare la sua terra<\/p>\n","protected":false},"author":58,"featured_media":289338,"comment_status":"closed","ping_status":"closed","sticky":false,"template":"","format":"standard","meta":{"_acf_changed":false,"footnotes":"","jetpack_publicize_message":"","jetpack_publicize_feature_enabled":true,"jetpack_social_post_already_shared":true,"jetpack_social_options":{"image_generator_settings":{"template":"highway","default_image_id":0,"font":"","enabled":false},"version":2}},"categories":[28],"tags":[],"class_list":["post-302308","post","type-post","status-publish","format-standard","has-post-thumbnail","hentry","category-provincia"],"acf":[],"jetpack_publicize_connections":[],"_links":{"self":[{"href":"https:\/\/quicosenza.it\/news\/wp-json\/wp\/v2\/posts\/302308","targetHints":{"allow":["GET"]}}],"collection":[{"href":"https:\/\/quicosenza.it\/news\/wp-json\/wp\/v2\/posts"}],"about":[{"href":"https:\/\/quicosenza.it\/news\/wp-json\/wp\/v2\/types\/post"}],"author":[{"embeddable":true,"href":"https:\/\/quicosenza.it\/news\/wp-json\/wp\/v2\/users\/58"}],"replies":[{"embeddable":true,"href":"https:\/\/quicosenza.it\/news\/wp-json\/wp\/v2\/comments?post=302308"}],"version-history":[{"count":0,"href":"https:\/\/quicosenza.it\/news\/wp-json\/wp\/v2\/posts\/302308\/revisions"}],"wp:featuredmedia":[{"embeddable":true,"href":"https:\/\/quicosenza.it\/news\/wp-json\/wp\/v2\/media\/289338"}],"wp:attachment":[{"href":"https:\/\/quicosenza.it\/news\/wp-json\/wp\/v2\/media?parent=302308"}],"wp:term":[{"taxonomy":"category","embeddable":true,"href":"https:\/\/quicosenza.it\/news\/wp-json\/wp\/v2\/categories?post=302308"},{"taxonomy":"post_tag","embeddable":true,"href":"https:\/\/quicosenza.it\/news\/wp-json\/wp\/v2\/tags?post=302308"}],"curies":[{"name":"wp","href":"https:\/\/api.w.org\/{rel}","templated":true}]}}