{"id":302321,"date":"2026-09-03T07:42:25","date_gmt":"2026-09-03T05:42:25","guid":{"rendered":"https:\/\/quicosenza.it\/news\/?p=302321"},"modified":"2026-09-03T07:44:39","modified_gmt":"2026-09-03T05:44:39","slug":"xylella-arriva-calabria-primo-focolaio-decreto","status":"publish","type":"post","link":"https:\/\/quicosenza.it\/news\/xylella-arriva-calabria-primo-focolaio-decreto\/","title":{"rendered":"La Xylella arriva anche in Calabria: individuato un primo focolaio. Gallo: \u00abInterverremo, pubblicato il decreto\u00bb"},"content":{"rendered":"<p>REGGIO CALABRIA &#8211; <strong>La <a href=\"https:\/\/quicosenza.it\/news\/allarme-xylella-cia-lancia-lappello-anche-la-calabria-e-a-rischio-serve-una-strategia-preventiva\/\" target=\"_blank\" rel=\"noopener\">Xylella<\/a> arriva, purtroppo, anche in Calabria.<\/strong> Lo ha annunciato nelle scorse ore, tramite un <a href=\"https:\/\/www.facebook.com\/gianlucagallo1968\" target=\"_blank\" rel=\"noopener\">video diffuso sui social<\/a>, l&#8217;assessore regionale all&#8217;Agricoltura Gianluca Gallo specificando che i primi casi del batterio che ha devastato parte del patrimonio olivicolo della Puglia sono stati <strong>individuati nel territorio regionale e precisamente nel Reggino. <\/strong><\/p>\n<p><strong>&#8220;Una notizia che non avrei mai voluto darvi<\/strong> &#8211; spiega Gallo &#8211; Ne avevamo conoscenza da un mese, sono arrivate adesso le analisi da parte del CREA e abbiamo <strong>pubblicato il decreto&#8221;<\/strong>.<\/p>\n<p><img loading=\"lazy\" decoding=\"async\" class=\"aligncenter wp-image-291628\" src=\"https:\/\/quicosenza.it\/news\/wp-content\/uploads\/2026\/05\/Xylella.jpg\" alt=\"Xylella\" width=\"500\" height=\"309\" title=\"\" srcset=\"https:\/\/quicosenza.it\/news\/wp-content\/uploads\/2026\/05\/Xylella.jpg 970w, https:\/\/quicosenza.it\/news\/wp-content\/uploads\/2026\/05\/Xylella-300x186.jpg 300w, https:\/\/quicosenza.it\/news\/wp-content\/uploads\/2026\/05\/Xylella-768x475.jpg 768w\" sizes=\"auto, (max-width: 500px) 100vw, 500px\" \/><\/p>\n<h3>Xylella in Calabria, il piano della Regione per fermarla<\/h3>\n<p>L&#8217;assessore specifica che si tratta di un <strong>inizio di epidemia di Xylella Fastidiosa e <\/strong>si trova in <strong>Agro di Taurianova.<\/strong> Per il momento le <strong>piante colpite dal batterio sono pochissime<\/strong>: &#8220;Abbiamo <strong>gi\u00e0 costituito un tavolo di crisi<\/strong> e interverremo con grande determinazione, perch\u00e9 questa \u00e8 la volont\u00e0 del presidente Occhiuto e questa \u00e8 la mia volont\u00e0, per evitare che l\u2019epidemia di Xylella possa propagarsi&#8221; ha chiarito Gallo.<\/p>\n<p>L&#8217;assessore spiega che i cittadini verranno informati in merito a tutti gli interventi che verranno messi in campo &#8220;<strong>per scongiurare qualsiasi pericolo di propagazione&#8221;<\/strong>. Un lavoro, quello gi\u00e0 avviato da diverso tempo, per la tutela del settore olivicolo in un momento delicato per la Calabria che ha visto un <strong>drastico calo dei prezzi.<\/strong><\/p>\n<p>Gallo ha annunciato che il prossimo<strong> 7 settembre incontrer\u00e0<\/strong>, insieme agli assessori all\u2019Agricoltura delle altre Regioni del Sud, il <strong>ministro Francesco Lollobrigida<\/strong> per discutere delle misure da mettere in campo per superare la crisi dell\u2019olivicoltura Italia ma soprattutto del Sud.<\/p>\n<p><iframe loading=\"lazy\" style=\"border: none; overflow: hidden;\" src=\"https:\/\/www.facebook.com\/plugins\/video.php?height=476&amp;href=https%3A%2F%2Fwww.facebook.com%2Freel%2F28167706256189289%2F&amp;show_text=true&amp;width=267&amp;t=0\" width=\"267\" height=\"591\" frameborder=\"0\" scrolling=\"no\" allowfullscreen=\"allowfullscreen\"><\/iframe><\/p>\n<h3>Il batterio che attacca gli ulivi: come agisce<\/h3>\n<p>La <strong>Xylella<\/strong> Fastidiosa \u00e8 un <strong>batterio patogeno altamente contagioso<\/strong> che colpisce diverse specie vegetali, tra cui l&#8217;olivo, provocando una grave malattia nota come <i data-path-to-node=\"0\" data-index-in-node=\"161\">Sindrome del Complesso del Disseccamento Rapido dell&#8217;Olivo<\/i> (CoDiRO). Il microorganismo si insedia all&#8217;interno dei vasi xilematici della pianta \u2014 i canali responsabili del trasporto di acqua e nutrienti dalle radici verso le foglie \u2014 ostruendoli progressivamente.<\/p>\n<p><img loading=\"lazy\" decoding=\"async\" class=\"aligncenter wp-image-291626\" src=\"https:\/\/quicosenza.it\/news\/wp-content\/uploads\/2026\/05\/ulivi-xylella.jpg\" alt=\"ulivi xylella\" width=\"500\" height=\"309\" title=\"\" srcset=\"https:\/\/quicosenza.it\/news\/wp-content\/uploads\/2026\/05\/ulivi-xylella.jpg 970w, https:\/\/quicosenza.it\/news\/wp-content\/uploads\/2026\/05\/ulivi-xylella-300x186.jpg 300w, https:\/\/quicosenza.it\/news\/wp-content\/uploads\/2026\/05\/ulivi-xylella-768x475.jpg 768w\" sizes=\"auto, (max-width: 500px) 100vw, 500px\" \/><\/p>\n<p>Questo blocco <strong>impedisce la corretta idratazione della pianta<\/strong>, portando a un rapido <strong>disseccamento delle foglie, dei rami e infine alla morte dell&#8217;intero albero.<\/strong> Trasmesso principalmente da piccoli insetti vettori (come la sputacchina media), il batterio ha gi\u00e0 <strong>devastato milioni di ulivi in Puglia<\/strong> e rappresenta una delle <strong>minacce pi\u00f9 gravi e distruttive per il patrimonio agricolo e paesaggistico dell&#8217;intero Mediterraneo.<\/strong><\/p>\n","protected":false},"excerpt":{"rendered":"<p>I primi casi del batterio sono stati individuati nel territorio del Reggino, nell&#8217;Agro di Taurianova. Gi\u00e0 costituito un tavolo di crisi, il prossimo 7 settembre Gallo incontra il ministro Lollobrigida <\/p>\n","protected":false},"author":90,"featured_media":302326,"comment_status":"closed","ping_status":"closed","sticky":false,"template":"","format":"standard","meta":{"_acf_changed":false,"footnotes":"","jetpack_publicize_message":"","jetpack_publicize_feature_enabled":true,"jetpack_social_post_already_shared":true,"jetpack_social_options":{"image_generator_settings":{"template":"highway","default_image_id":0,"font":"","enabled":false},"version":2}},"categories":[17],"tags":[],"class_list":["post-302321","post","type-post","status-publish","format-standard","has-post-thumbnail","hentry","category-calabria"],"acf":[],"jetpack_publicize_connections":[],"_links":{"self":[{"href":"https:\/\/quicosenza.it\/news\/wp-json\/wp\/v2\/posts\/302321","targetHints":{"allow":["GET"]}}],"collection":[{"href":"https:\/\/quicosenza.it\/news\/wp-json\/wp\/v2\/posts"}],"about":[{"href":"https:\/\/quicosenza.it\/news\/wp-json\/wp\/v2\/types\/post"}],"author":[{"embeddable":true,"href":"https:\/\/quicosenza.it\/news\/wp-json\/wp\/v2\/users\/90"}],"replies":[{"embeddable":true,"href":"https:\/\/quicosenza.it\/news\/wp-json\/wp\/v2\/comments?post=302321"}],"version-history":[{"count":0,"href":"https:\/\/quicosenza.it\/news\/wp-json\/wp\/v2\/posts\/302321\/revisions"}],"wp:featuredmedia":[{"embeddable":true,"href":"https:\/\/quicosenza.it\/news\/wp-json\/wp\/v2\/media\/302326"}],"wp:attachment":[{"href":"https:\/\/quicosenza.it\/news\/wp-json\/wp\/v2\/media?parent=302321"}],"wp:term":[{"taxonomy":"category","embeddable":true,"href":"https:\/\/quicosenza.it\/news\/wp-json\/wp\/v2\/categories?post=302321"},{"taxonomy":"post_tag","embeddable":true,"href":"https:\/\/quicosenza.it\/news\/wp-json\/wp\/v2\/tags?post=302321"}],"curies":[{"name":"wp","href":"https:\/\/api.w.org\/{rel}","templated":true}]}}