{"id":302348,"date":"2026-09-06T12:00:15","date_gmt":"2026-09-06T10:00:15","guid":{"rendered":"https:\/\/quicosenza.it\/news\/?p=302348"},"modified":"2026-09-06T11:38:28","modified_gmt":"2026-09-06T09:38:28","slug":"fisioterapisti-cosenza-screening-gratuiti","status":"publish","type":"post","link":"https:\/\/quicosenza.it\/news\/fisioterapisti-cosenza-screening-gratuiti\/","title":{"rendered":"Cosenza, screening gratuiti e prevenzione con i fisioterapisti: la salute in piazza"},"content":{"rendered":"<p>COSENZA &#8211; <strong>Marted\u00ec 8 settembre, dalle 18, piazza dei Bruzi a Cosenza<\/strong> ospiter\u00e0 l\u2019iniziativa promossa dall\u2019<a href=\"https:\/\/www.facebook.com\/p\/Ordine-dei-Fisioterapisti-della-Provincia-di-Cosenza-Ofi-Cosenza-100091607859981\/\" rel=\"noopener\"><strong>Ordine dei Fisioterapisti della provincia di Cosenza<\/strong><\/a> in occasione della Giornata Mondiale della Fisioterapia. Una serata pensata per trasformare uno spazio pubblico in un luogo di incontro, ascolto e sensibilizzazione sui temi della salute.<\/p>\n<h3>Fiosioterapisti in piazza per i cittadini: screening e consigli gratuiti<\/h3>\n<p>Il tema dell\u2019edizione 2026 \u00e8 stato individuato da <a href=\"https:\/\/world.physio\/\" rel=\"noopener\"><strong>World Physiotherapy<\/strong><\/a> e sar\u00e0 celebrato in oltre <strong>cento Paesi<\/strong>. Al centro della campagna ci sono il ruolo della fisioterapia nella prevenzione, gestione e riabilitazione delle malattie cardiovascolari e dell\u2019ictus, tra le principali cause di disabilit\u00e0 e mortalit\u00e0 nel mondo. <strong>Movimento<\/strong>,<strong> esercizio terapeutico ed educazione sanitaria diventano cos\u00ec strumenti fondamentali per proteggere la salute e migliorare la qualit\u00e0 della vita.<\/strong><\/p>\n<p><img loading=\"lazy\" decoding=\"async\" class=\"aligncenter wp-image-302349\" src=\"https:\/\/quicosenza.it\/news\/wp-content\/uploads\/2026\/09\/Fiosioterapisti-02.jpg\" alt=\"fisioterapisti 02\" width=\"542\" height=\"335\" title=\"\" srcset=\"https:\/\/quicosenza.it\/news\/wp-content\/uploads\/2026\/09\/Fiosioterapisti-02.jpg 970w, https:\/\/quicosenza.it\/news\/wp-content\/uploads\/2026\/09\/Fiosioterapisti-02-300x186.jpg 300w, https:\/\/quicosenza.it\/news\/wp-content\/uploads\/2026\/09\/Fiosioterapisti-02-768x475.jpg 768w\" sizes=\"auto, (max-width: 542px) 100vw, 542px\" \/><\/p>\n<p>Nel corso della serata <strong>fisioterapisti, medici e professionisti<\/strong> delle principali strutture sanitarie del territorio saranno a disposizione della cittadinanza. Saranno proposte <strong>valutazioni della funzionalit\u00e0 motoria, screening gratuiti, momenti di informazione personalizzata e indicazioni pratiche per contribuire a ridurre i fattori di rischio cardiovascolare<\/strong>.<\/p>\n<p>L\u2019obiettivo \u00e8 rendere la prevenzione semplice, accessibile e parte della quotidianit\u00e0, avvicinando i professionisti sanitari alle persone direttamente nei luoghi della comunit\u00e0.<\/p>\n<p><img loading=\"lazy\" decoding=\"async\" class=\"aligncenter wp-image-302350\" src=\"https:\/\/quicosenza.it\/news\/wp-content\/uploads\/2026\/09\/Fiosioterapisti.jpg\" alt=\"fisioterapisti\" width=\"521\" height=\"322\" title=\"\" srcset=\"https:\/\/quicosenza.it\/news\/wp-content\/uploads\/2026\/09\/Fiosioterapisti.jpg 970w, https:\/\/quicosenza.it\/news\/wp-content\/uploads\/2026\/09\/Fiosioterapisti-300x186.jpg 300w, https:\/\/quicosenza.it\/news\/wp-content\/uploads\/2026\/09\/Fiosioterapisti-768x475.jpg 768w\" sizes=\"auto, (max-width: 521px) 100vw, 521px\" \/><\/p>\n<h3>\u201cLa fisioterapia non \u00e8 solo cura\u201d<\/h3>\n<p>A sottolineare il significato dell\u2019iniziativa \u00e8 il presidente dell\u2019Ordine dei <a href=\"https:\/\/quicosenza.it\/news\/ofi-cosenza-studenti-unical-fisioterapisti\/\">Fisioterapisti<\/a> di Cosenza, <strong>Giuseppe Celestino<\/strong>: \u00abla Giornata Mondiale della Fisioterapia \u00e8 <strong>un&#8217;occasione per ricordare che la fisioterapia non \u00e8 solo cura<\/strong>, ma anche <strong>educazione alla salute<\/strong>. Il tema scelto da World Physiotherapy ci invita a riflettere su quanto il movimento, l&#8217;esercizio terapeutico e la prevenzione possano incidere sulla vita delle persone. Portare i nostri professionisti in piazza significa creare un ponte diretto con la cittadinanza, offrire strumenti concreti e promuovere una cultura del benessere che parte da gesti semplici e consapevoli\u00bb.<\/p>\n<p><strong>La partecipazione all\u2019appuntamento \u00e8 libera e aperta a tutti<\/strong>. Una serata dedicata alla salute e alla comunit\u00e0, con l\u2019obiettivo di promuovere una maggiore consapevolezza sull\u2019importanza del movimento e della prevenzione.<\/p>\n","protected":false},"excerpt":{"rendered":"<p>Dalle 18, Piazza dei Bruzi, l\u2019iniziativa dell\u2019Ordine dei Fisioterapisti della provincia di Cosenza. Screening gratuiti, valutazioni motorie e informazioni sulla prevenzione delle malattie cardiovascolari e dell\u2019ictus<\/p>\n","protected":false},"author":42,"featured_media":302351,"comment_status":"closed","ping_status":"closed","sticky":false,"template":"","format":"standard","meta":{"_acf_changed":false,"footnotes":"","jetpack_publicize_message":"","jetpack_publicize_feature_enabled":true,"jetpack_social_post_already_shared":true,"jetpack_social_options":{"image_generator_settings":{"template":"highway","default_image_id":0,"font":"","enabled":false},"version":2}},"categories":[563,42],"tags":[],"class_list":["post-302348","post","type-post","status-publish","format-standard","has-post-thumbnail","hentry","category-area-urbana","category-cosenza"],"acf":[],"jetpack_publicize_connections":[],"_links":{"self":[{"href":"https:\/\/quicosenza.it\/news\/wp-json\/wp\/v2\/posts\/302348","targetHints":{"allow":["GET"]}}],"collection":[{"href":"https:\/\/quicosenza.it\/news\/wp-json\/wp\/v2\/posts"}],"about":[{"href":"https:\/\/quicosenza.it\/news\/wp-json\/wp\/v2\/types\/post"}],"author":[{"embeddable":true,"href":"https:\/\/quicosenza.it\/news\/wp-json\/wp\/v2\/users\/42"}],"replies":[{"embeddable":true,"href":"https:\/\/quicosenza.it\/news\/wp-json\/wp\/v2\/comments?post=302348"}],"version-history":[{"count":0,"href":"https:\/\/quicosenza.it\/news\/wp-json\/wp\/v2\/posts\/302348\/revisions"}],"wp:featuredmedia":[{"embeddable":true,"href":"https:\/\/quicosenza.it\/news\/wp-json\/wp\/v2\/media\/302351"}],"wp:attachment":[{"href":"https:\/\/quicosenza.it\/news\/wp-json\/wp\/v2\/media?parent=302348"}],"wp:term":[{"taxonomy":"category","embeddable":true,"href":"https:\/\/quicosenza.it\/news\/wp-json\/wp\/v2\/categories?post=302348"},{"taxonomy":"post_tag","embeddable":true,"href":"https:\/\/quicosenza.it\/news\/wp-json\/wp\/v2\/tags?post=302348"}],"curies":[{"name":"wp","href":"https:\/\/api.w.org\/{rel}","templated":true}]}}