{"id":302367,"date":"2026-09-03T14:00:45","date_gmt":"2026-09-03T12:00:45","guid":{"rendered":"https:\/\/quicosenza.it\/news\/?p=302367"},"modified":"2026-09-03T12:29:00","modified_gmt":"2026-09-03T10:29:00","slug":"salute-vista-screening-gratuiti-prevenzione","status":"publish","type":"post","link":"https:\/\/quicosenza.it\/news\/salute-vista-screening-gratuiti-prevenzione\/","title":{"rendered":"Salute della vista, conclusa a Rende la campagna \u201cLa Prevenzione non va in vacanza\u201d: 150 screening"},"content":{"rendered":"<p>RENDE &#8211; Si \u00e8 chiusa a Rende la campagna estiva \u201c<strong>La Prevenzione non va in vacanza<\/strong>\u201d, promossa dal Consiglio Regionale dell\u2019Unione Italiana dei Ciechi e degli Ipovedenti della Calabria in collaborazione con la Fondazione Sezione Italiana <a href=\"https:\/\/iapb.it\/laprevenzionenonvainvacanza\/\" rel=\"noopener\">IAPB<\/a> di Roma. L\u2019iniziativa ha portato nei <strong>mesi estivi screening e attivit\u00e0 di sensibilizzazione<\/strong> in diverse localit\u00e0 calabresi, con un bilancio complessivo di <strong>oltre 150 controlli gratuiti. <\/strong>La tappa conclusiva si \u00e8 svolta presso il gabinetto oculistico della sede UICI di Rende, dove sono stati effettuati altri 31 screening. Un dato che conferma la crescente attenzione dei cittadini verso la prevenzione e la tutela della salute visiva.<\/p>\n<p><img loading=\"lazy\" decoding=\"async\" class=\"aligncenter  wp-image-302377\" src=\"https:\/\/quicosenza.it\/news\/wp-content\/uploads\/2026\/09\/screening-prevenzione-vista-rende-02.jpg\" alt=\"screening prevenzione vista rende 02\" width=\"582\" height=\"245\" title=\"\" srcset=\"https:\/\/quicosenza.it\/news\/wp-content\/uploads\/2026\/09\/screening-prevenzione-vista-rende-02.jpg 970w, https:\/\/quicosenza.it\/news\/wp-content\/uploads\/2026\/09\/screening-prevenzione-vista-rende-02-300x126.jpg 300w, https:\/\/quicosenza.it\/news\/wp-content\/uploads\/2026\/09\/screening-prevenzione-vista-rende-02-768x323.jpg 768w\" sizes=\"auto, (max-width: 582px) 100vw, 582px\" \/><\/p>\n<h3>La vista e il valore della prevenzione<\/h3>\n<p>A Rende l\u2019attivit\u00e0 clinica si \u00e8 concentrata in particolare sul controllo della pressione oculare e sull\u2019individuazione precoce dei fattori di rischio legati al <strong>glaucoma<\/strong>, patologia che pu\u00f2 svilupparsi senza sintomi evidenti nelle fasi iniziali e provocare danni irreversibili alla vista.<\/p>\n<p>\u00abIl Consiglio Regionale in collaborazione con la Fondazione IAPB di Roma &#8211; ha dichiarato il presidente dell&#8217;UICI Calabria, <strong>Pietro Testa<\/strong> &#8211; ha organizzato questa giornata di screening sul territorio regionale, in questo caso la facciamo nel gabinetto oculistico della sezione di Cosenza\u00bb.<\/p>\n<p>\u00abGrazie al nostro amico il dottor Perrone, che \u00e8 sempre presente ogni volta che si chiama (e adesso l&#8217;ho chiamato come consigliere regionale, ma anche quando lo chiamavo come consiglio provinciale \u00e8 sempre presente) e voglio sottolineare che lui \u00e8 presente gratuitamente, le visite le fa gratuitamente a tutti quanti noi. Quindi voglio ringraziare a tutti, al dottore soprattutto, per queste cose che lui fa per salvaguardare gli occhi nostri, ma soprattutto gli occhi di tutti quanti\u00bb.<\/p>\n<p><img loading=\"lazy\" decoding=\"async\" class=\"aligncenter  wp-image-302368\" src=\"https:\/\/quicosenza.it\/news\/wp-content\/uploads\/2026\/09\/Testa-e-Perrone-screening-prevenzione-vista-rende.jpg\" alt=\"Testa e Perrone - screening prevenzione vista rende\" width=\"648\" height=\"400\" title=\"\" srcset=\"https:\/\/quicosenza.it\/news\/wp-content\/uploads\/2026\/09\/Testa-e-Perrone-screening-prevenzione-vista-rende.jpg 973w, https:\/\/quicosenza.it\/news\/wp-content\/uploads\/2026\/09\/Testa-e-Perrone-screening-prevenzione-vista-rende-300x185.jpg 300w, https:\/\/quicosenza.it\/news\/wp-content\/uploads\/2026\/09\/Testa-e-Perrone-screening-prevenzione-vista-rende-768x474.jpg 768w\" sizes=\"auto, (max-width: 648px) 100vw, 648px\" \/><\/p>\n<h3>\u201cIl silenzioso ladro della vista\u201d<\/h3>\n<p>A guidare gli screening \u00e8 stato l\u2019oculista <strong>Alessandro Perrone<\/strong>, che ha sottolineato l\u2019importanza di intervenire prima che le patologie possano compromettere in modo permanente la capacit\u00e0 visiva: \u00abho aderito molto volentieri all&#8217;invito del presidente Testa alla giornata &#8220;La prevenzione non va in vacanza&#8221;, perch\u00e9 \u00e8 sempre molto importante <strong>fare attenzione alla salute dei nostri occhi e della nostra vista<\/strong>. Spesso non ci pensiamo, trascuriamo, ma per questo appunto ci sono queste associazioni molto importanti: l&#8217;Agenzia Internazionale per la Prevenzione della Cecit\u00e0 e l&#8217;Unione Italiana Ciechi, che sono sempre attenti all&#8217;aspetto preventivo, che \u00e8 fondamentale\u00bb.<\/p>\n<p>\u00abOggi stiamo svolgendo un&#8217;attivit\u00e0 di <strong>prevenzione soprattutto mirata all&#8217;ipertono oculare<\/strong>, cio\u00e8 a tutte quelle condizioni che possono portare a un aumento della pressione oculare, soprattutto in pazienti con familiarit\u00e0. E noi sappiamo che il glaucoma \u00e8 il silenzioso ladro della vista, vale a dire \u00e8 una malattia silenziosa che non nelle prime fasi non d\u00e0 segno di s\u00e9, per\u00f2 pu\u00f2 portare dei danni irreversibili. Quindi la prevenzione \u00e8 fondamentale, perch\u00e9 con la <a href=\"https:\/\/quicosenza.it\/news\/salute-occhi-rende-screening-gratuiti-luici\/\">prevenzione<\/a> si possono ridurre moltissimo poi i danni visivi e quindi <strong>l&#8217;ipovisione e la cecit\u00e0<\/strong>\u00bb.<\/p>\n<p>\u00abE non si deve mai arrivare a questo &#8211; conclude Perrone &#8211; bisogna prevenire e lavorare molto sulla prevenzione. Quindi grazie sempre per queste iniziative alle quali io aderisco sempre molto volentieri perch\u00e9 credo in questa cosa e ne faremo sicuramente altre iniziative in futuro, poi le il direttivo e tutti i dirigenti faranno sapere con dovuta pubblicit\u00e0 quelle che saranno le ulteriori iniziative nel decorso dell&#8217;anno\u00bb.<\/p>\n","protected":false},"excerpt":{"rendered":"<p>RENDE &#8211; Si \u00e8 chiusa a Rende la campagna estiva \u201cLa Prevenzione non va in vacanza\u201d, promossa dal Consiglio Regionale dell\u2019Unione Italiana dei Ciechi e degli Ipovedenti della Calabria in collaborazione con la Fondazione Sezione Italiana IAPB di Roma. L\u2019iniziativa ha portato nei mesi estivi screening e attivit\u00e0 di sensibilizzazione in diverse localit\u00e0 calabresi, con [&hellip;]<\/p>\n","protected":false},"author":42,"featured_media":302370,"comment_status":"closed","ping_status":"closed","sticky":false,"template":"","format":"standard","meta":{"_acf_changed":false,"footnotes":"","jetpack_publicize_message":"","jetpack_publicize_feature_enabled":true,"jetpack_social_post_already_shared":true,"jetpack_social_options":{"image_generator_settings":{"template":"highway","default_image_id":0,"font":"","enabled":false},"version":2}},"categories":[563],"tags":[],"class_list":["post-302367","post","type-post","status-publish","format-standard","has-post-thumbnail","hentry","category-area-urbana"],"acf":[],"jetpack_publicize_connections":[],"_links":{"self":[{"href":"https:\/\/quicosenza.it\/news\/wp-json\/wp\/v2\/posts\/302367","targetHints":{"allow":["GET"]}}],"collection":[{"href":"https:\/\/quicosenza.it\/news\/wp-json\/wp\/v2\/posts"}],"about":[{"href":"https:\/\/quicosenza.it\/news\/wp-json\/wp\/v2\/types\/post"}],"author":[{"embeddable":true,"href":"https:\/\/quicosenza.it\/news\/wp-json\/wp\/v2\/users\/42"}],"replies":[{"embeddable":true,"href":"https:\/\/quicosenza.it\/news\/wp-json\/wp\/v2\/comments?post=302367"}],"version-history":[{"count":0,"href":"https:\/\/quicosenza.it\/news\/wp-json\/wp\/v2\/posts\/302367\/revisions"}],"wp:featuredmedia":[{"embeddable":true,"href":"https:\/\/quicosenza.it\/news\/wp-json\/wp\/v2\/media\/302370"}],"wp:attachment":[{"href":"https:\/\/quicosenza.it\/news\/wp-json\/wp\/v2\/media?parent=302367"}],"wp:term":[{"taxonomy":"category","embeddable":true,"href":"https:\/\/quicosenza.it\/news\/wp-json\/wp\/v2\/categories?post=302367"},{"taxonomy":"post_tag","embeddable":true,"href":"https:\/\/quicosenza.it\/news\/wp-json\/wp\/v2\/tags?post=302367"}],"curies":[{"name":"wp","href":"https:\/\/api.w.org\/{rel}","templated":true}]}}