{"id":302380,"date":"2026-09-05T16:00:56","date_gmt":"2026-09-05T14:00:56","guid":{"rendered":"https:\/\/quicosenza.it\/news\/?p=302380"},"modified":"2026-09-03T13:32:16","modified_gmt":"2026-09-03T11:32:16","slug":"pensionati-estero-464mila-calabresi-aire","status":"publish","type":"post","link":"https:\/\/quicosenza.it\/news\/pensionati-estero-464mila-calabresi-aire\/","title":{"rendered":"Pensionati in fuga all\u2019estero: Spagna e Portogallo sul podio, 464mila calabresi iscritti all\u2019Aire"},"content":{"rendered":"<p>ROMA &#8211; Continua a crescere la comunit\u00e0 degli italiani residenti all\u2019estero e la fuga dei pensionati. <strong>Al 31 dicembre 2025 sono 6 milioni e 604mila<\/strong>, circa 183mila in pi\u00f9 rispetto all\u2019inizio dell\u2019anno, con un incremento del 2,8%, comunque pi\u00f9 contenuto rispetto al +4,6% registrato nel 2024. Oltre la met\u00e0 vive in Europa, mentre il 34,3% risiede in America centro-meridionale.<\/p>\n<p>Il dato demografico racconta per\u00f2 una <strong>crescita legata soprattutto alle migrazioni<\/strong>: nel 2025 il saldo naturale \u00e8 stato positivo per appena 3mila unit\u00e0, con poco pi\u00f9 di 16mila nascite, in calo del 37,1%, e oltre 13mila decessi. Gli <strong>espatri sono stati 109mila<\/strong>, il 22,7% in meno rispetto al 2024, mentre i rimpatri si sono attestati a circa 56mila. Il saldo migratorio resta positivo, a quota 53mila.<\/p>\n<h3>La Calabria e l\u2019emigrazione<\/h3>\n<p>Il Mezzogiorno continua ad avere un peso significativo nella geografia degli italiani all\u2019estero. Al primo gennaio 2025 gli iscritti <a href=\"https:\/\/www.esteri.it\/it\/servizi-opportunita\/italiani-all-estero\/aire_0\/\" rel=\"noopener\"><strong>all\u2019Aire<\/strong> <\/a>erano 6,4 milioni e il 45% risultava iscritto per ultima residenza in una regione del Sud o delle Isole.<strong> La <a href=\"https:\/\/quicosenza.it\/news\/manifestazione-17-novembre-spi-cgil-invita-i-pensionati-ai-presidi-di-cosenza-catanzaro-e-reggio\/\">Calabria<\/a> conta 464mila iscritti, una delle cifre pi\u00f9 alte a livello nazionale, dietro Sicilia, Lombardia, Veneto, Campania e Lazio.<\/strong><\/p>\n<p>Un altro elemento significativo riguarda l\u2019origine dei cittadini italiani residenti fuori dai confini nazionali: soltanto il 30,3% \u00e8 nato in Italia, pari a<strong> 1 milione e 944mila persone.<\/strong> La quota scende drasticamente in Paesi caratterizzati dalle migrazioni storiche, come Brasile, Argentina e Venezuela, mentre cresce negli Stati europei interessati dai flussi migratori pi\u00f9 recenti.<\/p>\n<h3>La fuga dei pensionati, in Spagna e Portogallo<\/h3>\n<p>Sempre pi\u00f9 rilevante \u00e8 anche il fenomeno della cosiddetta \u201c<strong>emigrazione previdenziale<\/strong>\u201d. Al 31 dicembre 2024 erano 347mila i cittadini italiani residenti all\u2019estero titolari di una pensione: il 54% vive in Europa e il 72% \u00e8 nato in Italia.<\/p>\n<p><img loading=\"lazy\" decoding=\"async\" class=\"aligncenter  wp-image-302382\" src=\"https:\/\/quicosenza.it\/news\/wp-content\/uploads\/2026\/09\/Pensionati-allestero-02.jpg\" alt=\"Pensionati all&#039;estero 02\" width=\"613\" height=\"379\" title=\"\" srcset=\"https:\/\/quicosenza.it\/news\/wp-content\/uploads\/2026\/09\/Pensionati-allestero-02.jpg 970w, https:\/\/quicosenza.it\/news\/wp-content\/uploads\/2026\/09\/Pensionati-allestero-02-300x186.jpg 300w, https:\/\/quicosenza.it\/news\/wp-content\/uploads\/2026\/09\/Pensionati-allestero-02-768x475.jpg 768w\" sizes=\"auto, (max-width: 613px) 100vw, 613px\" \/><\/p>\n<p>Tra le destinazioni pi\u00f9 scelte dai pensionati italiani spiccano <strong>Spagna<\/strong>, con 13mila residenti, e <strong>Portogallo<\/strong>, con 4mila, Paesi favoriti anche per il costo e la qualit\u00e0 della vita e, in alcuni casi, per i vantaggi fiscali. <strong>Fuori dall\u2019Europa<\/strong> si segnala invece la <strong>Tunisia<\/strong>, con circa 3mila pensionati italiani.<\/p>\n<p>Il quadro restituito <a href=\"https:\/\/www.istat.it\/comunicato-stampa\/gli-italiani-residenti-allestero-anni-2025\/\" rel=\"noopener\">dall\u2019Istat<\/a> evidenzia dunque una presenza italiana nel mondo sempre pi\u00f9 articolata: <strong>accanto alle nuove generazioni e ai discendenti delle grandi emigrazioni del passato, cresce una componente di cittadini che sceglie l\u2019estero anche nella fase della pensione<\/strong>, alla ricerca di condizioni economiche e di vita pi\u00f9 favorevoli.<\/p>\n","protected":false},"excerpt":{"rendered":"<p>Sono 6,6 milioni gli italiani residenti all\u2019estero secondo l\u2019Istat. Il 54% dei pensionati vive in Europa, mentre la Calabria conta 464mila cittadini iscritti all\u2019Aire: un fenomeno che racconta una mobilit\u00e0 italiana sempre pi\u00f9 strutturale<\/p>\n","protected":false},"author":42,"featured_media":302381,"comment_status":"closed","ping_status":"closed","sticky":false,"template":"","format":"standard","meta":{"_acf_changed":false,"footnotes":"","jetpack_publicize_message":"","jetpack_publicize_feature_enabled":true,"jetpack_social_post_already_shared":true,"jetpack_social_options":{"image_generator_settings":{"template":"highway","default_image_id":0,"font":"","enabled":false},"version":2}},"categories":[16],"tags":[],"class_list":["post-302380","post","type-post","status-publish","format-standard","has-post-thumbnail","hentry","category-italia"],"acf":[],"jetpack_publicize_connections":[],"_links":{"self":[{"href":"https:\/\/quicosenza.it\/news\/wp-json\/wp\/v2\/posts\/302380","targetHints":{"allow":["GET"]}}],"collection":[{"href":"https:\/\/quicosenza.it\/news\/wp-json\/wp\/v2\/posts"}],"about":[{"href":"https:\/\/quicosenza.it\/news\/wp-json\/wp\/v2\/types\/post"}],"author":[{"embeddable":true,"href":"https:\/\/quicosenza.it\/news\/wp-json\/wp\/v2\/users\/42"}],"replies":[{"embeddable":true,"href":"https:\/\/quicosenza.it\/news\/wp-json\/wp\/v2\/comments?post=302380"}],"version-history":[{"count":0,"href":"https:\/\/quicosenza.it\/news\/wp-json\/wp\/v2\/posts\/302380\/revisions"}],"wp:featuredmedia":[{"embeddable":true,"href":"https:\/\/quicosenza.it\/news\/wp-json\/wp\/v2\/media\/302381"}],"wp:attachment":[{"href":"https:\/\/quicosenza.it\/news\/wp-json\/wp\/v2\/media?parent=302380"}],"wp:term":[{"taxonomy":"category","embeddable":true,"href":"https:\/\/quicosenza.it\/news\/wp-json\/wp\/v2\/categories?post=302380"},{"taxonomy":"post_tag","embeddable":true,"href":"https:\/\/quicosenza.it\/news\/wp-json\/wp\/v2\/tags?post=302380"}],"curies":[{"name":"wp","href":"https:\/\/api.w.org\/{rel}","templated":true}]}}