{"id":302396,"date":"2026-09-03T15:33:12","date_gmt":"2026-09-03T13:33:12","guid":{"rendered":"https:\/\/quicosenza.it\/news\/?p=302396"},"modified":"2026-09-03T15:34:45","modified_gmt":"2026-09-03T13:34:45","slug":"san-giovanni-in-fiore-voucher-disabilita","status":"publish","type":"post","link":"https:\/\/quicosenza.it\/news\/san-giovanni-in-fiore-voucher-disabilita\/","title":{"rendered":"San Giovanni in Fiore, al via \u201cLa mia estate\u201d: voucher fino a 3.000 euro per i ragazzi con disabilit\u00e0"},"content":{"rendered":"<p>SAN GIOVANNI IN FIORE (CS) &#8211; <strong>Sostenere le famiglie e garantire ai bambini e ai ragazzi con disabilit\u00e0 opportunit\u00e0 di socializzazione, gioco, sport e crescita insieme ai propri coetanei.<\/strong> \u00c8 questo l\u2019obiettivo della misura <strong>\u201cLa mia estate\u201d<\/strong>, <strong>presentata dall\u2019assessore ai Servizi Sociali del <a href=\"https:\/\/comune.sangiovanniinfiore.cs.it\/\" target=\"_blank\" rel=\"noopener\">Comune di San Giovanni in Fiore<\/a>, Giuseppe Belcastro.<\/strong><\/p>\n<p>Il progetto vede San Giovanni in Fiore nel ruolo di Comune capofila dell\u2019Ambito Territoriale Sociale, insieme ai Comuni di Caccuri, Cerenzia, Savelli e Castelsilano. Un intervento che punta a trasformare il principio dell\u2019inclusione in un sostegno concreto alle famiglie e in nuove opportunit\u00e0 per i ragazzi.<\/p>\n<p><strong>\u00abL\u2019attenzione verso le persone pi\u00f9 fragili e il sostegno concreto alle famiglie non sono solo impegni d\u2019agenda, ma il cuore pulsante della nostra azione amministrativa\u00bb, sottolinea Belcastro<\/strong>, evidenziando come garantire la partecipazione dei giovani con disabilit\u00e0 alla vita sociale rappresenti una precisa scelta dell\u2019amministrazione.<\/p>\n<h3>San Giovanni in Fiore: voucher fino a 3.000 euro<\/h3>\n<p>Il progetto si articola in due principali linee di intervento. La prima riguarda il sostegno diretto alle famiglie, attraverso voucher sociali del valore massimo di 3.000 euro per ciascun destinatario.<\/p>\n<p>Le risorse potranno essere utilizzate per sostenere i costi di centri estivi, attivit\u00e0 ricreative e sportive, laboratori e assistenza educativa individualizzata.<\/p>\n<p><strong>La misura \u00e8 rivolta a bambini e ragazzi di et\u00e0 compresa tra 6 e 19 anni, con disabilit\u00e0 riconosciuta ai sensi della Legge 104\/92, articolo 3 comma 3<\/strong>, residenti nei Comuni appartenenti all\u2019Ambito Territoriale Sociale. Tra i requisiti \u00e8 prevista anche la disponibilit\u00e0 di un ISEE ordinario in corso di validit\u00e0.<\/p>\n<h3>Coinvolti anche enti e professionisti del territorio<\/h3>\n<p>La seconda linea di intervento punta invece alla valorizzazione della rete degli operatori. L&#8217;obiettivo \u00e8 coinvolgere Enti del Terzo Settore, cooperative sociali e professionisti presenti sul territorio, mettendo al centro la qualit\u00e0 dei servizi e lasciando alle famiglie la possibilit\u00e0 di scegliere le attivit\u00e0 e gli operatori pi\u00f9 adatti alle esigenze dei propri figli.<\/p>\n<p><strong>\u00abVogliamo dare centralit\u00e0 alla qualit\u00e0 dei servizi e garantire alle famiglie la massima libert\u00e0 di scelta\u00bb,<\/strong> spiega l\u2019assessore Belcastro.<\/p>\n<h3>Le scadenze<\/h3>\n<p><strong>Sono due le date da segnare per chi intende partecipare alla misura.<\/strong><\/p>\n<p><strong>Gli erogatori di servizi dovranno presentare la manifestazione d\u2019interesse entro le ore 12 del 15 settembre 2026.<\/strong><\/p>\n<p><strong>Per le famiglie, invece, il termine per la presentazione delle domande \u00e8 fissato alle ore 12 del 30 settembre 2026.<\/strong><\/p>\n<p>Le domande potranno essere presentate a mano presso l\u2019Ufficio Protocollo del Comune capofila, indicando sulla busta la dicitura Avviso \u201cLa mia estate\u201d, oppure tramite PEC all\u2019indirizzo protocollogenerale@pec.comune.sangiovanniinfiore.cs.it. \u00c8 inoltre possibile rivolgersi all\u2019ufficio competente del proprio Comune di residenza.<\/p>\n<p>L\u2019iniziativa, nelle intenzioni dell\u2019amministrazione, si inserisce in una pi\u00f9 ampia politica sociale orientata a ridurre le situazioni di isolamento e a costruire una comunit\u00e0 maggiormente inclusiva.<\/p>\n<p>\u00abContinuiamo a lavorare ogni giorno per una politica sociale che risponde ai bisogni reali, che abbatte i muri dell\u2019isolamento e che mette la persona sempre al centro\u00bb, conclude Belcastro, ringraziando i Comuni dell\u2019Ambito, i dipendenti, la responsabile del servizio e gli esperti che hanno collaborato alla realizzazione della misura.<\/p>\n","protected":false},"excerpt":{"rendered":"<p>A San Giovanni in Fiore fino a 3.000 euro per ogni bambino o ragazzo con disabilit\u00e0: la misura \u201cLa mia estate\u201d sostiene le famiglie r finanzia centri estivi, sport, laboratori e assistenza educativa<\/p>\n","protected":false},"author":58,"featured_media":302397,"comment_status":"closed","ping_status":"closed","sticky":false,"template":"","format":"standard","meta":{"_acf_changed":false,"footnotes":"","jetpack_publicize_message":"","jetpack_publicize_feature_enabled":true,"jetpack_social_post_already_shared":true,"jetpack_social_options":{"image_generator_settings":{"template":"highway","default_image_id":0,"font":"","enabled":false},"version":2}},"categories":[28],"tags":[],"class_list":["post-302396","post","type-post","status-publish","format-standard","has-post-thumbnail","hentry","category-provincia"],"acf":[],"jetpack_publicize_connections":[],"_links":{"self":[{"href":"https:\/\/quicosenza.it\/news\/wp-json\/wp\/v2\/posts\/302396","targetHints":{"allow":["GET"]}}],"collection":[{"href":"https:\/\/quicosenza.it\/news\/wp-json\/wp\/v2\/posts"}],"about":[{"href":"https:\/\/quicosenza.it\/news\/wp-json\/wp\/v2\/types\/post"}],"author":[{"embeddable":true,"href":"https:\/\/quicosenza.it\/news\/wp-json\/wp\/v2\/users\/58"}],"replies":[{"embeddable":true,"href":"https:\/\/quicosenza.it\/news\/wp-json\/wp\/v2\/comments?post=302396"}],"version-history":[{"count":0,"href":"https:\/\/quicosenza.it\/news\/wp-json\/wp\/v2\/posts\/302396\/revisions"}],"wp:featuredmedia":[{"embeddable":true,"href":"https:\/\/quicosenza.it\/news\/wp-json\/wp\/v2\/media\/302397"}],"wp:attachment":[{"href":"https:\/\/quicosenza.it\/news\/wp-json\/wp\/v2\/media?parent=302396"}],"wp:term":[{"taxonomy":"category","embeddable":true,"href":"https:\/\/quicosenza.it\/news\/wp-json\/wp\/v2\/categories?post=302396"},{"taxonomy":"post_tag","embeddable":true,"href":"https:\/\/quicosenza.it\/news\/wp-json\/wp\/v2\/tags?post=302396"}],"curies":[{"name":"wp","href":"https:\/\/api.w.org\/{rel}","templated":true}]}}