{"id":302401,"date":"2026-09-03T16:26:20","date_gmt":"2026-09-03T14:26:20","guid":{"rendered":"https:\/\/quicosenza.it\/news\/?p=302401"},"modified":"2026-09-03T16:43:36","modified_gmt":"2026-09-03T14:43:36","slug":"pnrr-cosenza-caruso-fondi","status":"publish","type":"post","link":"https:\/\/quicosenza.it\/news\/pnrr-cosenza-caruso-fondi\/","title":{"rendered":"Pnrr a Cosenza, Caruso: \u00ab100% dei fondi spesi, nonostante dissesto e carenza di personale\u00bb"},"content":{"rendered":"<p>COSENZA &#8211; &#8220;Il<strong> 100% della spesa dei fondi PNRR da parte del Comune di Cosenza \u00e8 un risultato straordinario,<\/strong> soprattutto se rapportato alle condizioni nelle quali questa Amministrazione ha operato. Mentre la <a href=\"https:\/\/quicosenza.it\/news\/pnrr-in-calabria-ritardi-zes-allarme-pd-irto\/\" target=\"_blank\" rel=\"noopener\"><strong>Calabria<\/strong><\/a>, secondo i dati del sistema ReGiS, si conferma ultima nell&#8217;attuazione del PNRR, con appena il 35,5% degli interventi completat<strong>i e circa il 30% delle risorse spese<\/strong>, Cosenza dimostra che anche nelle condizioni pi\u00f9 difficili si possono raggiungere gli obiettivi, rispettare tempi e criteri e trasformare le risorse in opere e servizi per la citt\u00e0&#8221;. Lo affermano in una dichiarazione congiunta il <strong>Sindaco Franz Caruso, e il Presidente dell&#8217;Assise Cittadina Giuseppe Mazzuca.<\/strong><\/p>\n<h3>Pnrr, Cosenza al 100%<\/h3>\n<p>&#8220;Questo risultato \u2013 proseguono \u2013 assume <strong>un valore ancora maggiore se si considera il punto di partenza<\/strong>. <strong>Abbiamo ereditato una situazione finanziaria segnata dal dissesto e dal Piano di riequilibrio e una macchina amministrativa fortemente depotenziata, con carenze di personale e strutture ridotte all&#8217;essenziale.<\/strong><\/p>\n<p>Nonostante questo, abbiamo lavorato contemporaneamente per risanare l&#8217;Ente, ricostruire la capacit\u00e0 amministrativa e intercettare le opportunit\u00e0 offerte dal PNRR. Siamo riusciti, quindi, non solo ad attrarre importanti risorse, ma anche a rispettare procedure e scadenze, portando avanti nello stesso tempo il CIS e <a href=\"https:\/\/www.agendaurbana-cosenzarende.it\/cos-e-agenda-urbana\/\" target=\"_blank\" rel=\"noopener\">Agenda Urbana<\/a>. \u00c8 la dimostrazione concreta di una <strong>capacit\u00e0 di programmazione e di governance c<\/strong>he ha consentito al Comune di Cosenza di non perdere nessuna delle grandi opportunit\u00e0 disponibili.<\/p>\n<p>&#8221; Per oltre quattro anni \u2013 concludono Franz Caruso e Giuseppe Mazzuca &#8211;<strong> abbiamo scelto di fare i fatti, lavorando spesso lontano dai riflettori e privilegiando l&#8217;azione amministrativa agli annunci roboanti e alla promozione personale<\/strong>. Oggi, mentre i dati regionali evidenziano ritardi significativi, Cosenza pu\u00f2 presentare un risultato del 100%. Questo dato non \u00e8 un punto di arrivo, ma la conferma che, anche partendo da condizioni estremamente difficili, con seriet\u00e0, programmazione e responsabilit\u00e0 si possono raggiungere risultati concreti nell&#8217;interesse della collettivit\u00e0&#8221;.<\/p>\n","protected":false},"excerpt":{"rendered":"<p>Mentre la Calabria resta indietro nell\u2019attuazione del Piano, il Comune di Cosenza rivendica il completamento della spesa delle risorse pnrr. Franz Caruso e Giuseppe Mazzuca: \u00abUn risultato straordinario\u00bb<\/p>\n","protected":false},"author":58,"featured_media":302277,"comment_status":"closed","ping_status":"closed","sticky":false,"template":"","format":"standard","meta":{"_acf_changed":false,"footnotes":"","jetpack_publicize_message":"","jetpack_publicize_feature_enabled":true,"jetpack_social_post_already_shared":true,"jetpack_social_options":{"image_generator_settings":{"template":"highway","default_image_id":0,"font":"","enabled":false},"version":2}},"categories":[563,42],"tags":[],"class_list":["post-302401","post","type-post","status-publish","format-standard","has-post-thumbnail","hentry","category-area-urbana","category-cosenza"],"acf":[],"jetpack_publicize_connections":[],"_links":{"self":[{"href":"https:\/\/quicosenza.it\/news\/wp-json\/wp\/v2\/posts\/302401","targetHints":{"allow":["GET"]}}],"collection":[{"href":"https:\/\/quicosenza.it\/news\/wp-json\/wp\/v2\/posts"}],"about":[{"href":"https:\/\/quicosenza.it\/news\/wp-json\/wp\/v2\/types\/post"}],"author":[{"embeddable":true,"href":"https:\/\/quicosenza.it\/news\/wp-json\/wp\/v2\/users\/58"}],"replies":[{"embeddable":true,"href":"https:\/\/quicosenza.it\/news\/wp-json\/wp\/v2\/comments?post=302401"}],"version-history":[{"count":0,"href":"https:\/\/quicosenza.it\/news\/wp-json\/wp\/v2\/posts\/302401\/revisions"}],"wp:featuredmedia":[{"embeddable":true,"href":"https:\/\/quicosenza.it\/news\/wp-json\/wp\/v2\/media\/302277"}],"wp:attachment":[{"href":"https:\/\/quicosenza.it\/news\/wp-json\/wp\/v2\/media?parent=302401"}],"wp:term":[{"taxonomy":"category","embeddable":true,"href":"https:\/\/quicosenza.it\/news\/wp-json\/wp\/v2\/categories?post=302401"},{"taxonomy":"post_tag","embeddable":true,"href":"https:\/\/quicosenza.it\/news\/wp-json\/wp\/v2\/tags?post=302401"}],"curies":[{"name":"wp","href":"https:\/\/api.w.org\/{rel}","templated":true}]}}