{"id":302403,"date":"2026-09-03T18:00:17","date_gmt":"2026-09-03T16:00:17","guid":{"rendered":"https:\/\/quicosenza.it\/news\/?p=302403"},"modified":"2026-09-03T18:03:36","modified_gmt":"2026-09-03T16:03:36","slug":"cosenza-ciodaro-centrodestracostruirealternativa","status":"publish","type":"post","link":"https:\/\/quicosenza.it\/news\/cosenza-ciodaro-centrodestracostruirealternativa\/","title":{"rendered":"Cosenza, Ciodaro (Lega): \u201cil centrodestra deve costruire un\u2019alternativa capace di parlare alla citt\u00e0\u201d"},"content":{"rendered":"<p>COSENZA &#8211; Nonostante il malcontento anche a queste latitudini, nei confronti del suo segretario, ed una emorragia di voti in uscita, la <strong>Lega<\/strong> a <strong>Cosenza<\/strong> alle prossime <strong><a href=\"https:\/\/quicosenza.it\/news\/comunali-cosenza-idm-pronta-sfida-protagonisti\/\">elezioni<\/a> amministrative<\/strong>, del prossimo anno sar\u00e0 presente nella coalizione di centrodestra che allo stato attuale sembrerebbe (anche se ancora mancano ben 8 mesi), non aver avviato, al di l\u00e0 di qualche nome come si suol dire <strong>balneare<\/strong>, un discorso, un progetto, in modo da delineare l\u2019idendikit di un possibile candidato a sindaco ancora non lo ha avviato<\/p>\n<p>Nonostante un malcontento che, anche a queste latitudini, sembra crescere nei confronti della leadership del partito e un\u2019emorragia di consensi che negli ultimi anni ha ridimensionato il peso della <a href=\"https:\/\/legaonline.it\/\" rel=\"noopener\">Lega<\/a>, <strong>il Carroccio <\/strong>sar\u00e0 comunque parte della coalizione di centrodestra alle prossime elezioni<strong> amministrative di Cosenza<\/strong>. Al momento, per\u00f2, al di l\u00e0 di qualche nome circolato e di qualche possibile candidatura che sembra avere pi\u00f9 il sapore di un\u2019ipotesi \u201cbalneare\u201d che di una scelta politica compiuta, il centrodestra non sembra aver ancora avviato un confronto strutturato per definire identit\u00e0, programma e soprattutto<strong> l\u2019identikit del candidato alla carica di sindaco<\/strong>. Quicosenza ne ha parlato con la segretaria provinciale, Emilia Ciodaro.<\/p>\n<p><img loading=\"lazy\" decoding=\"async\" class=\"aligncenter wp-image-294578 \" src=\"https:\/\/quicosenza.it\/news\/wp-content\/uploads\/2026\/06\/Elezioni-Comunali-2026.jpg\" alt=\"Cosenza, Ciodaro(Lega): \u201cil centrodestra deve costruire un\u2019alternativa capace di parlare alla citt\u00e0\u201d\" width=\"384\" height=\"263\" title=\"\" srcset=\"https:\/\/quicosenza.it\/news\/wp-content\/uploads\/2026\/06\/Elezioni-Comunali-2026.jpg 970w, https:\/\/quicosenza.it\/news\/wp-content\/uploads\/2026\/06\/Elezioni-Comunali-2026-300x206.jpg 300w, https:\/\/quicosenza.it\/news\/wp-content\/uploads\/2026\/06\/Elezioni-Comunali-2026-768x527.jpg 768w\" sizes=\"auto, (max-width: 384px) 100vw, 384px\" \/><\/p>\n<p><strong>1)Segretaria, a Cosenza a meno di un anno dalle elezioni amministrative, \u00e8 ormai tempo di bilancio per la giunta guidata da Franz Caruso, come giudica il suo operato?<\/strong><\/p>\n<p><em>Il dato ahim\u00e8 innegabile \u00e8 che nel corso di questi anni <strong>la citt\u00e0 ha perso attrattiva<\/strong> e oggi appare del tutto svuotata, priva di contributi, a tratti finanche mortificata. <strong>Cosenza<\/strong> deve ritornare ad avere un ruolo attrattivo e una nuova centralit\u00e0 che oggi ha innegabilmente perso. Lo dico pensando ai quartieri, ai servizi, al dialogo con le altre municipalit\u00e0. <\/em><\/p>\n<p><strong>\u00a0<\/strong><\/p>\n<p><strong>2)Negli ultimi mesi la maggioranza di centrosinistra \u00e8 stata attraversata da diverse tensioni interne. Nonostante ci\u00f2, il centrodestra sembra non essere riuscito a trasformare queste difficolt\u00e0 in un vantaggio politico. Qual \u00e8 la sua lettura di questa situazione?<\/strong><\/p>\n<p><em>\u00a0Molto spesso le fasi di tensioni possono produrre nuove, <strong>intense coesioni<\/strong> perch\u00e9 le effervescenze non sempre producono negativit\u00e0, al contrario possono dar luogo a fasi di rinnovata coesione. Lo dico soprattutto pensando al bene collettivo della citt\u00e0.<\/em><\/p>\n<p><img loading=\"lazy\" decoding=\"async\" class=\"aligncenter wp-image-252316 \" src=\"https:\/\/quicosenza.it\/news\/wp-content\/uploads\/2025\/02\/Palazzo-dei-Bruzi-Comune-Cosenza.jpg\" alt=\"Cosenza, Ciodaro(Lega): \u201cil centrodestra deve costruire un\u2019alternativa capace di parlare alla citt\u00e0\u201d\" width=\"424\" height=\"272\" title=\"\" srcset=\"https:\/\/quicosenza.it\/news\/wp-content\/uploads\/2025\/02\/Palazzo-dei-Bruzi-Comune-Cosenza.jpg 970w, https:\/\/quicosenza.it\/news\/wp-content\/uploads\/2025\/02\/Palazzo-dei-Bruzi-Comune-Cosenza-300x192.jpg 300w, https:\/\/quicosenza.it\/news\/wp-content\/uploads\/2025\/02\/Palazzo-dei-Bruzi-Comune-Cosenza-768x492.jpg 768w, https:\/\/quicosenza.it\/news\/wp-content\/uploads\/2025\/02\/Palazzo-dei-Bruzi-Comune-Cosenza-655x420.jpg 655w, https:\/\/quicosenza.it\/news\/wp-content\/uploads\/2025\/02\/Palazzo-dei-Bruzi-Comune-Cosenza-150x96.jpg 150w, https:\/\/quicosenza.it\/news\/wp-content\/uploads\/2025\/02\/Palazzo-dei-Bruzi-Comune-Cosenza-696x446.jpg 696w\" sizes=\"auto, (max-width: 424px) 100vw, 424px\" \/><\/p>\n<p><strong>3)Ad ogni modo, nonostante le recenti fibrillazioni a Palazzo dei Bruzi, partiti e movimenti del centrosinistra hanno gi\u00e0 iniziato a guardare alle prossime elezioni amministrative, seppur con strategie e posizioni ancora diverse. Al contrario, il centrodestra cosentino sembra non aver ancora avviato un confronto sulla costruzione di un&#8217;alternativa. Ritiene che si tratti di una fase di attesa o di una difficolt\u00e0 interna?<\/strong><\/p>\n<p><em>Francamente le difficolt\u00e0 degli altri a me interessano poco mi sembra pi\u00f9 interessante pensare a costruire un\u2019alternativa larga, capace di una visione diversa della citt\u00e0. A partire dai nuovi bisogni d\u2019una <strong>citt\u00e0 pi\u00f9 sostenibile, pi\u00f9 verde davvero<\/strong>, capace di dare risposte alle nuove sfide che ci impone il cambiamento climatico. Una citt\u00e0 capace di mettere da parte inutili campanilismi sanitari per poter puntare ad una sanit\u00e0 di livello.<\/em><\/p>\n<p>&nbsp;<\/p>\n<p><strong>4)Quale dovr\u00e0 essere l\u2019identikit del candidato a sindaco?<\/strong><\/p>\n<p><em><strong>Aperto, solidale<\/strong>, senza pregiudizi ma soprattutto capace di uscire dal chiuso del palazzo per tornare a stare in mezzo alla gente. Un sindaco con un uso della fascia pi\u00f9 discreto ed istituzionale realmente solidale, pi\u00f9 attento ai bisogni dei cittadini, insomma non un sindaco di facciata ma un sindaco tra e per i suoi cittadini.<\/em><\/p>\n<p><img loading=\"lazy\" decoding=\"async\" class=\"aligncenter wp-image-302406 \" src=\"https:\/\/quicosenza.it\/news\/wp-content\/uploads\/2026\/09\/emilia-ciodaro.png\" alt=\"Cosenza, Ciodaro(Lega): \u201cil centrodestra deve costruire un\u2019alternativa capace di parlare alla citt\u00e0\u201d\" width=\"266\" height=\"208\" title=\"\" srcset=\"https:\/\/quicosenza.it\/news\/wp-content\/uploads\/2026\/09\/emilia-ciodaro.png 733w, https:\/\/quicosenza.it\/news\/wp-content\/uploads\/2026\/09\/emilia-ciodaro-300x235.png 300w\" sizes=\"auto, (max-width: 266px) 100vw, 266px\" \/><\/p>\n<h3>Ciodaro: \u201cunire partiti e civismo per cambiare Cosenza\u201d<\/h3>\n<p><strong>5)In occasione delle elezioni comunali, molti scelgono di candidarsi o di sostenere liste civiche. Secondo lei, \u00e8 il segno di una sconfitta della politica e dei partiti tradizionali, o una risposta concreta alle esigenze dei territori?<\/strong><\/p>\n<p><em>Nella mia visione, soprattutto per le elezioni comunali, la formula vincente \u00e8 saper coniugare le risorse dei partiti tradizionali con quelle del <strong>civismo diffuso<\/strong>. Io non vedo barriere tra due formule semmai penso ad una contaminazione tra queste due sfere.<\/em><\/p>\n<p><strong>\u00a0<\/strong><\/p>\n<p><strong>6) Nello schieramento di centrodestra potrebbe profilarsi anche l\u2019ipotesi di apertura al civismo?<\/strong><\/p>\n<p><em>Certamente si. L\u2019apertura al civismo per me \u00e8 decisiva.<\/em><\/p>\n","protected":false},"excerpt":{"rendered":"<p>La segretaria provinciale della Lega Emilia Ciodaro interviene sulle prossime amministrative di Cosenza: \u201cLa citt\u00e0 ha perso attrattiva, serve una nuova centralit\u00e0\u201d<\/p>\n","protected":false},"author":59,"featured_media":302405,"comment_status":"closed","ping_status":"closed","sticky":false,"template":"","format":"standard","meta":{"_acf_changed":false,"footnotes":"","jetpack_publicize_message":"","jetpack_publicize_feature_enabled":true,"jetpack_social_post_already_shared":true,"jetpack_social_options":{"image_generator_settings":{"template":"highway","default_image_id":0,"font":"","enabled":false},"version":2}},"categories":[563,42],"tags":[],"class_list":["post-302403","post","type-post","status-publish","format-standard","has-post-thumbnail","hentry","category-area-urbana","category-cosenza"],"acf":[],"jetpack_publicize_connections":[],"_links":{"self":[{"href":"https:\/\/quicosenza.it\/news\/wp-json\/wp\/v2\/posts\/302403","targetHints":{"allow":["GET"]}}],"collection":[{"href":"https:\/\/quicosenza.it\/news\/wp-json\/wp\/v2\/posts"}],"about":[{"href":"https:\/\/quicosenza.it\/news\/wp-json\/wp\/v2\/types\/post"}],"author":[{"embeddable":true,"href":"https:\/\/quicosenza.it\/news\/wp-json\/wp\/v2\/users\/59"}],"replies":[{"embeddable":true,"href":"https:\/\/quicosenza.it\/news\/wp-json\/wp\/v2\/comments?post=302403"}],"version-history":[{"count":0,"href":"https:\/\/quicosenza.it\/news\/wp-json\/wp\/v2\/posts\/302403\/revisions"}],"wp:featuredmedia":[{"embeddable":true,"href":"https:\/\/quicosenza.it\/news\/wp-json\/wp\/v2\/media\/302405"}],"wp:attachment":[{"href":"https:\/\/quicosenza.it\/news\/wp-json\/wp\/v2\/media?parent=302403"}],"wp:term":[{"taxonomy":"category","embeddable":true,"href":"https:\/\/quicosenza.it\/news\/wp-json\/wp\/v2\/categories?post=302403"},{"taxonomy":"post_tag","embeddable":true,"href":"https:\/\/quicosenza.it\/news\/wp-json\/wp\/v2\/tags?post=302403"}],"curies":[{"name":"wp","href":"https:\/\/api.w.org\/{rel}","templated":true}]}}