{"id":302414,"date":"2026-09-03T20:00:37","date_gmt":"2026-09-03T18:00:37","guid":{"rendered":"https:\/\/quicosenza.it\/news\/?p=302414"},"modified":"2026-09-04T09:00:24","modified_gmt":"2026-09-04T07:00:24","slug":"xylella-calabria-allarme-cia-agire-subito","status":"publish","type":"post","link":"https:\/\/quicosenza.it\/news\/xylella-calabria-allarme-cia-agire-subito\/","title":{"rendered":"Xylella in Calabria, l&#8217;allarme della CIA: \u00abNon c&#8217;\u00e8 un minuto da perdere, agire subito per evitare la tragedia pugliese\u00bb"},"content":{"rendered":"<p>LAMEZIA TERME\u00a0 \u2013 Con la notizia di un primo <a href=\"https:\/\/quicosenza.it\/news\/xylella-arriva-calabria-primo-focolaio-decreto\/\" target=\"_blank\" rel=\"noopener\">focolaio di Xylella fastidiosa in Calabria<\/a>, come annunciato dall&#8217;assessore regionale Gallo, si infrange la speranza della <a href=\"https:\/\/www.ciacalabria.it\/\" target=\"_blank\" rel=\"noopener\">CIA Calabria<\/a> che il batterio non arrivasse sul territorio. Un rischio che l&#8217;organizzazione aveva preannunciato e temuto e che oggi commenta: &#8220;Un dato di fatto che non lascia spazio all&#8217;improvvisazione: \u00e8 <strong>assolutamente necessario gestire questa emergenza con il massimo della seriet\u00e0 e della professionalit\u00e0,<\/strong> facendo tesoro delle drammatiche ma preziose esperienze fatte negli anni precedenti in Puglia per evitare gli stessi errori&#8221;.<\/p>\n<p>Un&#8217;emergenza che non va sottovalutata secondo gli <strong>Agricoltori Italiani della Calabria<\/strong> che <strong>condividono e sostengono senza riserve la linea di totale rigore e l&#8217;immediato piano di intervento annunciati dall&#8217;assessore Gallo.<\/strong><\/p>\n<p><img loading=\"lazy\" decoding=\"async\" class=\"aligncenter wp-image-302326\" src=\"https:\/\/quicosenza.it\/news\/wp-content\/uploads\/2026\/09\/Xylella_Calabria_Gallo.jpg\" alt=\"Xylella_Calabria\" width=\"500\" height=\"309\" title=\"\" srcset=\"https:\/\/quicosenza.it\/news\/wp-content\/uploads\/2026\/09\/Xylella_Calabria_Gallo.jpg 970w, https:\/\/quicosenza.it\/news\/wp-content\/uploads\/2026\/09\/Xylella_Calabria_Gallo-300x186.jpg 300w, https:\/\/quicosenza.it\/news\/wp-content\/uploads\/2026\/09\/Xylella_Calabria_Gallo-768x475.jpg 768w\" sizes=\"auto, (max-width: 500px) 100vw, 500px\" \/><\/p>\n<h3>Xylella in Calabria, l&#8217;allarme della CIA: &#8220;In atto tutte le azioni urgenti&#8221;<\/h3>\n<p>\u00ab<strong>Non c&#8217;\u00e8 un minuto da perdere<\/strong> \u2013 dichiarano i vertici della Confederazione regionale di CIA \u2013. Gli uffici regionali preposti e i servizi fitosanitari devono <strong>mettere in atto<\/strong>, senza alcun indugio,<strong> tutte le azioni urgenti e necessarie di isolamento, eradicazione e contenimento nell&#8217;area del ritrovamento.<\/strong> \u00c8 indispensabile bloccare sul nascere ogni potenziale diffusione del batterio: una sua propagazione avrebbe conseguenze nefaste e irreversibili su un patrimonio economico, paesaggistico e identitario unico\u00bb.<\/p>\n<p>La CIA ricorda che il comparto olivicolo calabrese si trova gi\u00e0 a fare i conti con un quadro macroeconomico complesso, pesantemente segnato dalle ricorrenti crisi climatiche e da una perdurante instabilit\u00e0 dei mercati. Permettere alla Xylella di avanzare, chiarisce l&#8217;associazione, &#8220;significherebbe <strong>infliggere un colpo mortale a migliaia di aziende agricole e vivaistiche<\/strong> che rappresentano l&#8217;ossatura delle aree rurali della regione&#8221;.<\/p>\n<h3>La necessit\u00e0 di tutele per i vivai calabresi<\/h3>\n<p>In questo contesto di emergenza, CIA Calabria pone l&#8217;accento sulla <strong>necessit\u00e0 assoluta di tutelare i vivai calabresi,<\/strong> molti dei quali operano da generazioni con standard altissimi, rappresentano un presidio fondamentale per la biosicurezza agroalimentare.<\/p>\n<p>In particolare, la Calabria produce piante all&#8217;interno del sistema Qualit\u00e0 Vivaistica Italia (QVI), il livello di certificazione fitosanitaria e genetica pi\u00f9 alto in Italia e in Europa. &#8220;Questo patrimonio di sanit\u00e0 e qualit\u00e0 certificata non pu\u00f2 essere messo a rischio. &#8211; chiarisce la CIA &#8211; Ottenere produzioni di Olio EVO competitive e remunerative nel tempo \u00e8 possibile solo partendo da piante sane, certificate e sicure. Per questo motivo, <strong>il piano di emergenza deve viaggiare in perfetta sinergia con il sistema vivaistico,<\/strong> garantendo controlli rigorosi ma anche la massima salvaguardia delle strutture produttive che garantiscono il futuro degli impianti olivicoli&#8221;.<\/p>\n<p><img loading=\"lazy\" decoding=\"async\" class=\"aligncenter wp-image-291626\" src=\"https:\/\/quicosenza.it\/news\/wp-content\/uploads\/2026\/05\/ulivi-xylella.jpg\" alt=\"ulivi xylella\" width=\"500\" height=\"309\" title=\"\" srcset=\"https:\/\/quicosenza.it\/news\/wp-content\/uploads\/2026\/05\/ulivi-xylella.jpg 970w, https:\/\/quicosenza.it\/news\/wp-content\/uploads\/2026\/05\/ulivi-xylella-300x186.jpg 300w, https:\/\/quicosenza.it\/news\/wp-content\/uploads\/2026\/05\/ulivi-xylella-768x475.jpg 768w\" sizes=\"auto, (max-width: 500px) 100vw, 500px\" \/><\/p>\n<h3>&#8220;Non solo difesa ma anche salvaguardia&#8221;<\/h3>\n<p>&#8220;Tuttavia, la <strong>reazione deve essere improntata non solo alla difesa, ma anche alla salvaguardia delle grandi opportunit\u00e0 di sviluppo in atto<\/strong>. &#8211; aggiunge la CIA &#8211; Il settore \u00e8 infatti mobilitato per cogliere i vantaggi storici offerti dal Piano Olivicolo Nazionale e dalle incisive azioni di valorizzazione e rafforzamento della filiera portate avanti dall&#8217;Amministrazione regionale, di concerto con le Organizzazioni dei Produttori (OP) e le Associazioni di categoria. Al centro di questa strategia di rilancio vi \u00e8 l&#8217;Olio Extravergine d&#8217;Oliva (EVO) calabrese, un&#8217;eccellenza sempre pi\u00f9 riconosciuta sui mercati internazionali per qualit\u00e0 e sostenibilit\u00e0&#8221;.<\/p>\n<p>&#8220;Proprio ora che la Calabria dell&#8217;olio sta dimostrando una straordinaria capacit\u00e0 di resilienza e di posizionamento qualitativo \u2013 conclude CIA Calabria \u2013 <strong>istituzioni, agricoltori e partner di filiera devono stringersi in un fronte comune.<\/strong> Chiediamo il potenziamento immediato delle risorse umane e finanziarie per i monitoraggi a tappeto e la massima trasparenza verso i produttori. Proteggere gli ulivi di Taurianova e dell&#8217;intera regione significa difendere il futuro del nostro agroalimentare e l&#8217;economia delle nostre comunit\u00e0&#8221;.<\/p>\n","protected":false},"excerpt":{"rendered":"<p>Sul focolaio scoperto in Calabria l&#8217;Associazione degli Agricoltori sostiene il piano messo in campo dalla Regione, invoca il massimo rigore chiedendo un fronte comune per salvare l&#8217;olivicoltura regionale <\/p>\n","protected":false},"author":90,"featured_media":291628,"comment_status":"closed","ping_status":"closed","sticky":false,"template":"","format":"standard","meta":{"_acf_changed":false,"footnotes":"","jetpack_publicize_message":"","jetpack_publicize_feature_enabled":true,"jetpack_social_post_already_shared":true,"jetpack_social_options":{"image_generator_settings":{"template":"highway","default_image_id":0,"font":"","enabled":false},"version":2}},"categories":[17],"tags":[],"class_list":["post-302414","post","type-post","status-publish","format-standard","has-post-thumbnail","hentry","category-calabria"],"acf":[],"jetpack_publicize_connections":[],"_links":{"self":[{"href":"https:\/\/quicosenza.it\/news\/wp-json\/wp\/v2\/posts\/302414","targetHints":{"allow":["GET"]}}],"collection":[{"href":"https:\/\/quicosenza.it\/news\/wp-json\/wp\/v2\/posts"}],"about":[{"href":"https:\/\/quicosenza.it\/news\/wp-json\/wp\/v2\/types\/post"}],"author":[{"embeddable":true,"href":"https:\/\/quicosenza.it\/news\/wp-json\/wp\/v2\/users\/90"}],"replies":[{"embeddable":true,"href":"https:\/\/quicosenza.it\/news\/wp-json\/wp\/v2\/comments?post=302414"}],"version-history":[{"count":0,"href":"https:\/\/quicosenza.it\/news\/wp-json\/wp\/v2\/posts\/302414\/revisions"}],"wp:featuredmedia":[{"embeddable":true,"href":"https:\/\/quicosenza.it\/news\/wp-json\/wp\/v2\/media\/291628"}],"wp:attachment":[{"href":"https:\/\/quicosenza.it\/news\/wp-json\/wp\/v2\/media?parent=302414"}],"wp:term":[{"taxonomy":"category","embeddable":true,"href":"https:\/\/quicosenza.it\/news\/wp-json\/wp\/v2\/categories?post=302414"},{"taxonomy":"post_tag","embeddable":true,"href":"https:\/\/quicosenza.it\/news\/wp-json\/wp\/v2\/tags?post=302414"}],"curies":[{"name":"wp","href":"https:\/\/api.w.org\/{rel}","templated":true}]}}