{"id":302415,"date":"2026-09-03T18:13:28","date_gmt":"2026-09-03T16:13:28","guid":{"rendered":"https:\/\/quicosenza.it\/news\/?p=302415"},"modified":"2026-09-04T07:36:46","modified_gmt":"2026-09-04T05:36:46","slug":"vicenda-stadio-marulla-gruppo-pdcosenza-conv","status":"publish","type":"post","link":"https:\/\/quicosenza.it\/news\/vicenda-stadio-marulla-gruppo-pdcosenza-conv\/","title":{"rendered":"Vicenda stadio Marulla, il gruppo Pd Cosenza difende la linea del sindaco: &#8220;Convenzione di 5 anni un evidente errore &#8220;"},"content":{"rendered":"<p><strong>COSENZA<\/strong> \u2013 Continua a far discutere a Palazzo dei Bruzi la complessa vicenda legata alla concessione dello <strong>Stadio Marulla<\/strong>. Il quadro giudiziario ha visto prima il pronunciamento del <strong>Tribunale Amministrativo Regionale (TAR) della Calabria<\/strong> che aveva dato ragione al Comune sulla chiusura dell&#8217;impianto per i lavori di restyling, poi la svolta la sentenza del <strong>Consiglio di Stato<\/strong>, che ha invece <a href=\"https:\/\/quicosenza.it\/news\/consiglio-di-stato-cosenza-calcio-marulla-sent\/\" target=\"_blank\" rel=\"noopener\">accolto il ricorso<\/a> cautelare d\u2019urgenza presentato dal <strong>Cosenza Calcio<\/strong>.\u00a0Il provvedimento dei giudici di Palazzo Spada ha infatti<strong> congelato le ordinanze comunali,<\/strong> consentendo alla societ\u00e0 rossobl\u00f9 di <strong>riottenere la disponibilit\u00e0 dell\u2019impianto cittadino<\/strong> e tornare a disputare le gare casalinghe in citt\u00e0.<\/p>\n<p>Di fronte al pronunciamento, il sindaco <strong>Franz Caruso<\/strong> e il presidente del consiglio comunale <strong>Giuseppe Mazzuca<\/strong> avevano commentato la decisione sottolineando la correttezza dell&#8217;operato dell&#8217;amministrazione: <em><strong>&#8220;Non possiamo rimproverarci nulla, i<\/strong>n quanto abbiamo fatto tutto ci\u00f2 che ritenevamo giusto fare nelle condizioni date. Ora siamo in presenza della decisione di un giudice che possiamo anche non condividere, ma che rispettiamo&#8221;<\/em>.<\/p>\n<h3>PD COSENZA &#8220;bene le dichiarazioni di Caruso e Mazzuca&#8221;<\/h3>\n<p>A margine dei recenti sviluppi e dei lavori della Commissione consiliare Controllo e Garanzia, i consiglieri <strong>Francesco Alimena<\/strong>, <strong>Assunta Mascaro<\/strong> e <strong>Massimiliano D\u2019Antonio<\/strong> hanno espresso la posizione ufficiale del gruppo <strong>PD Cosenza<\/strong>, chiedendo una profonda riflessione sulla struttura della convenzione con la societ\u00e0 sportiva e stigmatizzando le tensioni politiche interne.\u00a0<em>&#8220;Il gruppo consiliare &#8220;PDCOSENZA <strong>ha apprezzato e condiviso la dichiarazione congiunta del sindaco e del presidente del consiglio comunale<\/strong> sul pronunciamento del Tribunale amministrativo regionale sulla revoca della convenzione per l&#8217;uso del San Vito &#8211; Marulla da parte del <a href=\"https:\/\/www.ilcosenza.it\/\" target=\"_blank\" rel=\"noopener\">Cosenza Calcio<\/a>. Quello di Franz Caruso e Giuseppe Mazzuca \u00e8 stato un atto di responsabilit\u00e0\u201d.<\/em><\/p>\n<p><img loading=\"lazy\" decoding=\"async\" class=\"wp-image-289760 aligncenter\" src=\"https:\/\/quicosenza.it\/news\/wp-content\/uploads\/2026\/04\/Cosniglio-Comunale-Cosenza.jpg\" alt=\"Consiglio Comunale Cosenza Calcio MArulla\" width=\"611\" height=\"387\" title=\"\" srcset=\"https:\/\/quicosenza.it\/news\/wp-content\/uploads\/2026\/04\/Cosniglio-Comunale-Cosenza.jpg 970w, https:\/\/quicosenza.it\/news\/wp-content\/uploads\/2026\/04\/Cosniglio-Comunale-Cosenza-300x190.jpg 300w, https:\/\/quicosenza.it\/news\/wp-content\/uploads\/2026\/04\/Cosniglio-Comunale-Cosenza-768x486.jpg 768w\" sizes=\"auto, (max-width: 611px) 100vw, 611px\" \/><\/p>\n<h3>Stadio Marulla: &#8220;ora riflettere e agire&#8221;<\/h3>\n<p><em>\u201cDi fronte a strumentalizzazioni e diffidenze che in citt\u00e0 <strong>qualcuno tenta di alimentare come se ci fosse stato un gioco delle parti tra amministrazione comunale e societ\u00e0 di calcio<\/strong>, Caruso e Mazzuca hanno fatto bene ad affermare di volere prendere atto dell&#8217;esito del ricorso. Sarebbe stato inopportuno annunciare un <strong>potenziale ricorso a quel pronunciamento.\u00a0<\/strong><\/em><em>\u201cCompete, ora, al Consiglio comunale <\/em>\u2013 prosegue la nota &#8211;<em>\u00a0che aveva deliberato alla unanimit\u00e0 la revoca della convenzione, <strong>riflettere e decidere sul come non lasciare cadere la vicenda alla luce degli impegni che erano stati assunti sin dalla riunione del Consiglio comunale<\/strong> aperto con la tifoseria cittadina.<\/em><\/p>\n<h3>&#8220;Evidente errore la convezione quinquennale con il Cosenza Calcio&#8221;<\/h3>\n<p><em>\u201cPer quanto ci riguarda, non a caso abbiamo inteso richiamare e sottolineare stamani nella riunione della Commissione consiliare Controllo e Garanzia, la necessit\u00e0 di riflettere su un <strong>vizio d&#8217;origine<\/strong> che ha caratterizzato la convenzione. Non si pu\u00f2 non convenire che la proposta all\u2019epoca formulata dall&#8217;assessore Damiano Covelli, di <strong>stipulare una convenzione della durata quinquennale, \u00e8 stato un evidente errore<\/strong>\u201d.<\/em><\/p>\n<h3>&#8220;Lacunosa anche la parte finanziaria dell\u2019accordo&#8221;<\/h3>\n<p><em>\u201cSarebbe stato giusto che <strong>la concessione dello stadio fosse stata stipulata per un anno<\/strong> e <strong>rinnovata all&#8217;inizio di ogni campionato<\/strong>. Da pi\u00f9 parti l&#8217;obiezione \u00e8 stata sollevata a quel tempo, oggi, alla luce dei fatti accaduti, \u00e8 una conferma incontestabile. Cos\u00ec come molto <strong>lacunosa \u00e8 la parte della convenzione finalizzata <\/strong>a definire gli obblighi ed i vincoli riguardanti entrambi le parti che firmano la stipula.\u00a0<\/em><em>Insomma, \u00e8 stato giusto avviare nella seduta odierna una <strong>riflessione su come ritornare sulla vicenda, a prescindere dal consiglio di Stato<\/strong>, per tutelare l&#8217;interesse della pubblica amministrazione che oltretutto rischia di essere persino esposta a potenziali richieste di risarcimento danni da parte della societ\u00e0 Cosenza calcio.<\/em><\/p>\n<p><img loading=\"lazy\" decoding=\"async\" class=\"wp-image-299659 aligncenter\" src=\"https:\/\/quicosenza.it\/news\/wp-content\/uploads\/2026\/07\/Stadio-Marulla-Cosenza-Calcio.jpg\" alt=\"Stadio Marulla Cosenza Calcio\" width=\"541\" height=\"356\" title=\"\" srcset=\"https:\/\/quicosenza.it\/news\/wp-content\/uploads\/2026\/07\/Stadio-Marulla-Cosenza-Calcio.jpg 970w, https:\/\/quicosenza.it\/news\/wp-content\/uploads\/2026\/07\/Stadio-Marulla-Cosenza-Calcio-300x197.jpg 300w, https:\/\/quicosenza.it\/news\/wp-content\/uploads\/2026\/07\/Stadio-Marulla-Cosenza-Calcio-768x505.jpg 768w\" sizes=\"auto, (max-width: 541px) 100vw, 541px\" \/><\/p>\n<h3>La stoccata a Graziadio<\/h3>\n<p><em>Se \u00e8 vero tutto ci\u00f2, non pu\u00f2 che generare amarezza l&#8217;atteggiamento tenuto questa mattina nella riunione della Commissione controllo del <strong>consigliere comunale Francesco Graziadio<\/strong> che invece di cimentarsi nel merito della problematica all&#8217;ordine del giorno ha dato ancora una volta prova di <strong>strumentalizzare le sedi istituzionali per fomentare polemiche interne al PD\u201d<\/strong>. <\/em><\/p>\n<p><em>\u201cNon \u00e8 possibile che Graziadio dalla sua postazione possa sacrificare il proprio senso istituzionale per riportare la lotta politica interna al PD a Palazzo dei Bruzi. N\u00e9 \u00e8 tollerabile che sulla vicenda dello stadio Marulla <strong>non si possa portare a compimento un confronto istituzionale<\/strong> perch\u00e9 ogni qual volta la Commissione consiliare competente se ne \u00e8 occupata, \u00e8 stata tacciata di lesa maest\u00e0 verso un assessore, che pretende di esercitare la delega su tutto e poi non volersi assumere la responsabilit\u00e0 su nulla&#8221;.<\/em><\/p>\n<p><strong>Francesco Alimena<br \/>\n<\/strong><strong>Assunta Mascaro<br \/>\n<\/strong><strong>Massimiliano D\u2019Antonio<br \/>\n<\/strong><em>(Gruppo PDCOSENZA)<\/em>&#8220;<\/p>\n","protected":false},"excerpt":{"rendered":"<p>Dopo il verdetto sul Marulla, i consiglieri comunali del gruppo PD apprezzano e condividono la dichiarazioni di Sindaco e Presidente del Consiglio, ma rilevano &#8220;serviva la concessione annuale per evitare rischi legali ed economici per Palazzo dei Bruzi<\/p>\n","protected":false},"author":55,"featured_media":274829,"comment_status":"closed","ping_status":"closed","sticky":false,"template":"","format":"standard","meta":{"_acf_changed":false,"footnotes":"","jetpack_publicize_message":"","jetpack_publicize_feature_enabled":true,"jetpack_social_post_already_shared":true,"jetpack_social_options":{"image_generator_settings":{"template":"highway","default_image_id":0,"font":"","enabled":false},"version":2}},"categories":[563,42],"tags":[],"class_list":["post-302415","post","type-post","status-publish","format-standard","has-post-thumbnail","hentry","category-area-urbana","category-cosenza"],"acf":[],"jetpack_publicize_connections":[],"_links":{"self":[{"href":"https:\/\/quicosenza.it\/news\/wp-json\/wp\/v2\/posts\/302415","targetHints":{"allow":["GET"]}}],"collection":[{"href":"https:\/\/quicosenza.it\/news\/wp-json\/wp\/v2\/posts"}],"about":[{"href":"https:\/\/quicosenza.it\/news\/wp-json\/wp\/v2\/types\/post"}],"author":[{"embeddable":true,"href":"https:\/\/quicosenza.it\/news\/wp-json\/wp\/v2\/users\/55"}],"replies":[{"embeddable":true,"href":"https:\/\/quicosenza.it\/news\/wp-json\/wp\/v2\/comments?post=302415"}],"version-history":[{"count":0,"href":"https:\/\/quicosenza.it\/news\/wp-json\/wp\/v2\/posts\/302415\/revisions"}],"wp:featuredmedia":[{"embeddable":true,"href":"https:\/\/quicosenza.it\/news\/wp-json\/wp\/v2\/media\/274829"}],"wp:attachment":[{"href":"https:\/\/quicosenza.it\/news\/wp-json\/wp\/v2\/media?parent=302415"}],"wp:term":[{"taxonomy":"category","embeddable":true,"href":"https:\/\/quicosenza.it\/news\/wp-json\/wp\/v2\/categories?post=302415"},{"taxonomy":"post_tag","embeddable":true,"href":"https:\/\/quicosenza.it\/news\/wp-json\/wp\/v2\/tags?post=302415"}],"curies":[{"name":"wp","href":"https:\/\/api.w.org\/{rel}","templated":true}]}}