{"id":302418,"date":"2026-09-03T19:00:41","date_gmt":"2026-09-03T17:00:41","guid":{"rendered":"https:\/\/quicosenza.it\/news\/?p=302418"},"modified":"2026-09-03T18:32:44","modified_gmt":"2026-09-03T16:32:44","slug":"anfiteatro-della-villa-vecchia-anton-antonante","status":"publish","type":"post","link":"https:\/\/quicosenza.it\/news\/anfiteatro-della-villa-vecchia-anton-antonante\/","title":{"rendered":"Cosenza, l&#8217;anfiteatro della Villa Vecchia verso l&#8217;intitolazione ad Antonello Antonante: \u00abOmaggio al R.A.T.\u00bb"},"content":{"rendered":"<p>COSENZA &#8211; <strong>L&#8217;anfiteatro della Villa Vecchia<\/strong> verso l&#8217;intitolazione ad <a href=\"https:\/\/quicosenza.it\/news\/463786-addio-ad-antonello-antonante-fondatore-del-teatro-dellacquario-di-cosenza\/\" target=\"_blank\" rel=\"noopener\"><strong>Antonello Antonante<\/strong><\/a>. Lo fa sapere il sindaco della Citt\u00e0 dei Bruzi che sottolinea il particolare significato che l&#8217;iniziativa assumerebbe proprio nel 2026, anno in cui ricorre il <strong>cinquantesimo anniversario<\/strong> della <strong>nascita del Centro R.A.T. Teatro dell&#8217;Acquario<\/strong> fondato a Cosenza nell&#8217;agosto del 1976.<\/p>\n<p>&#8220;Nei giorni scorsi, per mio conto &#8211; ha spiegato il primo cittadino &#8211; il consigliere comunale Francesco Turco, che sta seguendo il percorso delle nuove intitolazioni a personalit\u00e0 che hanno dato lustro alla nostra citt\u00e0, anche nella sua qualit\u00e0 di presidente della Commissione Urbanistica, ha avuto <strong>un&#8217;interlocuzione con la Prefettura di Cosenza per sollecitare l&#8217;iter necessario<\/strong> a ottenere la deroga prevista dalla normativa e procedere all&#8217;intitolazione dell&#8217;Anfiteatro della Villa Vecchia alla memoria di Antonello Antonante&#8221;.<\/p>\n<p><img loading=\"lazy\" decoding=\"async\" class=\"aligncenter  wp-image-262110\" src=\"https:\/\/quicosenza.it\/news\/wp-content\/uploads\/2025\/06\/villa-vecchia-013.jpg\" alt=\"\" width=\"506\" height=\"264\" title=\"\" srcset=\"https:\/\/quicosenza.it\/news\/wp-content\/uploads\/2025\/06\/villa-vecchia-013.jpg 970w, https:\/\/quicosenza.it\/news\/wp-content\/uploads\/2025\/06\/villa-vecchia-013-300x156.jpg 300w, https:\/\/quicosenza.it\/news\/wp-content\/uploads\/2025\/06\/villa-vecchia-013-768x401.jpg 768w, https:\/\/quicosenza.it\/news\/wp-content\/uploads\/2025\/06\/villa-vecchia-013-805x420.jpg 805w, https:\/\/quicosenza.it\/news\/wp-content\/uploads\/2025\/06\/villa-vecchia-013-150x78.jpg 150w, https:\/\/quicosenza.it\/news\/wp-content\/uploads\/2025\/06\/villa-vecchia-013-696x363.jpg 696w\" sizes=\"auto, (max-width: 506px) 100vw, 506px\" \/><\/p>\n<h3>L&#8217;anfiteatro della Villa Vecchia, l&#8217;omaggio di Cosenza ad Antonello Antonante<\/h3>\n<p>&#8220;<strong>Vorremmo che questa intitolazione avvenisse proprio nel cinquantesimo anniversario del Centro R.A.T.<\/strong> \u2013 afferma <a href=\"https:\/\/www.facebook.com\/franzcaruso\" target=\"_blank\" rel=\"noopener\">Franz Caruso<\/a> \u2013 perch\u00e9 sarebbe il modo pi\u00f9 significativo per ricordare Antonello Antonante e, insieme, una straordinaria esperienza culturale che ha segnato profondamente la storia della nostra citt\u00e0, della Calabria e del Mezzogiorno. L&#8217;Anfiteatro della Villa Vecchia ci \u00e8 sembrato il luogo pi\u00f9 naturale e simbolico. \u00c8 l\u00ec che Cosenza, insieme alla sua famiglia, ha voluto salutarlo e stringersi attorno alla sua memoria qualche giorno dopo la sua scomparsa avvenuta il 6 luglio del 2022. Intitolarlo a lui significherebbe trasformare quel momento di partecipazione e di dolore collettivo in una memoria viva e permanente&#8221;.<\/p>\n<p>Antonello Antonante \u00e8 stato <strong>attore, regista, drammaturgo, organizzatore e direttore artistico<\/strong>, ma soprattutto un <strong>infaticabile animatore culturale.<\/strong> Per 47 anni ha guidato il Teatro dell&#8217;Acquario, facendone un punto di riferimento per il teatro di ricerca, la sperimentazione e la formazione. Dal 2007 al 2011, alla guida del Teatro Rendano, ha proseguito il suo impegno per portare a Cosenza importanti esperienze della scena contemporanea. Fu tra i promotori dell&#8217;arrivo di Dario Fo nel 1988 e, prima ancora, del Living Theatre di Julian Beck e Judith Malina.<\/p>\n<p><img loading=\"lazy\" decoding=\"async\" class=\"aligncenter  wp-image-192054\" src=\"https:\/\/quicosenza.it\/news\/wp-content\/uploads\/2023\/02\/dario-fo-e-antonello-antonante.jpg\" alt=\"\" width=\"500\" height=\"468\" title=\"\" srcset=\"https:\/\/quicosenza.it\/news\/wp-content\/uploads\/2023\/02\/dario-fo-e-antonello-antonante.jpg 928w, https:\/\/quicosenza.it\/news\/wp-content\/uploads\/2023\/02\/dario-fo-e-antonello-antonante-300x281.jpg 300w, https:\/\/quicosenza.it\/news\/wp-content\/uploads\/2023\/02\/dario-fo-e-antonello-antonante-768x719.jpg 768w, https:\/\/quicosenza.it\/news\/wp-content\/uploads\/2023\/02\/dario-fo-e-antonello-antonante-150x140.jpg 150w, https:\/\/quicosenza.it\/news\/wp-content\/uploads\/2023\/02\/dario-fo-e-antonello-antonante-696x652.jpg 696w, https:\/\/quicosenza.it\/news\/wp-content\/uploads\/2023\/02\/dario-fo-e-antonello-antonante-449x420.jpg 449w\" sizes=\"auto, (max-width: 500px) 100vw, 500px\" \/><\/p>\n<h3>&#8220;Un atto di memoria ma anche il riconoscimento della cultura fondata sulla passione&#8221;<\/h3>\n<p>&#8220;Il cinquantesimo anniversario del Centro R.A.T. \u2013 prosegue il primo cittadino \u2013 rappresenta un&#8217;occasione preziosa per ricordare quanto quella esperienza abbia contribuito alla <strong>crescita culturale della nostra comunit\u00e0.<\/strong> In cinquant&#8217;anni sono stati prodotti spettacoli portati in Italia e all&#8217;estero, sono stati sviluppati percorsi di formazione e di teatro per ragazzi e sono stati creati luoghi e occasioni di cultura che appartengono alla storia di Cosenza. L&#8217;amministrazione comunale ha fatto e continuer\u00e0 a fare quanto nelle proprie possibilit\u00e0 per tutelare questo patrimonio, come testimoniato anche da Carlo Antonante Bugliari in una sua recente intervista e che ringrazio per la correttezza e sensibilit\u00e0 dimostrate&#8221;.<\/p>\n<p>&#8220;La futura intitolazione dell&#8217;Anfiteatro della Villa Vecchia \u2013 conclude Caruso \u2013 vuole quindi essere <strong>un atto di memoria nei confronti di Antonello Antonante<\/strong>, ma anche il <strong>riconoscimento di un&#8217;idea di cultura fondata sulla passione, sull&#8217;impegno civile e sulla capacit\u00e0 di creare<\/strong>, attraverso il teatro, relazioni e opportunit\u00e0 per la comunit\u00e0. Farlo nel cinquantesimo anniversario del Centro R.A.T. renderebbe questo gesto ancora pi\u00f9 significativo e pregnante&#8221;.<\/p>\n","protected":false},"excerpt":{"rendered":"<p>L&#8217;annuncio del sindaco Caruso: &#8220;Vorremmo che avvenisse proprio nel cinquantesimo anniversario del Centro R.A.T., sarebbe il modo pi\u00f9 significativo per ricordarlo e, insieme, una straordinaria esperienza culturale che ha segnato la storia della nostra citt\u00e0, della Calabria e del Mezzogiorno&#8221;<\/p>\n","protected":false},"author":90,"featured_media":302419,"comment_status":"closed","ping_status":"closed","sticky":false,"template":"","format":"standard","meta":{"_acf_changed":false,"footnotes":"","jetpack_publicize_message":"","jetpack_publicize_feature_enabled":true,"jetpack_social_post_already_shared":true,"jetpack_social_options":{"image_generator_settings":{"template":"highway","default_image_id":0,"font":"","enabled":false},"version":2}},"categories":[563,42],"tags":[],"class_list":["post-302418","post","type-post","status-publish","format-standard","has-post-thumbnail","hentry","category-area-urbana","category-cosenza"],"acf":[],"jetpack_publicize_connections":[],"_links":{"self":[{"href":"https:\/\/quicosenza.it\/news\/wp-json\/wp\/v2\/posts\/302418","targetHints":{"allow":["GET"]}}],"collection":[{"href":"https:\/\/quicosenza.it\/news\/wp-json\/wp\/v2\/posts"}],"about":[{"href":"https:\/\/quicosenza.it\/news\/wp-json\/wp\/v2\/types\/post"}],"author":[{"embeddable":true,"href":"https:\/\/quicosenza.it\/news\/wp-json\/wp\/v2\/users\/90"}],"replies":[{"embeddable":true,"href":"https:\/\/quicosenza.it\/news\/wp-json\/wp\/v2\/comments?post=302418"}],"version-history":[{"count":0,"href":"https:\/\/quicosenza.it\/news\/wp-json\/wp\/v2\/posts\/302418\/revisions"}],"wp:featuredmedia":[{"embeddable":true,"href":"https:\/\/quicosenza.it\/news\/wp-json\/wp\/v2\/media\/302419"}],"wp:attachment":[{"href":"https:\/\/quicosenza.it\/news\/wp-json\/wp\/v2\/media?parent=302418"}],"wp:term":[{"taxonomy":"category","embeddable":true,"href":"https:\/\/quicosenza.it\/news\/wp-json\/wp\/v2\/categories?post=302418"},{"taxonomy":"post_tag","embeddable":true,"href":"https:\/\/quicosenza.it\/news\/wp-json\/wp\/v2\/tags?post=302418"}],"curies":[{"name":"wp","href":"https:\/\/api.w.org\/{rel}","templated":true}]}}