{"id":302421,"date":"2026-09-03T19:39:06","date_gmt":"2026-09-03T17:39:06","guid":{"rendered":"https:\/\/quicosenza.it\/news\/?p=302421"},"modified":"2026-09-03T19:39:06","modified_gmt":"2026-09-03T17:39:06","slug":"caldo-scuola-rientro-regione-decisione-istituti","status":"publish","type":"post","link":"https:\/\/quicosenza.it\/news\/caldo-scuola-rientro-regione-decisione-istituti\/","title":{"rendered":"Caldo e rientro a scuola, la Regione ha deciso: \u00abApertura al 15 settembre, ma la decisione passa agli istituti\u00bb"},"content":{"rendered":"<p>CATANZARO &#8211; L&#8217;ondata di caldo eccezionale che sta interessando la Calabria in queste ultime settimane d&#8217;estate ha riacceso con forza il dibattito sull&#8217;avvio del nuovo anno scolastico 2026\/2027 ed il <a href=\"https:\/\/quicosenza.it\/news\/rinvio-delle-lezioni-per-il-caldo-meteo-10-sett\/\" target=\"_blank\" rel=\"noopener\">possibile rinvio dell&#8217;inizio delle lezioni.<\/a> Di fronte alle elevate temperature, diverse sigle sindacali hanno sollecitato la Regione Calabria e l&#8217;Ufficio Scolastico Regionale (USR) a valutare un posticipo dell&#8217;inizio delle lezioni, attualmente fissato per <b data-path-to-node=\"4\" data-index-in-node=\"429\">marted\u00ec 15 settembre 2026<\/b>, denunciando il rischio per la salute di studenti e personale all&#8217;interno di aule spesso prive di impianti di climatizzazione.<\/p>\n<p><img loading=\"lazy\" decoding=\"async\" class=\"aligncenter wp-image-302365\" src=\"https:\/\/quicosenza.it\/news\/wp-content\/uploads\/2026\/09\/Rinviare-le-lezioni-per-il-caldo-scuole.jpg\" alt=\"Rinvio delle lezioni per il caldo scuole\" width=\"504\" height=\"313\" title=\"\" srcset=\"https:\/\/quicosenza.it\/news\/wp-content\/uploads\/2026\/09\/Rinviare-le-lezioni-per-il-caldo-scuole.jpg 970w, https:\/\/quicosenza.it\/news\/wp-content\/uploads\/2026\/09\/Rinviare-le-lezioni-per-il-caldo-scuole-300x186.jpg 300w, https:\/\/quicosenza.it\/news\/wp-content\/uploads\/2026\/09\/Rinviare-le-lezioni-per-il-caldo-scuole-768x477.jpg 768w\" sizes=\"auto, (max-width: 504px) 100vw, 504px\" \/><\/p>\n<h3 data-path-to-node=\"5\">Caldo e inizio delle lezioni, la Regione: &#8220;Calendario condiviso&#8221;<\/h3>\n<p data-path-to-node=\"6\">A fare il punto sulla situazione \u00e8 l&#8217;assessore regionale all&#8217;Istruzione, <b data-path-to-node=\"6\" data-index-in-node=\"73\"><a href=\"https:\/\/www.regione.calabria.it\/la-regione\/la-giunta-regionale\/assessore-eulalia-micheli\/\" target=\"_blank\" rel=\"noopener\">Eulalia Micheli<\/a>: <\/b>\u201cComprendiamo pienamente le preoccupazioni manifestate dal sindacato soprattutto in presenza di condizioni climatiche eccezionali che possono incidere concretamente sul benessere degli studenti e sulla regolare organizzazione delle attivit\u00e0 didattiche\u201d dice,\u00a0pur sottolineando la complessit\u00e0 della macchina organizzativa.<\/p>\n<p data-path-to-node=\"6\">Il calendario regionale \u2014 approvato con Decreto del Presidente della Giunta n. 32 del 27 aprile 2026 dal presidente Roberto Occhiuto \u2014 stabilisce <strong>l&#8217;inizio il 15 settembre<\/strong> e la conclusione l&#8217;8 giugno 2027 (il 30 giugno per le scuole dell&#8217;infanzia), per un totale obbligatorio di 206 giornate di lezione. \u201cAbbiamo costruito il calendario attraverso un <strong>confronto ampio<\/strong> \u2013 sottolinea Micheli \u2013 perch\u00e9 la data di avvio delle lezioni non riguarda soltanto la scuola, ma l\u2019intero sistema territoriale: famiglie, Comuni, trasporto scolastico, servizi di refezione, organizzazione del lavoro e attivit\u00e0 produttive. Per questo era necessario <strong>assicurare una programmazione omogenea e consentire a tutti gli attori coinvolti di organizzarsi per tempo<\/strong>\u201d.<\/p>\n<p data-path-to-node=\"6\"><img loading=\"lazy\" decoding=\"async\" class=\"aligncenter wp-image-274950\" src=\"https:\/\/quicosenza.it\/news\/wp-content\/uploads\/2025\/11\/eulalia-michel-assessore.jpg\" alt=\"eulalia micheli assessore\" width=\"500\" height=\"309\" title=\"\" srcset=\"https:\/\/quicosenza.it\/news\/wp-content\/uploads\/2025\/11\/eulalia-michel-assessore.jpg 970w, https:\/\/quicosenza.it\/news\/wp-content\/uploads\/2025\/11\/eulalia-michel-assessore-300x186.jpg 300w, https:\/\/quicosenza.it\/news\/wp-content\/uploads\/2025\/11\/eulalia-michel-assessore-768x475.jpg 768w\" sizes=\"auto, (max-width: 500px) 100vw, 500px\" \/><\/p>\n<h3 data-path-to-node=\"6\">Micheli: &#8220;L&#8217;autonomia resta alle scuole, s\u00ec ai singoli adattamenti&#8221;<\/h3>\n<p data-path-to-node=\"7\">Motivo questo per il quale un <strong>rinvio generalizzato<\/strong> a livello regionale <strong>rischierebbe di creare disagi a cascata<\/strong> su trasporti, refezione e organizzazione familiare, ha spiegato l&#8217;assessore ricordando che la normativa (Dpr n. 275\/1999) garantisce alle <b data-path-to-node=\"7\" data-index-in-node=\"590\">singole istituzioni scolastiche piena autonomia. <\/b><\/p>\n<p data-path-to-node=\"7\">Tramite delibera motivata degli organi collegiali, le<strong> scuole possono apportare adattamenti al proprio calendario<\/strong> in base alle condizioni dell&#8217;edificio e del territorio, posticipando l&#8217;avvio o modulando gli orari.<\/p>\n<p data-path-to-node=\"7\">\u201cQuesto aspetto \u00e8 particolarmente importante \u2013 evidenzia inoltre l\u2019assessore all\u2019Istruzione \u2013 perch\u00e9 <strong>l\u2019autonomia scolastica<\/strong> <strong>permette alle istituzioni di tenere conto delle specificit\u00e0 del proprio territorio<\/strong> e di affrontare situazioni che non possono essere sempre previste mesi prima, quando viene approvato il calendario regionale. \u00c8 quindi necessario distinguere \u2013 precisa Micheli \u2013 tra una modifica generalizzata del calendario regionale, che richiederebbe un nuovo intervento dell\u2019amministrazione regionale, e gli adattamenti che possono essere valutati dalle singole istituzioni scolastiche nell\u2019ambito della propria autonomia, oppure gli interventi che possono rendersi necessari davanti a condizioni eccezionali e imprevedibili\u201d.<\/p>\n<div id=\"attachment_183048\" style=\"width: 510px\" class=\"wp-caption aligncenter\"><img loading=\"lazy\" decoding=\"async\" aria-describedby=\"caption-attachment-183048\" class=\" wp-image-183048\" src=\"https:\/\/quicosenza.it\/news\/wp-content\/uploads\/2023\/01\/banchi-scuola.jpg\" alt=\"\" width=\"500\" height=\"309\" title=\"\" srcset=\"https:\/\/quicosenza.it\/news\/wp-content\/uploads\/2023\/01\/banchi-scuola.jpg 970w, https:\/\/quicosenza.it\/news\/wp-content\/uploads\/2023\/01\/banchi-scuola-300x186.jpg 300w, https:\/\/quicosenza.it\/news\/wp-content\/uploads\/2023\/01\/banchi-scuola-768x475.jpg 768w, https:\/\/quicosenza.it\/news\/wp-content\/uploads\/2023\/01\/banchi-scuola-150x93.jpg 150w, https:\/\/quicosenza.it\/news\/wp-content\/uploads\/2023\/01\/banchi-scuola-696x431.jpg 696w, https:\/\/quicosenza.it\/news\/wp-content\/uploads\/2023\/01\/banchi-scuola-679x420.jpg 679w, https:\/\/quicosenza.it\/news\/wp-content\/uploads\/2023\/01\/banchi-scuola-356x220.jpg 356w\" sizes=\"auto, (max-width: 500px) 100vw, 500px\" \/><p id=\"caption-attachment-183048\" class=\"wp-caption-text\">An empty school classroom defocused.<\/p><\/div>\n<h3 data-path-to-node=\"11\">Interventi strutturali: 20 milioni di euro per i condizionatori nelle scuole<\/h3>\n<p data-path-to-node=\"12\">Il nodo centrale resta <strong>l&#8217;adeguamento delle infrastrutture.<\/strong> Come evidenziato dall&#8217;assessore Micheli, l&#8217;emergenza caldo non pu\u00f2 essere affrontata esclusivamente modificando le date sul calendario, ma richiede<strong> interventi strutturali ed edilizi concreti.<\/strong><\/p>\n<p data-path-to-node=\"13\">In questa direzione si inserisce lo stanziamento di <b data-path-to-node=\"13\" data-index-in-node=\"52\">20 milioni di euro<\/b> annunciato dal Ministero dell&#8217;Istruzione e del Merito (MIM), destinato ai Comuni e agli Enti locali per<strong> dotare le scuole di impianti di condizionamento dell&#8217;aria e climatizzazione.<\/strong> Un primo passo fondamentale per garantire ambienti di apprendimento vivibili e sicuri, capaci di resistere sia alle temperature record dell&#8217;inizio di settembre sia alle sfide del cambiamento climatico. La Regione Calabria continuer\u00e0 a monitorare l&#8217;evoluzione meteo e le condizioni dei singoli plessi, mantenendo aperto il dialogo con l&#8217;USR e le autonomie scolastiche.<\/p>\n<p>\u201cLa nostra posizione \u2013 conclude l\u2019assessore Micheli \u2013 \u00e8 quella di affrontare la questione con equilibrio e senso di responsabilit\u00e0. Il <strong>diritto degli studenti a svolgere le attivit\u00e0 didattiche in condizioni adeguate<\/strong> deve essere conciliato con la <strong>necessit\u00e0 di garantire continuit\u00e0, programmazione e certezza alle famiglie e agli enti locali<\/strong>\u201d. La Regione, pertanto, continuer\u00e0 a monitorare la situazione, mantenendo il confronto con il sistema scolastico e con gli enti territoriali, nella consapevolezza che eventuali decisioni dovranno essere assunte sulla base delle condizioni concrete e nel rispetto delle rispettive competenze istituzionali.<\/p>\n","protected":false},"excerpt":{"rendered":"<p>L&#8217;assessore Micheli chiarisce che un rinvio generalizzato rischierebbe di creare disagi a cascata ma le scuole possono apportare adattamenti al proprio calendario. Dal Governo 20 milioni di euro per installare i condizionatori nelle scuole <\/p>\n","protected":false},"author":90,"featured_media":302427,"comment_status":"closed","ping_status":"closed","sticky":false,"template":"","format":"standard","meta":{"_acf_changed":false,"footnotes":"","jetpack_publicize_message":"","jetpack_publicize_feature_enabled":true,"jetpack_social_post_already_shared":true,"jetpack_social_options":{"image_generator_settings":{"template":"highway","default_image_id":0,"font":"","enabled":false},"version":2}},"categories":[17],"tags":[],"class_list":["post-302421","post","type-post","status-publish","format-standard","has-post-thumbnail","hentry","category-calabria"],"acf":[],"jetpack_publicize_connections":[],"_links":{"self":[{"href":"https:\/\/quicosenza.it\/news\/wp-json\/wp\/v2\/posts\/302421","targetHints":{"allow":["GET"]}}],"collection":[{"href":"https:\/\/quicosenza.it\/news\/wp-json\/wp\/v2\/posts"}],"about":[{"href":"https:\/\/quicosenza.it\/news\/wp-json\/wp\/v2\/types\/post"}],"author":[{"embeddable":true,"href":"https:\/\/quicosenza.it\/news\/wp-json\/wp\/v2\/users\/90"}],"replies":[{"embeddable":true,"href":"https:\/\/quicosenza.it\/news\/wp-json\/wp\/v2\/comments?post=302421"}],"version-history":[{"count":0,"href":"https:\/\/quicosenza.it\/news\/wp-json\/wp\/v2\/posts\/302421\/revisions"}],"wp:featuredmedia":[{"embeddable":true,"href":"https:\/\/quicosenza.it\/news\/wp-json\/wp\/v2\/media\/302427"}],"wp:attachment":[{"href":"https:\/\/quicosenza.it\/news\/wp-json\/wp\/v2\/media?parent=302421"}],"wp:term":[{"taxonomy":"category","embeddable":true,"href":"https:\/\/quicosenza.it\/news\/wp-json\/wp\/v2\/categories?post=302421"},{"taxonomy":"post_tag","embeddable":true,"href":"https:\/\/quicosenza.it\/news\/wp-json\/wp\/v2\/tags?post=302421"}],"curies":[{"name":"wp","href":"https:\/\/api.w.org\/{rel}","templated":true}]}}