{"id":302423,"date":"2026-09-03T19:04:01","date_gmt":"2026-09-03T17:04:01","guid":{"rendered":"https:\/\/quicosenza.it\/news\/?p=302423"},"modified":"2026-09-04T13:12:13","modified_gmt":"2026-09-04T11:12:13","slug":"cosenza-scomparso-salvatore-sproviero-ricerche","status":"publish","type":"post","link":"https:\/\/quicosenza.it\/news\/cosenza-scomparso-salvatore-sproviero-ricerche\/","title":{"rendered":"Cosenza, scomparso il 42enne Salvatore Sproviero: attivate le ricerche. L&#8217;appello della famiglia"},"content":{"rendered":"<p>COSENZA &#8211; Non si hanno pi\u00f9 tracce da ieri, a Cosenza, del 42enne <strong>Salvatore Sproviero<\/strong>, L&#8217;uomo, uscito dalla sua abitazione situata nei pressi di <strong>Piazza Europa intorno alle ore 13:00,<\/strong> ha fatto perdere le sue tracce. Non ha fatto pi\u00f9 rientro a casa e n\u00e9 si \u00e8 messo in contatto con la propria famiglia.<\/p>\n<p>Con il passare delle ore e il prolungarsi del silenzio, i familiari preoccupati hanno formalizzato la <strong>denuncia di scomparsa<\/strong> presso la Stazione dei Carabinieri, facendo partire ufficialmente l<strong>&#8216;iter e le procedure di ricerca<\/strong> nei suoi confronti.<\/p>\n<h3>Salvatore Sproviero scomparso: l&#8217;appello della famiglia<\/h3>\n<p data-path-to-node=\"5\">Al momento dell&#8217;allontanamento, Salvatore Sproviero indossava <strong>abiti di colore blu.<\/strong> I familiari si dicono estremamente preoccupati per le sue condizioni e per la sua sicurezza, motivo per il quale hanno deciso di <strong>lanciare un appello sui canali social<\/strong> chiedendo la <strong>massima diffusione delle informazioni. <\/strong>Chiedono a chiunque di fornire immediatamente qualsiasi dettaglio utile, anche nel caso si sia trattato soltanto di un breve avvistamento.<\/p>\n<p data-path-to-node=\"5\"><img loading=\"lazy\" decoding=\"async\" class=\"aligncenter  wp-image-302482\" src=\"https:\/\/quicosenza.it\/news\/wp-content\/uploads\/2026\/09\/Salvatore-Sproviero-cosenza.jpg\" alt=\"Salvatore Sproviero - cosenza\" width=\"567\" height=\"351\" title=\"\" srcset=\"https:\/\/quicosenza.it\/news\/wp-content\/uploads\/2026\/09\/Salvatore-Sproviero-cosenza.jpg 970w, https:\/\/quicosenza.it\/news\/wp-content\/uploads\/2026\/09\/Salvatore-Sproviero-cosenza-300x186.jpg 300w, https:\/\/quicosenza.it\/news\/wp-content\/uploads\/2026\/09\/Salvatore-Sproviero-cosenza-768x475.jpg 768w\" sizes=\"auto, (max-width: 567px) 100vw, 567px\" \/><\/p>\n<p data-path-to-node=\"5\">L&#8217;invito \u00e8 a prestare la massima attenzione perch\u00e9 ogni elemento segnalato, soprattutto dai residenti dell&#8217;area urbana di Cosenza e del circondario, pu\u00f2 essere utile alle ricerche. A loro la famiglia chiede di condividere l&#8217;appello.<\/p>\n<h3 data-path-to-node=\"5\">Chi contattare per le fornire informazioni<\/h3>\n<p>&#8220;Chiunque abbia visto Salvatore Sproviero o disponga di informazioni che possano contribuire a ricostruire i suoi spostamenti \u00e8 invitato a <strong>contattare direttamente la famiglia al numero 3405676070<\/strong>. &#8211; dicono i familiari nell&#8217;appello &#8211; In caso di informazioni urgenti \u00e8 inoltre possibile <strong>contattare il numero unico di emergenza 112.<\/strong> La famiglia rinnova l\u2019appello alla condivisione, nella speranza che ogni possibile segnalazione possa contribuire a riportare Salvatore Sproviero a casa. Chiunque abbia informazioni utili \u00e8 invitato a <strong>non diffondere ipotesi non verificate sui social<\/strong>, ma a comunicarle direttamente alla famiglia o alle autorit\u00e0 competenti&#8221;.<\/p>\n","protected":false},"excerpt":{"rendered":"<p>L&#8217;uomo si \u00e8 allontanato da casa da ieri, nella zona di Piazza Europa, e non vi ha pi\u00f9 fatto rientro. I familiari hanno presentato denuncia ai Carabinieri e chiedono la collaborazione della cittadinanza per ritrovarlo <\/p>\n","protected":false},"author":90,"featured_media":302424,"comment_status":"closed","ping_status":"closed","sticky":false,"template":"","format":"standard","meta":{"_acf_changed":false,"footnotes":"","jetpack_publicize_message":"","jetpack_publicize_feature_enabled":true,"jetpack_social_post_already_shared":true,"jetpack_social_options":{"image_generator_settings":{"template":"highway","default_image_id":0,"font":"","enabled":false},"version":2}},"categories":[563,42],"tags":[],"class_list":["post-302423","post","type-post","status-publish","format-standard","has-post-thumbnail","hentry","category-area-urbana","category-cosenza"],"acf":[],"jetpack_publicize_connections":[],"_links":{"self":[{"href":"https:\/\/quicosenza.it\/news\/wp-json\/wp\/v2\/posts\/302423","targetHints":{"allow":["GET"]}}],"collection":[{"href":"https:\/\/quicosenza.it\/news\/wp-json\/wp\/v2\/posts"}],"about":[{"href":"https:\/\/quicosenza.it\/news\/wp-json\/wp\/v2\/types\/post"}],"author":[{"embeddable":true,"href":"https:\/\/quicosenza.it\/news\/wp-json\/wp\/v2\/users\/90"}],"replies":[{"embeddable":true,"href":"https:\/\/quicosenza.it\/news\/wp-json\/wp\/v2\/comments?post=302423"}],"version-history":[{"count":0,"href":"https:\/\/quicosenza.it\/news\/wp-json\/wp\/v2\/posts\/302423\/revisions"}],"wp:featuredmedia":[{"embeddable":true,"href":"https:\/\/quicosenza.it\/news\/wp-json\/wp\/v2\/media\/302424"}],"wp:attachment":[{"href":"https:\/\/quicosenza.it\/news\/wp-json\/wp\/v2\/media?parent=302423"}],"wp:term":[{"taxonomy":"category","embeddable":true,"href":"https:\/\/quicosenza.it\/news\/wp-json\/wp\/v2\/categories?post=302423"},{"taxonomy":"post_tag","embeddable":true,"href":"https:\/\/quicosenza.it\/news\/wp-json\/wp\/v2\/tags?post=302423"}],"curies":[{"name":"wp","href":"https:\/\/api.w.org\/{rel}","templated":true}]}}