{"id":302454,"date":"2026-09-04T10:35:10","date_gmt":"2026-09-04T08:35:10","guid":{"rendered":"https:\/\/quicosenza.it\/news\/?p=302454"},"modified":"2026-09-04T10:32:17","modified_gmt":"2026-09-04T08:32:17","slug":"xylella-cinghiali-greco-sedute-commissione","status":"publish","type":"post","link":"https:\/\/quicosenza.it\/news\/xylella-cinghiali-greco-sedute-commissione\/","title":{"rendered":"Xylella e cinghiali, due emergenze: Greco chiede sedute urgenti in Commissione"},"content":{"rendered":"<p>COSENZA &#8211; La consigliera regionale di Casa Riformista \u2013 Italia Viva, <strong>Filomena Greco<\/strong>, ha chiesto <strong>due sedute urgenti<\/strong> della <strong>VI Commissione Agricoltura, di cui \u00e8 vicepresidente<\/strong>. La <strong>prima<\/strong> sar\u00e0 dedicata al focolaio di <a href=\"https:\/\/quicosenza.it\/news\/xylella-arriva-calabria-primo-focolaio-decreto\/\"><strong>Xylella<\/strong> <\/a>individuato a Taurianova, sul quale Greco ha presentato anche un\u2019interrogazione.<\/p>\n<p>La seconda riguarda invece lo stato di attuazione del Piano straordinario regionale per il contenimento dei <strong>cinghiali<\/strong>. La richiesta \u00e8 quella di ascoltare assessore competente, dirigenti regionali, organismi tecnici, scientifici e sanitari, ANCI Calabria, sindaci, organizzazioni agricole, Ambiti territoriali di caccia, enti parco e associazioni venatorie.<\/p>\n<h3>Il caso Xylella, Greco: &#8220;chiarezza sulla tempistica&#8221;<\/h3>\n<p>\u00abL&#8217;emergenza Xylella e quella dei cinghiali si aggiungono al caro carburante, all&#8217;aumento dei costi di produzione e alle tante difficolt\u00e0 che stanno mettendo in ginocchio la nostra agricoltura\u00bb \u2014 dichiara Filomena Greco \u2014. \u00abLe audizioni servono a capire, nella sede istituzionale competente, che cosa si stia facendo, con quali risorse e come vengano monitorati gli interventi\u00bb.<\/p>\n<p><img loading=\"lazy\" decoding=\"async\" class=\"aligncenter wp-image-302456\" src=\"https:\/\/quicosenza.it\/news\/wp-content\/uploads\/2026\/09\/xylella-filomena-greco.jpg\" alt=\"xylella - filomena greco\" width=\"577\" height=\"357\" title=\"\" srcset=\"https:\/\/quicosenza.it\/news\/wp-content\/uploads\/2026\/09\/xylella-filomena-greco.jpg 970w, https:\/\/quicosenza.it\/news\/wp-content\/uploads\/2026\/09\/xylella-filomena-greco-300x186.jpg 300w, https:\/\/quicosenza.it\/news\/wp-content\/uploads\/2026\/09\/xylella-filomena-greco-768x475.jpg 768w\" sizes=\"auto, (max-width: 577px) 100vw, 577px\" \/><\/p>\n<p>Greco chiede chiarezza sulla tempistica degli interventi dopo la segnalazione del focolaio. \u00abSulla Xylella la segnalazione del proprietario risale al 15 luglio e la positivit\u00e0 di sette ulivi \u00e8 stata confermata il 17 agosto. Il decreto regionale \u00e8 stato adottato il 1\u00b0 settembre. In un&#8217;emergenza di questa gravit\u00e0 ogni giorno conta\u00bb.<\/p>\n<p>\u00abChiediamo quindi di sapere che cosa sia stato fatto tra la segnalazione e il decreto, quando siano stati informati i proprietari interessati, quelli dei terreni confinanti e i Comuni, quando siano iniziate le operazioni di eradicazione e quale sorveglianza sia stata predisposta per il resto della Calabria. Il Piano indica inoltre 300 mila euro per avviare le prime misure, ma precisa che la reiscrizione di queste somme in bilancio \u00e8 ancora in corso. Vogliamo sapere se oggi le risorse siano effettivamente disponibili\u00bb.<\/p>\n<p><img loading=\"lazy\" decoding=\"async\" class=\"aligncenter wp-image-302458\" src=\"https:\/\/quicosenza.it\/news\/wp-content\/uploads\/2026\/09\/xylella-e-cinghiali-filomena-greco-02.jpg\" alt=\"xylella e cinghiali - filomena greco 02\" width=\"563\" height=\"348\" title=\"\" srcset=\"https:\/\/quicosenza.it\/news\/wp-content\/uploads\/2026\/09\/xylella-e-cinghiali-filomena-greco-02.jpg 970w, https:\/\/quicosenza.it\/news\/wp-content\/uploads\/2026\/09\/xylella-e-cinghiali-filomena-greco-02-300x186.jpg 300w, https:\/\/quicosenza.it\/news\/wp-content\/uploads\/2026\/09\/xylella-e-cinghiali-filomena-greco-02-768x475.jpg 768w\" sizes=\"auto, (max-width: 563px) 100vw, 563px\" \/><\/p>\n<p>La consigliera sottolinea anche il valore degli uliveti della Piana di Gioia Tauro: \u00abDobbiamo tutelare non soltanto le aziende, ma anche un patrimonio paesaggistico e identitario straordinario\u00bb \u2014 aggiunge Greco \u2014. \u00abNella Piana di Gioia Tauro gli uliveti di Ottobratica, con i loro alberi secolari e monumentali, sono una ricchezza che non possiamo rischiare di perdere, come purtroppo \u00e8 accaduto in Puglia\u00bb.<\/p>\n<h3>Cinghiali e indennizzi<\/h3>\n<p>Sul fronte dei <a href=\"https:\/\/quicosenza.it\/news\/cinghiali-rende-due-centro-storico-colture\/\">cinghiali<\/a>, Greco evidenzia una presenza sempre pi\u00f9 diffusa, <strong>dalle campagne ai centri abitati e alle strade<\/strong>, con conseguenze <strong>per la sicurezza e per le attivit\u00e0 agricole<\/strong>. La consigliera chiede di <strong>verificare gli interventi realizzati nel 2025 e nel 2026<\/strong>, il numero di <strong>abbattimenti e catture<\/strong>, l\u2019andamento degli indennizzi e lo stato del sistema informatico di monitoraggio. \u00ab<strong>Agli agricoltori devono essere riconosciuti indennizzi adeguati e tempestivi &#8211;<\/strong>\u00a0osserva la consigliera. &#8211; Non \u00e8 accettabile che al raccolto perduto si aggiungano attese interminabili e ristori insufficienti\u00bb.<\/p>\n<p><img loading=\"lazy\" decoding=\"async\" class=\"aligncenter wp-image-145665\" src=\"https:\/\/quicosenza.it\/news\/wp-content\/uploads\/2022\/12\/cinghiali-10.jpg\" alt=\"cinghiali greco xylella\" width=\"563\" height=\"329\" title=\"\" srcset=\"https:\/\/quicosenza.it\/news\/wp-content\/uploads\/2022\/12\/cinghiali-10.jpg 900w, https:\/\/quicosenza.it\/news\/wp-content\/uploads\/2022\/12\/cinghiali-10-300x175.jpg 300w, https:\/\/quicosenza.it\/news\/wp-content\/uploads\/2022\/12\/cinghiali-10-768x449.jpg 768w\" sizes=\"auto, (max-width: 563px) 100vw, 563px\" \/><\/p>\n<p>\u00abA quasi due anni dall&#8217;approvazione del Piano straordinario, vogliamo verificare gli interventi effettuati nel 2025 e nel corso del 2026, il numero degli abbattimenti e delle catture, l&#8217;andamento degli indennizzi e lo stato del sistema informatico di monitoraggio. Chiediamo inoltre di approfondire con <strong>ISPRA, Ministero della Salute e organismi competenti<\/strong> i sistemi di controllo della fertilit\u00e0 mediante esche alimentari e, se necessario, presenteremo anche una mozione per impegnare la Giunta a promuovere, nelle sedi nazionali ed europee, ulteriori iniziative volte a ricondurre la presenza dei cinghiali entro livelli sostenibili\u00bb.<\/p>\n<p>\u00abAgli agricoltori e ai cittadini non servono reel e annunci, ma interventi concreti e risposte certe. La Commissione \u00e8 il luogo nel quale ascoltare tutti, verificare i dati e individuare le soluzioni. Un <strong><a href=\"https:\/\/www.regione.calabria.it\/approvazione-piano-straordinario-per-la-gestione-del-cinghiale\/\" rel=\"noopener\">Piano approvato<\/a> non \u00e8 un problema risolto<\/strong>: contano i risultati prodotti sul territorio. Se questi risultati non ci sono, occorre prenderne atto e cambiare immediatamente strada\u00bb.<\/p>\n","protected":false},"excerpt":{"rendered":"<p>La vicepresidente della VI Commissione Agricoltura, Filomena Greco, sollecita un confronto urgente sul focolaio di Xylella a Taurianova e sul Piano regionale per il contenimento dei cinghiali. Nel mirino tempi, risorse, indennizzi e risultati degli interventi<\/p>\n","protected":false},"author":42,"featured_media":302457,"comment_status":"closed","ping_status":"closed","sticky":false,"template":"","format":"standard","meta":{"_acf_changed":false,"footnotes":"","jetpack_publicize_message":"","jetpack_publicize_feature_enabled":true,"jetpack_social_post_already_shared":true,"jetpack_social_options":{"image_generator_settings":{"template":"highway","default_image_id":0,"font":"","enabled":false},"version":2}},"categories":[17],"tags":[],"class_list":["post-302454","post","type-post","status-publish","format-standard","has-post-thumbnail","hentry","category-calabria"],"acf":[],"jetpack_publicize_connections":[],"_links":{"self":[{"href":"https:\/\/quicosenza.it\/news\/wp-json\/wp\/v2\/posts\/302454","targetHints":{"allow":["GET"]}}],"collection":[{"href":"https:\/\/quicosenza.it\/news\/wp-json\/wp\/v2\/posts"}],"about":[{"href":"https:\/\/quicosenza.it\/news\/wp-json\/wp\/v2\/types\/post"}],"author":[{"embeddable":true,"href":"https:\/\/quicosenza.it\/news\/wp-json\/wp\/v2\/users\/42"}],"replies":[{"embeddable":true,"href":"https:\/\/quicosenza.it\/news\/wp-json\/wp\/v2\/comments?post=302454"}],"version-history":[{"count":0,"href":"https:\/\/quicosenza.it\/news\/wp-json\/wp\/v2\/posts\/302454\/revisions"}],"wp:featuredmedia":[{"embeddable":true,"href":"https:\/\/quicosenza.it\/news\/wp-json\/wp\/v2\/media\/302457"}],"wp:attachment":[{"href":"https:\/\/quicosenza.it\/news\/wp-json\/wp\/v2\/media?parent=302454"}],"wp:term":[{"taxonomy":"category","embeddable":true,"href":"https:\/\/quicosenza.it\/news\/wp-json\/wp\/v2\/categories?post=302454"},{"taxonomy":"post_tag","embeddable":true,"href":"https:\/\/quicosenza.it\/news\/wp-json\/wp\/v2\/tags?post=302454"}],"curies":[{"name":"wp","href":"https:\/\/api.w.org\/{rel}","templated":true}]}}