{"id":302483,"date":"2026-09-04T14:00:11","date_gmt":"2026-09-04T12:00:11","guid":{"rendered":"https:\/\/quicosenza.it\/news\/?p=302483"},"modified":"2026-09-04T15:30:14","modified_gmt":"2026-09-04T13:30:14","slug":"governo-meloni-occhiuto-celebra-longevo","status":"publish","type":"post","link":"https:\/\/quicosenza.it\/news\/governo-meloni-occhiuto-celebra-longevo\/","title":{"rendered":"Governo Meloni, Occhiuto celebra l\u2019esecutivo \u00abil pi\u00f9 longevo della storia della Repubblica italiana\u00bb"},"content":{"rendered":"<p>CATANZARO &#8211; Il <a href=\"https:\/\/www.governo.it\/it\" rel=\"noopener\">governo<\/a> guidato da Giorgia <a href=\"https:\/\/quicosenza.it\/news\/meloni-stabilita-centrosinistra-governo-tecnico\/\">Meloni<\/a> raggiunge uno storico traguardo e diventa il pi\u00f9 longevo della Repubblica italiana. Un risultato che <strong>Roberto Occhiuto<\/strong>, presidente della Regione Calabria e vicesegretario nazionale di Forza Italia, interpreta come una conferma dell\u2019importanza della stabilit\u00e0 politica e della capacit\u00e0 di programmare nel medio e lungo periodo.<\/p>\n<h3>Il governo Meloni, le parole di Occhiuto<\/h3>\n<p>\u00abOggi il governo di centrodestra guidato dal presidente del Consiglio, Giorgia Meloni, diventa il pi\u00f9 longevo della storia della Repubblica italiana. In un Paese che per decenni &#8211; dichiara Occhiuto &#8211; \u00e8 stato abituato ad esecutivi dalla vita spesso breve e a frequenti cambi di maggioranza, la stabilit\u00e0 rappresenta un valore di straordinaria importanza: significa poter programmare, assumere impegni, realizzare riforme e dare continuit\u00e0 all\u2019azione di governo\u00bb.<\/p>\n<p><img loading=\"lazy\" decoding=\"async\" class=\"aligncenter wp-image-238400\" src=\"https:\/\/quicosenza.it\/news\/wp-content\/uploads\/2024\/08\/occhiuto-Meloni.jpg\" alt=\"occhiuto Meloni\" width=\"570\" height=\"381\" title=\"\" srcset=\"https:\/\/quicosenza.it\/news\/wp-content\/uploads\/2024\/08\/occhiuto-Meloni.jpg 970w, https:\/\/quicosenza.it\/news\/wp-content\/uploads\/2024\/08\/occhiuto-Meloni-300x200.jpg 300w, https:\/\/quicosenza.it\/news\/wp-content\/uploads\/2024\/08\/occhiuto-Meloni-768x513.jpg 768w, https:\/\/quicosenza.it\/news\/wp-content\/uploads\/2024\/08\/occhiuto-Meloni-629x420.jpg 629w, https:\/\/quicosenza.it\/news\/wp-content\/uploads\/2024\/08\/occhiuto-Meloni-150x100.jpg 150w, https:\/\/quicosenza.it\/news\/wp-content\/uploads\/2024\/08\/occhiuto-Meloni-696x465.jpg 696w\" sizes=\"auto, (max-width: 570px) 100vw, 570px\" \/><\/p>\n<p>\u00abIl percorso era gi\u00e0 iniziato nella Seconda Repubblica, quando il centrodestra aveva contribuito a invertire il trend della frammentazione e dell\u2019instabilit\u00e0. Non \u00e8 un caso che, nella classifica dei governi pi\u00f9 longevi della Repubblica, dopo l\u2019attuale governo Meloni, figurino due esecutivi guidati dal presidente<a href=\"https:\/\/quicosenza.it\/news\/addio-a-silvio-berlusconi-il-cordoglio-unanime-al-cavaliere-fondatore-di-forza-italia\/\"> Silvio Berlusconi<\/a>\u00bb.<\/p>\n<p><iframe loading=\"lazy\" style=\"border: none; overflow: hidden;\" src=\"https:\/\/www.facebook.com\/plugins\/post.php?href=https%3A%2F%2Fwww.facebook.com%2Fgiorgiameloni.paginaufficiale%2Fposts%2Fpfbid02uzg6nLtXKf4v6f7tXm3fCAB9mVJXsNxR6SNgP9P2DrVP2MXgWKWetZ84jxEwGGtbl&amp;show_text=true&amp;width=500\" width=\"500\" height=\"756\" frameborder=\"0\" scrolling=\"no\" allowfullscreen=\"allowfullscreen\"><\/iframe><\/p>\n<h3>Forza Italia<\/h3>\n<p>Occhiuto sottolinea quindi il ruolo storico del <strong>centrodestra<\/strong> e <strong>quello di Forza Italia<\/strong>, indicando nella cultura di governo e nella responsabilit\u00e0 valori da preservare: \u00ab\u00e8 la dimostrazione di come il centrodestra nella sua conformazione originaria abbia saputo costruire nel tempo una cultura di governo e della responsabilit\u00e0, valori che vanno difesi e custoditi anche per il futuro\u00bb.<\/p>\n<p>Guardando alla parte finale della legislatura, aggiunge: \u00abtanto \u00e8 stato fatto, tanto resta da fare in questo anno che ci separa dalla naturale scadenza della legislatura. Congratulazioni, dunque al premier Meloni, e ai ministri azzurri Antonio Tajani (vicepremier), Anna Maria Bernini, Elisabetta Casellati, Gilberto Pichetto Fratin e Paolo Zangrillo\u00bb.<\/p>\n","protected":false},"excerpt":{"rendered":"<p>Il presidente della Regione Calabria e vicesegretario nazionale di Forza Italia si congratula con Giorgia Meloni: \u00abLa stabilit\u00e0 rappresenta un valore di straordinaria importanza\u00bb. E rivendica il ruolo del centrodestra nella continuit\u00e0 dell\u2019azione di governo<\/p>\n","protected":false},"author":42,"featured_media":196911,"comment_status":"closed","ping_status":"closed","sticky":false,"template":"","format":"standard","meta":{"_acf_changed":false,"footnotes":"","jetpack_publicize_message":"","jetpack_publicize_feature_enabled":true,"jetpack_social_post_already_shared":true,"jetpack_social_options":{"image_generator_settings":{"template":"highway","default_image_id":0,"font":"","enabled":false},"version":2}},"categories":[17],"tags":[],"class_list":["post-302483","post","type-post","status-publish","format-standard","has-post-thumbnail","hentry","category-calabria"],"acf":[],"jetpack_publicize_connections":[],"_links":{"self":[{"href":"https:\/\/quicosenza.it\/news\/wp-json\/wp\/v2\/posts\/302483","targetHints":{"allow":["GET"]}}],"collection":[{"href":"https:\/\/quicosenza.it\/news\/wp-json\/wp\/v2\/posts"}],"about":[{"href":"https:\/\/quicosenza.it\/news\/wp-json\/wp\/v2\/types\/post"}],"author":[{"embeddable":true,"href":"https:\/\/quicosenza.it\/news\/wp-json\/wp\/v2\/users\/42"}],"replies":[{"embeddable":true,"href":"https:\/\/quicosenza.it\/news\/wp-json\/wp\/v2\/comments?post=302483"}],"version-history":[{"count":0,"href":"https:\/\/quicosenza.it\/news\/wp-json\/wp\/v2\/posts\/302483\/revisions"}],"wp:featuredmedia":[{"embeddable":true,"href":"https:\/\/quicosenza.it\/news\/wp-json\/wp\/v2\/media\/196911"}],"wp:attachment":[{"href":"https:\/\/quicosenza.it\/news\/wp-json\/wp\/v2\/media?parent=302483"}],"wp:term":[{"taxonomy":"category","embeddable":true,"href":"https:\/\/quicosenza.it\/news\/wp-json\/wp\/v2\/categories?post=302483"},{"taxonomy":"post_tag","embeddable":true,"href":"https:\/\/quicosenza.it\/news\/wp-json\/wp\/v2\/tags?post=302483"}],"curies":[{"name":"wp","href":"https:\/\/api.w.org\/{rel}","templated":true}]}}