{"id":302487,"date":"2026-09-04T14:00:46","date_gmt":"2026-09-04T12:00:46","guid":{"rendered":"https:\/\/quicosenza.it\/news\/?p=302487"},"modified":"2026-09-04T14:01:14","modified_gmt":"2026-09-04T12:01:14","slug":"strage-di-amendolara-minacce-avvocati-pakistani","status":"publish","type":"post","link":"https:\/\/quicosenza.it\/news\/strage-di-amendolara-minacce-avvocati-pakistani\/","title":{"rendered":"Strage di Amendolara, minacce e insulti agli avvocati dei 2 pakistani indagati: \u00abDiritto di difesa inviolabile\u00bb"},"content":{"rendered":"<p>CASTROVILLARI (CS) &#8211; Sono stati bersaglio di <strong>insulti, minacce e accuse diffamatorie sui social network<\/strong>, unicamente perch\u00e8 sono i difensori dei <a href=\"https:\/\/quicosenza.it\/news\/braccianti-bruciati-vivi-carcere-2-indagati\/\" target=\"_blank\" rel=\"noopener\">due cittadini pakistani indagati<\/a> per la strage di Amendolara. Si tratta degli avvocati <strong>Giulia Montilli e Giovanni Brandi Cordasco Salmena<\/strong> che per via delle offese ricevute, fin dal mese di giugno da un gruppo di persone, hanno deciso di sporgere querela, tramite il loro procuratore speciale avvocato <strong>Andrea Maggiulli<\/strong> del Foro di Lecce, presso il <a href=\"https:\/\/procura-castrovillari.giustizia.it\/\" target=\"_blank\" rel=\"noopener\">Tribunale di Castrovillari.<\/a><\/p>\n<p><img loading=\"lazy\" decoding=\"async\" class=\"aligncenter wp-image-294331\" src=\"https:\/\/quicosenza.it\/news\/wp-content\/uploads\/2026\/06\/strage-minivan-amendolara-statale-106.jpg\" alt=\"strage-minivan-amendolara-statale- caporalato 106 usb gip waseem\" width=\"501\" height=\"274\" title=\"\" srcset=\"https:\/\/quicosenza.it\/news\/wp-content\/uploads\/2026\/06\/strage-minivan-amendolara-statale-106.jpg 970w, https:\/\/quicosenza.it\/news\/wp-content\/uploads\/2026\/06\/strage-minivan-amendolara-statale-106-300x164.jpg 300w, https:\/\/quicosenza.it\/news\/wp-content\/uploads\/2026\/06\/strage-minivan-amendolara-statale-106-768x419.jpg 768w\" sizes=\"auto, (max-width: 501px) 100vw, 501px\" \/><\/p>\n<h3>Strage di Amendolara, commenti pubblici offensivi per i due avvocati<\/h3>\n<p>Il procedimento penale a cui i due legali prestano la propria assistenza riguarda la <strong>morte di quattro braccianti agricoli stranieri,<\/strong> i cui corpi sono stati rinvenuti <a href=\"https:\/\/quicosenza.it\/news\/strage-amendolara-braccianti-5-sopravvissuto\/\" target=\"_blank\" rel=\"noopener\">carbonizzati all&#8217;interno del minivan<\/a> dato alle fiamme presso una stazione di servizio nel territorio di Amendolara. La vicenda, che ha avuto un&#8217;ampia risonanza mediatica, anche a livello nazionale, nel mese di giugno scorso, ha portato i due legali ad essere menzionati spesso a mezzo stampa e nei\u00a0post pubblicati sulle pagine Facebook di alcune testate online.<\/p>\n<p>\u00c8 proprio sotto questi post che, secondo quanto ricostruito dallo Studio Legale Maggiulli, si \u00e8 sviluppata nelle settimane successive una <strong>fitta serie di commenti pubblici.<\/strong> &#8220;Se la gran parte di essi si \u00e8 mantenuta nell&#8217;alveo del legittimo \u2014 per quanto aspro \u2014 dissenso verso la scelta professionale dei due difensori, &#8211; spiega il loro legale &#8211; un gruppo pi\u00f9 ristretto di utenti ha superato tale soglia, rivolgendo agli avvocati<strong> insulti gravemente denigratori, accuse infondate di condotte illecite e, in alcuni casi, minacce esplicite&#8221;.\u00a0<\/strong><\/p>\n<p><img loading=\"lazy\" decoding=\"async\" class=\"aligncenter wp-image-296146\" src=\"https:\/\/quicosenza.it\/news\/wp-content\/uploads\/2026\/06\/Strage_Amendolara-2.jpg\" alt=\"\" width=\"500\" height=\"309\" title=\"\" srcset=\"https:\/\/quicosenza.it\/news\/wp-content\/uploads\/2026\/06\/Strage_Amendolara-2.jpg 970w, https:\/\/quicosenza.it\/news\/wp-content\/uploads\/2026\/06\/Strage_Amendolara-2-300x186.jpg 300w, https:\/\/quicosenza.it\/news\/wp-content\/uploads\/2026\/06\/Strage_Amendolara-2-768x475.jpg 768w\" sizes=\"auto, (max-width: 500px) 100vw, 500px\" \/><\/p>\n<h3>Si profilano diversi reati per gli autori dei commenti<\/h3>\n<p>Tra le condotte oggetto di querela figurano espressioni che equiparano i due professionisti ai propri assistiti, attribuiscono loro <strong>condotte penalmente rilevanti mai commesse<\/strong>, e in almeno due casi prospettano esplicitamente <strong>violenza fisica<\/strong> \u2014 in un caso richiamando le stesse modalit\u00e0 con cui sono morte le vittime del procedimento. &#8220;Per queste ultime condotte, oltre ai reati di <strong>diffamazione aggravata<\/strong> e <strong>minaccia grave,<\/strong> &#8211; spiega ancora <strong>Andrea Maggiulli<\/strong>\u00a0 &#8211; \u00e8 stata segnalata alla Procura anche la <strong>possibile rilevanza penale<\/strong> ai sensi dell&#8217;art. 414 c.p. (istigazione a delinquere), reato procedibile d&#8217;ufficio&#8221;.<\/p>\n<p>Nell&#8217;atto di querela si chiede altres\u00ec <strong>l&#8217;identificazione completa degli autori<\/strong> allo stato noti solo tramite profilo social, mediante richiesta a Meta Platforms Ireland Ltd., e l&#8217;acquisizione dei contenuti multimediali con modalit\u00e0 idonee a garantirne l&#8217;integrit\u00e0 e la genuinit\u00e0.<\/p>\n<h3>&#8220;Diritto di difesa principio costituzionale inviolabile e irrinunciabile&#8221;<\/h3>\n<p>&#8220;<strong>Il diritto di difesa \u00e8 un principio costituzionale inviolabile e irrinunciabile<\/strong> &#8211; dichiara Maggiulli &#8211; Chi accetta un incarico difensivo, per quanto impopolare possa apparire agli occhi dell&#8217;opinione pubblica, non fa altro che adempiere una funzione che la Costituzione affida alla professione forense. Colpire l&#8217;avvocato per il solo fatto di aver difeso un imputato significa colpire, alla radice, il diritto di ogni cittadino a difendersi in giudizio&#8221;.<\/p>\n","protected":false},"excerpt":{"rendered":"<p>Giulia Montilli e Giovanni Brandi Cordasco Salmena sono stati raggiunti, sui social, da insulti gravemente denigratori, accuse infondate di condotte illecite e, in alcuni casi, anche da minacce esplicite. Per questo hanno presentato delle querele al Tribunale di Castrovillari <\/p>\n","protected":false},"author":90,"featured_media":294342,"comment_status":"closed","ping_status":"closed","sticky":false,"template":"","format":"standard","meta":{"_acf_changed":false,"footnotes":"","jetpack_publicize_message":"","jetpack_publicize_feature_enabled":true,"jetpack_social_post_already_shared":true,"jetpack_social_options":{"image_generator_settings":{"template":"highway","default_image_id":0,"font":"","enabled":false},"version":2}},"categories":[572],"tags":[],"class_list":["post-302487","post","type-post","status-publish","format-standard","has-post-thumbnail","hentry","category-ionio"],"acf":[],"jetpack_publicize_connections":[],"_links":{"self":[{"href":"https:\/\/quicosenza.it\/news\/wp-json\/wp\/v2\/posts\/302487","targetHints":{"allow":["GET"]}}],"collection":[{"href":"https:\/\/quicosenza.it\/news\/wp-json\/wp\/v2\/posts"}],"about":[{"href":"https:\/\/quicosenza.it\/news\/wp-json\/wp\/v2\/types\/post"}],"author":[{"embeddable":true,"href":"https:\/\/quicosenza.it\/news\/wp-json\/wp\/v2\/users\/90"}],"replies":[{"embeddable":true,"href":"https:\/\/quicosenza.it\/news\/wp-json\/wp\/v2\/comments?post=302487"}],"version-history":[{"count":0,"href":"https:\/\/quicosenza.it\/news\/wp-json\/wp\/v2\/posts\/302487\/revisions"}],"wp:featuredmedia":[{"embeddable":true,"href":"https:\/\/quicosenza.it\/news\/wp-json\/wp\/v2\/media\/294342"}],"wp:attachment":[{"href":"https:\/\/quicosenza.it\/news\/wp-json\/wp\/v2\/media?parent=302487"}],"wp:term":[{"taxonomy":"category","embeddable":true,"href":"https:\/\/quicosenza.it\/news\/wp-json\/wp\/v2\/categories?post=302487"},{"taxonomy":"post_tag","embeddable":true,"href":"https:\/\/quicosenza.it\/news\/wp-json\/wp\/v2\/tags?post=302487"}],"curies":[{"name":"wp","href":"https:\/\/api.w.org\/{rel}","templated":true}]}}