{"id":302496,"date":"2026-09-04T15:21:42","date_gmt":"2026-09-04T13:21:42","guid":{"rendered":"https:\/\/quicosenza.it\/news\/?p=302496"},"modified":"2026-09-04T15:21:42","modified_gmt":"2026-09-04T13:21:42","slug":"cosenza-ricerche-salvatore-sproviero-scomparso","status":"publish","type":"post","link":"https:\/\/quicosenza.it\/news\/cosenza-ricerche-salvatore-sproviero-scomparso\/","title":{"rendered":"Cosenza, ricerche ancora senza esito per Salvatore Sproviero: il 42enne \u00e8 scomparso da 2 giorni"},"content":{"rendered":"<p>COSENZA &#8211;<strong> Sono in corso le ricerche a Cosenza di Salvatore Sproviero, 42 anni,<a href=\"https:\/\/quicosenza.it\/news\/cosenza-scomparso-salvatore-sproviero-ricerche\/\" target=\"_blank\" rel=\"noopener\"> scomparso<\/a> da mercoled\u00ec 2 settembre<\/strong>. Secondo quanto riferito dalla famiglia, che ha presentato denuncia di scomparsa ai Carabinieri,<strong> Sproviero \u00e8 uscito di casa in piazza Europa intorno alle 13 senza per\u00f2 fare pi\u00f9 rientro<\/strong>. Al momento della scomparsa indossava abiti di colore blu. Le ricerche al momento &#8211; secondo quanto appreso dai carabinieri &#8211; non hanno avuto esito positivo.<\/p>\n<p><img loading=\"lazy\" decoding=\"async\" class=\"aligncenter wp-image-302497 size-large\" src=\"https:\/\/quicosenza.it\/news\/wp-content\/uploads\/2026\/09\/794096097_10243202062768365_6692199982602663085_n-1024x577.jpg\" alt=\"salvatore sproviero\" width=\"740\" height=\"417\" title=\"\" srcset=\"https:\/\/quicosenza.it\/news\/wp-content\/uploads\/2026\/09\/794096097_10243202062768365_6692199982602663085_n-1024x577.jpg 1024w, https:\/\/quicosenza.it\/news\/wp-content\/uploads\/2026\/09\/794096097_10243202062768365_6692199982602663085_n-300x169.jpg 300w, https:\/\/quicosenza.it\/news\/wp-content\/uploads\/2026\/09\/794096097_10243202062768365_6692199982602663085_n-768x433.jpg 768w, https:\/\/quicosenza.it\/news\/wp-content\/uploads\/2026\/09\/794096097_10243202062768365_6692199982602663085_n.jpg 1456w\" sizes=\"auto, (max-width: 740px) 100vw, 740px\" \/><\/p>\n<h3 data-start=\"437\" data-end=\"579\">L&#8217;appello: &#8220;Aiutateci a ritrovarlo&#8221;<\/h3>\n<p class=\"PDq2pG_selectionAnchorContainer\" data-start=\"437\" data-end=\"579\">Dal momento del suo allontanamento, i familiari non hanno pi\u00f9 avuto sue notizie. Al momento della scomparsa indossava <strong data-start=\"555\" data-end=\"578\">abiti di colore blu<\/strong>.<\/p>\n<p data-start=\"581\" data-end=\"908\">Le ricerche, secondo quanto appreso dai Carabinieri, al momento non hanno ancora dato esito positivo. Chiunque abbia visto Salvatore Sproviero o sia in possesso di informazioni utili per rintracciarlo \u00e8 invitato a contattare immediatamente la famiglia al numero <strong data-start=\"843\" data-end=\"858\">340 5676070<\/strong> oppure le forze dell\u2019ordine chiamando il <a href=\"https:\/\/www.carabinieri.it\/chi-siamo\/ieri\/storia\/le-date-della-nostra-storia\/date-fondamentali-della-storia-dell-arma\/il-112\" target=\"_blank\" rel=\"noopener\"><strong data-start=\"900\" data-end=\"907\">112<\/strong><\/a>.<\/p>\n<p data-start=\"910\" data-end=\"1005\" data-is-last-node=\"\" data-is-only-node=\"\"><strong data-start=\"910\" data-end=\"1005\" data-is-last-node=\"\">L\u2019appello \u00e8 quello di aiutare a ritrovarlo e di segnalare qualsiasi eventuale avvistamento.<\/strong><\/p>\n<p data-start=\"910\" data-end=\"1005\" data-is-last-node=\"\" data-is-only-node=\"\"><img loading=\"lazy\" decoding=\"async\" class=\"aligncenter wp-image-302501 \" src=\"https:\/\/quicosenza.it\/news\/wp-content\/uploads\/2026\/09\/793567164_10243200596971721_2595187940988802477_n-1014x1024.jpg\" alt=\"salvatore sproviero-cosenza-scomparso\" width=\"532\" height=\"537\" title=\"\" srcset=\"https:\/\/quicosenza.it\/news\/wp-content\/uploads\/2026\/09\/793567164_10243200596971721_2595187940988802477_n-1014x1024.jpg 1014w, https:\/\/quicosenza.it\/news\/wp-content\/uploads\/2026\/09\/793567164_10243200596971721_2595187940988802477_n-297x300.jpg 297w, https:\/\/quicosenza.it\/news\/wp-content\/uploads\/2026\/09\/793567164_10243200596971721_2595187940988802477_n-150x150.jpg 150w, https:\/\/quicosenza.it\/news\/wp-content\/uploads\/2026\/09\/793567164_10243200596971721_2595187940988802477_n-768x776.jpg 768w, https:\/\/quicosenza.it\/news\/wp-content\/uploads\/2026\/09\/793567164_10243200596971721_2595187940988802477_n-80x80.jpg 80w, https:\/\/quicosenza.it\/news\/wp-content\/uploads\/2026\/09\/793567164_10243200596971721_2595187940988802477_n.jpg 1188w\" sizes=\"auto, (max-width: 532px) 100vw, 532px\" \/><\/p>\n","protected":false},"excerpt":{"rendered":"<p>Scomparso da mercoled\u00ec dopo essere uscito di casa nella zona di piazza Europa: Salvatore Sproviero, 42 anni, non ha pi\u00f9 fatto ritorno. La famiglia lancia un appello e invita chiunque abbia informazioni o lo abbia visto a contattare immediatamente il 112 o i familiari<\/p>\n","protected":false},"author":58,"featured_media":302498,"comment_status":"closed","ping_status":"closed","sticky":false,"template":"","format":"standard","meta":{"_acf_changed":false,"footnotes":"","jetpack_publicize_message":"","jetpack_publicize_feature_enabled":true,"jetpack_social_post_already_shared":true,"jetpack_social_options":{"image_generator_settings":{"template":"highway","default_image_id":0,"font":"","enabled":false},"version":2}},"categories":[563,42],"tags":[],"class_list":["post-302496","post","type-post","status-publish","format-standard","has-post-thumbnail","hentry","category-area-urbana","category-cosenza"],"acf":[],"jetpack_publicize_connections":[],"_links":{"self":[{"href":"https:\/\/quicosenza.it\/news\/wp-json\/wp\/v2\/posts\/302496","targetHints":{"allow":["GET"]}}],"collection":[{"href":"https:\/\/quicosenza.it\/news\/wp-json\/wp\/v2\/posts"}],"about":[{"href":"https:\/\/quicosenza.it\/news\/wp-json\/wp\/v2\/types\/post"}],"author":[{"embeddable":true,"href":"https:\/\/quicosenza.it\/news\/wp-json\/wp\/v2\/users\/58"}],"replies":[{"embeddable":true,"href":"https:\/\/quicosenza.it\/news\/wp-json\/wp\/v2\/comments?post=302496"}],"version-history":[{"count":0,"href":"https:\/\/quicosenza.it\/news\/wp-json\/wp\/v2\/posts\/302496\/revisions"}],"wp:featuredmedia":[{"embeddable":true,"href":"https:\/\/quicosenza.it\/news\/wp-json\/wp\/v2\/media\/302498"}],"wp:attachment":[{"href":"https:\/\/quicosenza.it\/news\/wp-json\/wp\/v2\/media?parent=302496"}],"wp:term":[{"taxonomy":"category","embeddable":true,"href":"https:\/\/quicosenza.it\/news\/wp-json\/wp\/v2\/categories?post=302496"},{"taxonomy":"post_tag","embeddable":true,"href":"https:\/\/quicosenza.it\/news\/wp-json\/wp\/v2\/tags?post=302496"}],"curies":[{"name":"wp","href":"https:\/\/api.w.org\/{rel}","templated":true}]}}