{"id":302499,"date":"2026-09-04T15:22:50","date_gmt":"2026-09-04T13:22:50","guid":{"rendered":"https:\/\/quicosenza.it\/news\/?p=302499"},"modified":"2026-09-04T15:22:50","modified_gmt":"2026-09-04T13:22:50","slug":"estate-cosentina-musica-cultura-intratteniemnto","status":"publish","type":"post","link":"https:\/\/quicosenza.it\/news\/estate-cosentina-musica-cultura-intratteniemnto\/","title":{"rendered":"La lunga estate cosentina: musica, cultura e nuove forme di intrattenimento"},"content":{"rendered":"<p>COSENZA &#8211; E dire che quest\u2019anno, fatta eccezione per qualche breve periodo di devastazioni climatiche, l\u2019estate sembrava aver fatto capolino gi\u00e0 a fine aprile, quando le temperature subirono un\u2019impennata improvvisa, non unica nella nostra storia ma nemmeno cos\u00ec frequente.<\/p>\n<p>Adesso l\u2019estate entra nel vivo e Cosenza cambia volto e torna ad esprimere il meglio di s\u00e9 nelle ore serali, <strong>quando piazze e strade del centro diventano punti di incontro<\/strong> per cittadini e forestieri. Dunque, non soltanto mare e turismo costiero, perch\u00e9 anche le zone dell\u2019<strong>entroterra<\/strong> sembrano rivivere una<strong> nuova giovent\u00f9<\/strong>, grazie agli <strong>appuntamenti musicali, alle sagre di tradizione e alle iniziative i<\/strong>n grado di rispolverare la bellezza del territorio, valorizzandolo agli occhi di chi, fin troppo spesso, non ci attribuisce la giusta considerazione.<\/p>\n<p>Una passeggiata, un concerto all\u2019aperto o magari uno spettacolo sotto le stelle, in compagnia \u2013 perch\u00e9 no?!?! \u2013 di un buon calice di vino o assaporando le prelibatezze nostrane: tutto questo \u00e8 l\u2019estate in citt\u00e0.<\/p>\n<p><img loading=\"lazy\" decoding=\"async\" class=\"wp-image-264527 aligncenter\" src=\"https:\/\/quicosenza.it\/news\/wp-content\/uploads\/2025\/07\/concerto-generico.jpg\" alt=\"concerto generico siae\" width=\"761\" height=\"471\" title=\"\" srcset=\"https:\/\/quicosenza.it\/news\/wp-content\/uploads\/2025\/07\/concerto-generico.jpg 970w, https:\/\/quicosenza.it\/news\/wp-content\/uploads\/2025\/07\/concerto-generico-300x186.jpg 300w, https:\/\/quicosenza.it\/news\/wp-content\/uploads\/2025\/07\/concerto-generico-768x475.jpg 768w, https:\/\/quicosenza.it\/news\/wp-content\/uploads\/2025\/07\/concerto-generico-679x420.jpg 679w, https:\/\/quicosenza.it\/news\/wp-content\/uploads\/2025\/07\/concerto-generico-150x93.jpg 150w, https:\/\/quicosenza.it\/news\/wp-content\/uploads\/2025\/07\/concerto-generico-696x431.jpg 696w, https:\/\/quicosenza.it\/news\/wp-content\/uploads\/2025\/07\/concerto-generico-356x220.jpg 356w\" sizes=\"auto, (max-width: 761px) 100vw, 761px\" \/><\/p>\n<p>Certo, nel mondo degli smartphone, questo piano per la bella stagione sembra stonare con la digitalizzazione e con l\u2019attaccamento morboso al \u201ccellulare\u201d, anche perch\u00e9 i cosentini sono rimasti affascinati da nuove forme d\u2019intrattenimento, del tutto telematiche, in grado di regalare momenti di svago: social network, messaggistica continua, condivisione costante e <a href=\"https:\/\/www.nuovicasino.it\/casino-online-italiani-autorizzati\/\" rel=\"noopener\">casin\u00f2 online AAMS<\/a> rappresentano, per una fetta considerevole dell\u2019utenza, la possibilit\u00e0 di sperimentare la pace dell\u2019ambiente domestico, comodamente spaparanzati sul proprio divano e senza rinunciare all\u2019aspetto leggero e ludico della vita contemporanea.<\/p>\n<h3>Musica e cultura protagoniste dell&#8217;estate<\/h3>\n<p>Per chiunque volesse mettere da parte Web e social, invece, l\u2019estate in quel di <strong>Cosenza ha una grande attrice come protagonista<\/strong>: la musica. Concerti, festival e manifestazioni culturali creano la giusta atmosfera di dinamicit\u00e0, captando gli interessi di un pubblico variegato e portando artisti di rilievo nazionale nelle location pi\u00f9 suggestive di una terra fin troppo bistrattata, della cui semplicit\u00e0 e ricchezza finiscono per innamorarsi.<\/p>\n<p>Tra gli appuntamenti pi\u00f9 attesi figura sicuramente il <a href=\"https:\/\/cercoeventi.it\/2026\/07\/09\/nina-zilli-raphael-gualazzi-fabio-concato-michele-bravi-festival-del-mediterraneo-2026\/\" rel=\"noopener\">Festival del Mediterraneo 2026<\/a>, che vedr\u00e0 come protagonisti artisti del calibro di Nina Zilli, Raphael Gualazzi, Fabio Concato e Michele Bravi e che prevede diverse tappe all\u2019interno della provincia cosentina, accendendo un piccolo faro su parchi archeologici e palazzi antichi che spesso, sbagliando, finiamo per ritenere scontati.<\/p>\n<h3><strong>Una citt\u00e0 da vivere tra eventi e territorio<\/strong><\/h3>\n<p>Ok, il grande evento ce l\u2019abbiamo, perfetto.<\/p>\n<p>Ma l&#8217;estate a Cosenza comprende anche un<strong>a serie di iniziative volte a valorizzare il nostro patrimonio storico, artistico e gastronomico,<\/strong> posto al centro di manifestazioni culturali e momenti di viva socialit\u00e0, con il duplice scopo di garantire intrattenimento agli autoctoni e accrescere l\u2019offerta turistica, magari con il supporto della politica e il patrocinio del <a href=\"https:\/\/www.comune.cosenza.it\/\" rel=\"noopener\">Comune di Cosenza<\/a>.<\/p>\n<p>Perch\u00e9 il modo di vivere il tempo libero sar\u00e0 pur cambiato nel corso degli ultimi decenni, ma le nuove tecnologie non devono farci perdere i momenti di aggregazione e la necessit\u00e0 di vivere il territorio, fisicamente e non attraverso lo schermo di un dispositivo. D\u2019altronde molti settori sono cambiati, cos\u00ec come sono mutate le abitudini della gente, costantemente alla ricerca di esperienze diversificate, talune volte addirittura personalizzate, ma la vera sfida per le citt\u00e0 consiste proprio nel saper unire tradizione e innovazione, non accantonando valori e usanze e dialogando con una giovent\u00f9 fin troppo spesso tacciata di dipendenza digitale.<\/p>\n<p>E godiamocela l\u2019estate, perch\u00e9, come ogni anno, non faremo a tempo a goderci ferie e relax che settembre sar\u00e0 gi\u00e0 arrivato, restituendoci alla normalit\u00e0 \u2013 leggasi monotonia \u2013 della vita quotidiana, del lavoro e delle spese\u2026 certo, non \u00e8 che quelle smettano di esistere durante la bella stagione, ma quantomeno c\u2019\u00e8 l\u2019afa a distrarci.<\/p>\n","protected":false},"excerpt":{"rendered":"<p>Tra eventi culturali, musica dal vivo e tradizioni enogastronomiche, la citt\u00e0 e l&#8217;entroterra riscoprono l&#8217;estate la voglia di stare insieme anche per valorizzare la bellezza del territorio durante la bella stagione<\/p>\n","protected":false},"author":55,"featured_media":302500,"comment_status":"closed","ping_status":"closed","sticky":false,"template":"","format":"standard","meta":{"_acf_changed":false,"footnotes":"","jetpack_publicize_message":"","jetpack_publicize_feature_enabled":true,"jetpack_social_post_already_shared":true,"jetpack_social_options":{"image_generator_settings":{"template":"highway","default_image_id":0,"font":"","enabled":false},"version":2}},"categories":[568,34],"tags":[],"class_list":["post-302499","post","type-post","status-publish","format-standard","has-post-thumbnail","hentry","category-attualita","category-magazine"],"acf":[],"jetpack_publicize_connections":[],"_links":{"self":[{"href":"https:\/\/quicosenza.it\/news\/wp-json\/wp\/v2\/posts\/302499","targetHints":{"allow":["GET"]}}],"collection":[{"href":"https:\/\/quicosenza.it\/news\/wp-json\/wp\/v2\/posts"}],"about":[{"href":"https:\/\/quicosenza.it\/news\/wp-json\/wp\/v2\/types\/post"}],"author":[{"embeddable":true,"href":"https:\/\/quicosenza.it\/news\/wp-json\/wp\/v2\/users\/55"}],"replies":[{"embeddable":true,"href":"https:\/\/quicosenza.it\/news\/wp-json\/wp\/v2\/comments?post=302499"}],"version-history":[{"count":0,"href":"https:\/\/quicosenza.it\/news\/wp-json\/wp\/v2\/posts\/302499\/revisions"}],"wp:featuredmedia":[{"embeddable":true,"href":"https:\/\/quicosenza.it\/news\/wp-json\/wp\/v2\/media\/302500"}],"wp:attachment":[{"href":"https:\/\/quicosenza.it\/news\/wp-json\/wp\/v2\/media?parent=302499"}],"wp:term":[{"taxonomy":"category","embeddable":true,"href":"https:\/\/quicosenza.it\/news\/wp-json\/wp\/v2\/categories?post=302499"},{"taxonomy":"post_tag","embeddable":true,"href":"https:\/\/quicosenza.it\/news\/wp-json\/wp\/v2\/tags?post=302499"}],"curies":[{"name":"wp","href":"https:\/\/api.w.org\/{rel}","templated":true}]}}