{"id":302504,"date":"2026-09-05T10:40:47","date_gmt":"2026-09-05T08:40:47","guid":{"rendered":"https:\/\/quicosenza.it\/news\/?p=302504"},"modified":"2026-09-05T10:12:47","modified_gmt":"2026-09-05T08:12:47","slug":"legge-fine-vita-calabria-8500-firme-deposito","status":"publish","type":"post","link":"https:\/\/quicosenza.it\/news\/legge-fine-vita-calabria-8500-firme-deposito\/","title":{"rendered":"Legge sul fine vita, in Calabria raccolte 8.500 firme. Ad ottobre il deposito: \u00abLa politica si prepari ad affrontare il tema\u00bb"},"content":{"rendered":"<div class=\"v1gmail_attr\" dir=\"ltr\">\n<p dir=\"ltr\">COSENZA &#8211; Il<strong> tema sul fine vita<\/strong> si impone anche in Calabria. Dopo l&#8217;approvazione della legge in Veneto, quarta regione in Italia dopo Toscana, Sardegna ed Emilia-Romagna a garantire l&#8217;effettiva applicazione di quanto stabilito dalla sentenza n. 204 del 2025 della Corte costituzionale, anche in territorio calabrese l&#8217;esigenza dell&#8217;accesso alla morte volontaria medicalmente assistita diventa sempre pi\u00f9 sentita.<\/p>\n<h3 dir=\"ltr\">Legge sul fine vita in Calabria: verso il deposito in Consiglio regionale<\/h3>\n<p dir=\"ltr\">Lo dimostra la <strong>raccolta firme<\/strong> dell&#8217;<a href=\"https:\/\/www.associazionelucacoscioni.it\/\" target=\"_blank\" rel=\"noopener\"><strong>Associazione Luca Coscioni<\/strong> <\/a>che, dopo aver raggiunto <a href=\"https:\/\/quicosenza.it\/news\/fine-vita-firme-calabria-liberi-subito\/\" target=\"_blank\" rel=\"noopener\"><strong>in appena due mesi le 5.000 firme<\/strong><\/a> necessarie per la proposta di legge regionale di iniziativa popolare &#8220;Liberi Subito&#8221;, ha superato le aspettative con numeri record. Le firme raccolte, ad oggi, infatti, sono <strong>8.500, 3.500 in pi\u00f9 rispetto alla soglia richiesta<\/strong> a cui vanno aggiunte quelle che arriveranno entro la fine di questo mese, per poi essere depositate ad ottobre.<\/p>\n<p dir=\"ltr\">Anche la Calabria, dunque ha raggiunto e ampiamente superato l&#8217;obiettivo necessario per <strong>portare in Consiglio regionale la proposta di legge<\/strong> volta ad assicurare alle persone che ne hanno diritto procedure certe e tempi senza ingiustificati ritardi per l&#8217;accesso alla morte volontaria medicalmente assistita.<\/p>\n<p dir=\"ltr\"><img loading=\"lazy\" decoding=\"async\" class=\"aligncenter  wp-image-228103\" src=\"https:\/\/quicosenza.it\/news\/wp-content\/uploads\/2024\/04\/fine-vita.jpg\" alt=\"fine vita\" width=\"495\" height=\"306\" title=\"\" srcset=\"https:\/\/quicosenza.it\/news\/wp-content\/uploads\/2024\/04\/fine-vita.jpg 970w, https:\/\/quicosenza.it\/news\/wp-content\/uploads\/2024\/04\/fine-vita-300x186.jpg 300w, https:\/\/quicosenza.it\/news\/wp-content\/uploads\/2024\/04\/fine-vita-768x475.jpg 768w, https:\/\/quicosenza.it\/news\/wp-content\/uploads\/2024\/04\/fine-vita-150x93.jpg 150w, https:\/\/quicosenza.it\/news\/wp-content\/uploads\/2024\/04\/fine-vita-696x431.jpg 696w, https:\/\/quicosenza.it\/news\/wp-content\/uploads\/2024\/04\/fine-vita-679x420.jpg 679w, https:\/\/quicosenza.it\/news\/wp-content\/uploads\/2024\/04\/fine-vita-356x220.jpg 356w\" sizes=\"auto, (max-width: 495px) 100vw, 495px\" \/><\/p>\n<p dir=\"ltr\">Con la sentenza n. 204 del 2025 e, da ultimo, con la sentenza n. 148 del 2026, depositata lo scorso 24 luglio, la Corte ha chiarito che, nell&#8217;ambito della tutela della salute, le Regioni possono disciplinare le modalit\u00e0 organizzative entro le quali il Servizio sanitario deve rendere effettivo l&#8217;accesso alla procedura, senza intervenire nelle materie penale o civile.<\/p>\n<h3 dir=\"ltr\">Luca Coscioni: &#8220;Adesione straordinaria&#8221;<\/h3>\n<p dir=\"ltr\">&#8220;Le persone in Calabria continuano a firmare, questo dimostra quanto sia forte e trasversale la richiesta dei cittadini calabresi &#8211; dichiara il Comitato promotore della proposta di legge dell&#8217;Associazione Luca Coscioni, composto da Mariasole Cavarretta, Caterina Forelli, Ivan Papasso, Maria Teresa Prestanicola &#8211; \u00c8 <strong>un&#8217;adesione straordinaria<\/strong> che rafforza la nostra richiesta di <strong>garantire<\/strong>, nell&#8217;ambito delle competenze regionali, <strong>l&#8217;effettivo esercizio di un diritto gi\u00e0 riconosciuto<\/strong>&#8220;.<\/p>\n<p dir=\"ltr\">La <strong>proposta &#8220;Liberi Subito&#8221;<\/strong> non introduce nuovi diritti, ma rende concretamente esercitabile un diritto gi\u00e0 riconosciuto, garantendo procedure certe e tempestive per la verifica dei requisiti; uniformit\u00e0 sul territorio regionale e trasparenza e responsabilit\u00e0 delle aziende sanitarie.<\/p>\n<\/div>\n<div><\/div>\n","protected":false},"excerpt":{"rendered":"<p>L&#8217;Associazione Luca Coscioni sulla proposta &#8220;Liberi Subito&#8221;: &#8220;Adesione straordinaria dei cittadini. Superato del 70% il numero di firme necessario&#8221;<\/p>\n","protected":false},"author":90,"featured_media":289072,"comment_status":"closed","ping_status":"closed","sticky":false,"template":"","format":"standard","meta":{"_acf_changed":false,"footnotes":"","jetpack_publicize_message":"","jetpack_publicize_feature_enabled":true,"jetpack_social_post_already_shared":true,"jetpack_social_options":{"image_generator_settings":{"template":"highway","default_image_id":0,"font":"","enabled":false},"version":2}},"categories":[17],"tags":[],"class_list":["post-302504","post","type-post","status-publish","format-standard","has-post-thumbnail","hentry","category-calabria"],"acf":[],"jetpack_publicize_connections":[],"_links":{"self":[{"href":"https:\/\/quicosenza.it\/news\/wp-json\/wp\/v2\/posts\/302504","targetHints":{"allow":["GET"]}}],"collection":[{"href":"https:\/\/quicosenza.it\/news\/wp-json\/wp\/v2\/posts"}],"about":[{"href":"https:\/\/quicosenza.it\/news\/wp-json\/wp\/v2\/types\/post"}],"author":[{"embeddable":true,"href":"https:\/\/quicosenza.it\/news\/wp-json\/wp\/v2\/users\/90"}],"replies":[{"embeddable":true,"href":"https:\/\/quicosenza.it\/news\/wp-json\/wp\/v2\/comments?post=302504"}],"version-history":[{"count":0,"href":"https:\/\/quicosenza.it\/news\/wp-json\/wp\/v2\/posts\/302504\/revisions"}],"wp:featuredmedia":[{"embeddable":true,"href":"https:\/\/quicosenza.it\/news\/wp-json\/wp\/v2\/media\/289072"}],"wp:attachment":[{"href":"https:\/\/quicosenza.it\/news\/wp-json\/wp\/v2\/media?parent=302504"}],"wp:term":[{"taxonomy":"category","embeddable":true,"href":"https:\/\/quicosenza.it\/news\/wp-json\/wp\/v2\/categories?post=302504"},{"taxonomy":"post_tag","embeddable":true,"href":"https:\/\/quicosenza.it\/news\/wp-json\/wp\/v2\/tags?post=302504"}],"curies":[{"name":"wp","href":"https:\/\/api.w.org\/{rel}","templated":true}]}}