{"id":302508,"date":"2026-09-04T17:10:37","date_gmt":"2026-09-04T15:10:37","guid":{"rendered":"https:\/\/quicosenza.it\/news\/?p=302508"},"modified":"2026-09-04T18:41:50","modified_gmt":"2026-09-04T16:41:50","slug":"nuovo-ospedale-cosenza-tar-vaglio-lise","status":"publish","type":"post","link":"https:\/\/quicosenza.it\/news\/nuovo-ospedale-cosenza-tar-vaglio-lise\/","title":{"rendered":"Nuovo ospedale, Cosenza non molla: a dicembre il Tar decider\u00e0 sul futuro di Vaglio Lise"},"content":{"rendered":"<p>COSENZA &#8211; <strong>Nuovo ospedale: Cosenza non molla.<\/strong> \u00c8 stata fissata al prossimo <strong>15 dicembre<\/strong> 2026, alle ore 11.30, l&#8217;udienza pubblica <strong>dinanzi al Tribunale Amministrativo Regionale per la Calabria, per la discussione del ricorso<\/strong> presentato dall&#8217;Amministrazione comunale di Cosenza in merito alla localizzazione del nuovo Hub di secondo livello del comprensorio cosentino.<\/p>\n<p>Al centro del giudizio vi \u00e8<strong> l&#8217;impugnazione del decreto del Commissario ad acta<\/strong> per l&#8217;attuazione del piano di rientro dai disavanzi del Servizio sanitario regionale calabrese avente ad oggetto l&#8217;approvazione del Documento di Fattibilit\u00e0 delle Alternative Progettuali (DocFAP) del nuovo ospedale del comprensorio di Cosenza.<\/p>\n<p>La fissazione dell&#8217;udienza rappresenta un passaggio importante del percorso istituzionale e giudiziario intrapreso dal Comune di Cosenza per <strong>sostenere la realizzazione del nuovo ospedale Hub all&#8217;interno del territorio comunale, nell&#8217;area di <a href=\"https:\/\/quicosenza.it\/news\/nuovo-ospedale-hub-cosenza-caruso\/\" target=\"_blank\" rel=\"noopener\">Vaglio Lise<\/a><\/strong>, e per contestare la prospettiva di una sua delocalizzazione fuori dalla citt\u00e0.<\/p>\n<p><img loading=\"lazy\" decoding=\"async\" class=\"aligncenter wp-image-291235 \" src=\"https:\/\/quicosenza.it\/news\/wp-content\/uploads\/2026\/04\/Nuovo-ospedale-di-Cosenza_rendering.jpg\" alt=\"Nuovo ospedale di Cosenza, Nicola Irto non prende posizione mentre il Pd si divide\" width=\"620\" height=\"433\" title=\"\" srcset=\"https:\/\/quicosenza.it\/news\/wp-content\/uploads\/2026\/04\/Nuovo-ospedale-di-Cosenza_rendering.jpg 970w, https:\/\/quicosenza.it\/news\/wp-content\/uploads\/2026\/04\/Nuovo-ospedale-di-Cosenza_rendering-300x209.jpg 300w, https:\/\/quicosenza.it\/news\/wp-content\/uploads\/2026\/04\/Nuovo-ospedale-di-Cosenza_rendering-768x536.jpg 768w\" sizes=\"auto, (max-width: 620px) 100vw, 620px\" \/><\/p>\n<h3>Comune in campo: \u00abCosenza difende il suo ospedale\u00bb<\/h3>\n<p>\u00abLa fissazione dell&#8217;udienza pubblica del prossimo 15 dicembre \u2013 affermano il sindaco Franz Caruso ed il presidente Giuseppe Mazzuca \u2013 rappresenta un passaggio importante della complessa battaglia istituzionale, politica e giudiziaria che stiamo conducendo per difendere il diritto di Cosenza ad avere il proprio nuovo ospedale in citt\u00e0.<\/p>\n<p><strong>Fin dall&#8217;inizio abbiamo sostenuto con chiarezza che il <a href=\"https:\/\/www.comune.cosenza.it\/it\/novita\/page\/nuovo-ospedale-hub-fissata-al-15-dicembre-l-udienza-al-tar-sul-ricorso-del-comune\" target=\"_blank\" rel=\"noopener\">nuovo ospedale Hub di secondo livello<\/a> debba essere realizzato nel territorio di Cosenza e, in particolare, nell&#8217;area di Vaglio Lise<\/strong>. \u00c8 una posizione che nasce dalla convinzione che una struttura sanitaria di questa rilevanza debba rimanere <strong>al servizio della citt\u00e0 capoluogo<\/strong> e del suo sistema urbano, garantendo accessibilit\u00e0, centralit\u00e0 e continuit\u00e0 con il tessuto dei servizi cittadini.<\/p>\n<p><img loading=\"lazy\" decoding=\"async\" class=\"aligncenter wp-image-278748 \" src=\"https:\/\/quicosenza.it\/news\/wp-content\/uploads\/2025\/12\/nuovo-ospedale_m5s_rende.jpg\" alt=\"nuovo ospedale m5s rende\" width=\"668\" height=\"413\" title=\"\" srcset=\"https:\/\/quicosenza.it\/news\/wp-content\/uploads\/2025\/12\/nuovo-ospedale_m5s_rende.jpg 970w, https:\/\/quicosenza.it\/news\/wp-content\/uploads\/2025\/12\/nuovo-ospedale_m5s_rende-300x186.jpg 300w, https:\/\/quicosenza.it\/news\/wp-content\/uploads\/2025\/12\/nuovo-ospedale_m5s_rende-768x475.jpg 768w\" sizes=\"auto, (max-width: 668px) 100vw, 668px\" \/><\/p>\n<p>Non stiamo difendendo semplicemente un&#8217;area \u2013 proseguono \u2013 ma una funzione strategica della citt\u00e0 e il suo diritto a non essere privata di un&#8217;infrastruttura sanitaria fondamentale per il proprio futuro. La localizzazione del nuovo Hub fuori da Cosenza avrebbe, infatti, conseguenze che vanno ben oltre la collocazione fisica dell&#8217;ospedale e che riguardano<strong> il ruolo della citt\u00e0, l&#8217;organizzazione dei servizi, l&#8217;assetto urbano e la capacit\u00e0 del capoluogo di continuare a essere punto di riferimento per l&#8217;intero territorio provinciale.<\/strong><\/p>\n<p><strong>La nostra posizione, lo ribadiamo ancora una volta, non \u00e8 in alcun modo contro l&#8217;Universit\u00e0 della Calabria<\/strong>, che rappresenta una risorsa straordinaria e che intendiamo continuare a valorizzare. Riteniamo, per\u00f2, che lo sviluppo dell&#8217;Universit\u00e0 non debba avvenire a discapito della citt\u00e0 di Cosenza e sanit\u00e0 provinciale e regionale. Le due realt\u00e0 possono e, anzi, per come ho pi\u00f9 volte affermato, devono crescere insieme, attraverso una programmazione territoriale equilibrata e rispettosa delle esigenze dell&#8217;intera comunit\u00e0.<\/p>\n<p>Abbiamo sostenuto con coerenza la nostra posizione in tutte le sedi istituzionali e abbiamo ritenuto doveroso sottoporre anche alla giustizia amministrativa gli atti che hanno aperto alla prospettiva della delocalizzazione del nuovo ospedale. Lo abbiamo fatto con senso di responsabilit\u00e0 e nella piena consapevolezza che siamo di fronte a una scelta destinata a incidere profondamente e per molti anni sul futuro della citt\u00e0 e dell&#8217;intero territorio. Proprio per questo riteniamo necessario che una decisione di tale portata sia assunta sulla base di un confronto istituzionale serio e trasparente e di valutazioni rigorose sotto il profilo tecnico, urbanistico e amministrativo\u00bb.<\/p>\n<p><img loading=\"lazy\" decoding=\"async\" class=\"aligncenter wp-image-300400 \" src=\"https:\/\/quicosenza.it\/news\/wp-content\/uploads\/2026\/08\/Tar-Calabria-luzzi.jpg\" alt=\"Tar-Calabria luzzi\" width=\"655\" height=\"405\" title=\"\" srcset=\"https:\/\/quicosenza.it\/news\/wp-content\/uploads\/2026\/08\/Tar-Calabria-luzzi.jpg 970w, https:\/\/quicosenza.it\/news\/wp-content\/uploads\/2026\/08\/Tar-Calabria-luzzi-300x186.jpg 300w, https:\/\/quicosenza.it\/news\/wp-content\/uploads\/2026\/08\/Tar-Calabria-luzzi-768x475.jpg 768w\" sizes=\"auto, (max-width: 655px) 100vw, 655px\" \/><\/p>\n<h3>\u00a0\u00abIl 15 dicembre saremo davanti al TAR\u00bb<\/h3>\n<p>\u00abRingraziamo i comitati civici e quanti, in questi anni, hanno accompagnato e sostenuto l&#8217;azione dell&#8217;Amministrazione. Il loro contributo testimonia quanto questa vicenda sia sentita dalla comunit\u00e0. <strong>Il 15 dicembre \u2013 concludono Franz Caruso e Giuseppe Mazzuca \u2013 saremo davanti al TAR per rappresentare le ragioni di Cosenza<\/strong> e sostenere, nelle sedi competenti, il diritto della nostra citt\u00e0 ad avere il nuovo ospedale Hub nel proprio territorio. \u00c8 una battaglia che continueremo a condurre con determinazione, nel rispetto delle istituzioni e con l&#8217;obiettivo di tutelare l&#8217;interesse generale della comunit\u00e0 cosentina\u00bb.<\/p>\n","protected":false},"excerpt":{"rendered":"<p>Il Tribunale Amministrativo Regionale della Calabria ha fissato per il 15 dicembre l\u2019udienza sul ricorso del Comune di Cosenza contro gli atti sulla delocalizzazione del nuovo ospedale Hub ad Arcavacata<\/p>\n","protected":false},"author":58,"featured_media":191532,"comment_status":"closed","ping_status":"closed","sticky":false,"template":"","format":"standard","meta":{"_acf_changed":false,"footnotes":"","jetpack_publicize_message":"","jetpack_publicize_feature_enabled":true,"jetpack_social_post_already_shared":true,"jetpack_social_options":{"image_generator_settings":{"template":"highway","default_image_id":0,"font":"","enabled":false},"version":2}},"categories":[563,42,1],"tags":[],"class_list":["post-302508","post","type-post","status-publish","format-standard","has-post-thumbnail","hentry","category-area-urbana","category-cosenza","category-senza-categoria"],"acf":[],"jetpack_publicize_connections":[],"_links":{"self":[{"href":"https:\/\/quicosenza.it\/news\/wp-json\/wp\/v2\/posts\/302508","targetHints":{"allow":["GET"]}}],"collection":[{"href":"https:\/\/quicosenza.it\/news\/wp-json\/wp\/v2\/posts"}],"about":[{"href":"https:\/\/quicosenza.it\/news\/wp-json\/wp\/v2\/types\/post"}],"author":[{"embeddable":true,"href":"https:\/\/quicosenza.it\/news\/wp-json\/wp\/v2\/users\/58"}],"replies":[{"embeddable":true,"href":"https:\/\/quicosenza.it\/news\/wp-json\/wp\/v2\/comments?post=302508"}],"version-history":[{"count":0,"href":"https:\/\/quicosenza.it\/news\/wp-json\/wp\/v2\/posts\/302508\/revisions"}],"wp:featuredmedia":[{"embeddable":true,"href":"https:\/\/quicosenza.it\/news\/wp-json\/wp\/v2\/media\/191532"}],"wp:attachment":[{"href":"https:\/\/quicosenza.it\/news\/wp-json\/wp\/v2\/media?parent=302508"}],"wp:term":[{"taxonomy":"category","embeddable":true,"href":"https:\/\/quicosenza.it\/news\/wp-json\/wp\/v2\/categories?post=302508"},{"taxonomy":"post_tag","embeddable":true,"href":"https:\/\/quicosenza.it\/news\/wp-json\/wp\/v2\/tags?post=302508"}],"curies":[{"name":"wp","href":"https:\/\/api.w.org\/{rel}","templated":true}]}}