{"id":302509,"date":"2026-09-04T17:48:19","date_gmt":"2026-09-04T15:48:19","guid":{"rendered":"https:\/\/quicosenza.it\/news\/?p=302509"},"modified":"2026-09-04T17:48:19","modified_gmt":"2026-09-04T15:48:19","slug":"madonna-del-pettoruto-festa-san-sosti","status":"publish","type":"post","link":"https:\/\/quicosenza.it\/news\/madonna-del-pettoruto-festa-san-sosti\/","title":{"rendered":"Madonna del Pettoruto, conto alla rovescia per la festa: tutti gli appuntamenti tra fede e tradizione"},"content":{"rendered":"<p>SAN SOSTI (CS) &#8211; Madonna del Pettoruto, conto alla rovescia per i festeggiamenti. Con il mese di settembre torna a vivere, nel cuore del Parco Nazionale del Pollino, uno degli appuntamenti pi\u00f9 sentiti della tradizione religiosa e popolare di San Sosti. Al <strong><a href=\"https:\/\/quicosenza.it\/news\/santuario-pettoruto-fedeli-bimbo-camminare\/\" target=\"_blank\" rel=\"noopener\">Santuario<\/a> Regionale Basilica della Vergine Santissima Incoronata del Pettoruto<\/strong> si rinnovano infatti i tradizionali festeggiamenti in onore della Madonna, giorni nei quali fede, devozione e appartenenza si intrecciano in una storia che da generazioni continua a coinvolgere la Calabria. Immerso in uno scenario naturale di particolare suggestione, il Santuario accoglie pellegrini, famiglie e gruppi che raggiungono il Pettoruto per mantenere fede a una tradizione antica, fatta di preghiere, celebrazioni e momenti di incontro. I primi giorni di settembre sono gi\u00e0 stati caratterizzati da diversi pellegrinaggi, preludio agli appuntamenti pi\u00f9 importanti della festa.<\/p>\n<h2>Madonna del Pettoruto: il programma dei festeggiamenti<\/h2>\n<p><strong>Domani sabato 5 settembre<\/strong> al termine della<strong> celebrazione eucaristica delle 18 presieduta da mons. Stefano Rega<\/strong>, Vescovo di San Marco Argentano-Scalea si rinnover\u00e0 uno dei momenti pi\u00f9 attesi e suggestivi: l\u2019Incoronazione della venerata effigie della Madonna del Pettoruto, gesto che rappresenta uno dei momenti pi\u00f9 solenni della devozione mariana.<\/p>\n<p>La giornata di <strong>domenica 6 settembre<\/strong> sar\u00e0 invece dedicata alla Cura del Creato, con la celebrazione eucaristica del mattino e, nel pomeriggio, la riflessione di don Roberto Oliva sul messaggio di Papa Leone XIV per la Giornata del Creato. Un momento che vuole richiamare l\u2019attenzione sul rapporto tra fede, responsabilit\u00e0 e custodia della casa comune, in un luogo come il Pettoruto dove la dimensione spirituale \u00e8 profondamente legata alla bellezza e alla ricchezza dell\u2019ambiente naturale.<\/p>\n<p><strong>Particolarmente atteso \u00e8 il 7 settembre, Solennit\u00e0 di <a href=\"https:\/\/www.madonnadelpettoruto.it\/\" target=\"_blank\" rel=\"noopener\">Santa Maria del Pettorut<\/a>o<\/strong>. La giornata si aprir\u00e0 con la tradizionale processione penitenziale dal Fondo Valle del Rosa, per poi proseguire con la solenne celebrazione eucaristica e la processione con la statua della Madonna. Nel corso delle celebrazioni sar\u00e0 impartita la Benedizione Papale, con la possibilit\u00e0 di ottenere l\u2019Indulgenza Plenaria, secondo le condizioni previste dalla Chiesa.<\/p>\n<p><strong>Marted\u00ec 8 settembre<\/strong>, <strong>festa della Nativit\u00e0 della Beata Vergine Maria<\/strong>, saranno invece i bambini a essere protagonisti della tradizionale benedizione. La giornata si concluder\u00e0 con il suggestivo rito serale del cambio delle corone, un appuntamento che appartiene alla tradizione dei pellegrini al Santuario e che conserva intatto il suo valore simbolico. Il calendario proseguir\u00e0 per tutto l\u2019autunno con numerosi appuntamenti.<\/p>\n<p>Il <strong>12 settembre<\/strong> \u00e8 in programma il <strong>Pellegrinaggio degli Artisti musicisti<\/strong>, accompagnato dal concerto \u201cUna voce per Maria\u201d. Il giorno successivo, 13 settembre, la celebrazione sar\u00e0 presieduta da mons. Giovanni Checchinato, Arcivescovo di Cosenza-Bisignano, mentre il 20 settembre sar\u00e0 la volta di mons. Giuseppe Alberti, Vescovo di Oppido Mamertina-Palmi. Il 26 settembre il Santuario ospiter\u00e0 la Giornata diocesana del Malato e dei Cenacoli di preghiera \u201cCuore Immacolato di Maria Rifugio delle Anime\u201d.<\/p>\n<p><strong>Gli appuntamenti proseguiranno poi in ottobre con il pellegrinaggio dell\u2019Azione Cattolica, previsto per il 4 ottobre,<\/strong> la Divina Liturgia in rito greco-bizantino dell\u201911 ottobre, legata alla presenza e alla tradizione della comunit\u00e0 arb\u00ebreshe, e<strong> il 25 ottobre,<\/strong> quando al Pettoruto arriver\u00e0 il tradizionale Pellegrinaggio dei Fornai, con l\u2019intervento dell\u2019Istituto Nazionale Assaggiatori Pani. Quello del Pettoruto \u00e8, dunque, un appuntamento che va oltre i confini della comunit\u00e0 della Valle dell\u2019Esaro. Nel corso del tempo la devozione alla Madonna, anche grazie alle comunit\u00e0 emigrate, ha raggiunto diverse realt\u00e0 d\u2019Europa, degli Stati Uniti e del Sud America. \u00c8 una devozione che ha viaggiato insieme alle persone e alle loro storie, mantenendo vivo, anche a migliaia di chilometri di distanza, il legame con il proprio territorio e con la propria tradizione<\/p>\n","protected":false},"excerpt":{"rendered":"<p>Al Santuario tornano i tradizionali festeggiamenti in onore della Madonna del Pettoruto: pellegrinaggi, celebrazioni e processioni animeranno San Sosti per tutto settembre e nei mesi autunnali<\/p>\n","protected":false},"author":58,"featured_media":302511,"comment_status":"closed","ping_status":"closed","sticky":false,"template":"","format":"standard","meta":{"_acf_changed":false,"footnotes":"","jetpack_publicize_message":"","jetpack_publicize_feature_enabled":true,"jetpack_social_post_already_shared":true,"jetpack_social_options":{"image_generator_settings":{"template":"highway","default_image_id":0,"font":"","enabled":false},"version":2}},"categories":[28],"tags":[],"class_list":["post-302509","post","type-post","status-publish","format-standard","has-post-thumbnail","hentry","category-provincia"],"acf":[],"jetpack_publicize_connections":[],"_links":{"self":[{"href":"https:\/\/quicosenza.it\/news\/wp-json\/wp\/v2\/posts\/302509","targetHints":{"allow":["GET"]}}],"collection":[{"href":"https:\/\/quicosenza.it\/news\/wp-json\/wp\/v2\/posts"}],"about":[{"href":"https:\/\/quicosenza.it\/news\/wp-json\/wp\/v2\/types\/post"}],"author":[{"embeddable":true,"href":"https:\/\/quicosenza.it\/news\/wp-json\/wp\/v2\/users\/58"}],"replies":[{"embeddable":true,"href":"https:\/\/quicosenza.it\/news\/wp-json\/wp\/v2\/comments?post=302509"}],"version-history":[{"count":0,"href":"https:\/\/quicosenza.it\/news\/wp-json\/wp\/v2\/posts\/302509\/revisions"}],"wp:featuredmedia":[{"embeddable":true,"href":"https:\/\/quicosenza.it\/news\/wp-json\/wp\/v2\/media\/302511"}],"wp:attachment":[{"href":"https:\/\/quicosenza.it\/news\/wp-json\/wp\/v2\/media?parent=302509"}],"wp:term":[{"taxonomy":"category","embeddable":true,"href":"https:\/\/quicosenza.it\/news\/wp-json\/wp\/v2\/categories?post=302509"},{"taxonomy":"post_tag","embeddable":true,"href":"https:\/\/quicosenza.it\/news\/wp-json\/wp\/v2\/tags?post=302509"}],"curies":[{"name":"wp","href":"https:\/\/api.w.org\/{rel}","templated":true}]}}