{"id":302522,"date":"2026-09-04T19:56:17","date_gmt":"2026-09-04T17:56:17","guid":{"rendered":"https:\/\/quicosenza.it\/news\/?p=302522"},"modified":"2026-09-04T19:56:17","modified_gmt":"2026-09-04T17:56:17","slug":"fuoco-oasi-argo-sei-cani-morti-incendio","status":"publish","type":"post","link":"https:\/\/quicosenza.it\/news\/fuoco-oasi-argo-sei-cani-morti-incendio\/","title":{"rendered":"Inferno di fuoco all&#8217;Oasi Argo, sei cani morti e rifugio distrutto: &#8220;Anni di sacrifici bruciati&#8221; &#8211; VIDEO"},"content":{"rendered":"<p>CROTONE &#8211; Un<strong> grave incendio,<\/strong> <strong>di probabile natura dolosa, ha devastato l&#8217;<a href=\"https:\/\/www.oasiargo.org\/\" target=\"_blank\" rel=\"noopener\">Oasi Arg<\/a>o gestito da Caterina Semerano\u00a0,<\/strong> rifugio per animali a Cir\u00f2 Marina, <strong>causando la morte di sei cani.<\/strong> Le fiamme, divampate intorno alle ore 16, hanno distrutto un ufficio logistico in legno e due furgoni dell&#8217;associazione &#8220;Adozioni Argo&#8221;, mezzi quotidianamente impiegati per le staffette verso le famiglie adottive.<\/p>\n<p>Il tempestivo intervento dei Vigili del fuoco ha circoscritto il rogo, evitando che si estendesse al resto della struttura che <strong>ospita oltre 200 animal<\/strong>i e scongiurando una strage. <strong>I sei <a href=\"https:\/\/quicosenza.it\/news\/463381-incendi-altra-giornata-pesante-in-calabria-31-roghi-criticita-a-firmo-archi-e-filogaso\/\" target=\"_blank\" rel=\"noopener\">cani<\/a> deceduti erano gli esemplari pi\u00f9 fragili, affetti da problemi motori e<\/strong> ospitati per necessit\u00e0 sanitarie all&#8217;interno di container climatizzati, i quali non hanno lasciato loro alcuna via di scampo.<\/p>\n<h3>Incendio all&#8217;Oasi Argo: &#8220;Non ci fermeremo&#8221;<\/h3>\n<p>La stessa <strong>Caterina Semerano,<\/strong>\u00a0sconvolta tra i resti ancora fumanti della struttura,<strong> ha affidato ad un video tutto il suo dolore e la sua rabbia per l&#8217;accaduto,<\/strong> rivolgendosi direttamente ai responsabili:<\/p>\n<p>&#8220;Bravi, bravi! Ce la prendiamo con i deboli. Lo dico a voi e a tutti quelli che hanno partecipato: avete ucciso dei cani, avete bruciato i furgoni, le due staffette, la casetta e il container adibito a ufficio&#8230; Avete fatto il danno, ora siete pi\u00f9 contenti? <strong>Parlate di denunce, ma cosa denunciate? Io ho denunciato! E questa \u00e8 la risposta, si minaccia cos\u00ec.<\/strong> Avete bruciato anni di sacrifici, mi avete toccato il cuore. Ma noi non ci fermiamo, adesso sto aspettando il Procuratore. <strong>Avete distrutto i mezzi perch\u00e9 davano fastidio per i trasporti. Ignoranti!<\/strong> Io ho sempre fatto tutto con la legge e ho sempre denunciato secondo la legge. <strong>Ora basta: adesso raccontiamo un po&#8217; di cosette&#8230;<\/strong>&#8221;<\/p>\n<p><strong>Sul posto sono intervenuti i Carabinieri della Compagnia di Cir\u00f2 Marina, che stanno ora indagando a tutto campo per chiarire l&#8217;esatta dinamica dell&#8217;evento<\/strong>. L&#8217;ipotesi prioritaria al vaglio degli investigatori \u00e8 quella di un<strong> atto intimidatorio<\/strong> mirato contro Semerano, nota sul territorio per le sue storiche battaglie contro le illegalit\u00e0 nello sfruttamento del randagismo e per le continue pressioni sull&#8217;applicazione della legge sulle sterilizzazioni.<\/p>\n<p><iframe loading=\"lazy\" style=\"border: none; overflow: hidden;\" src=\"https:\/\/www.facebook.com\/plugins\/video.php?height=476&amp;href=https%3A%2F%2Fwww.facebook.com%2F100008998336322%2Fvideos%2F1452354376752095%2F&amp;show_text=false&amp;width=267&amp;t=0\" width=\"267\" height=\"476\" frameborder=\"0\" scrolling=\"no\" allowfullscreen=\"allowfullscreen\"><\/iframe><\/p>\n","protected":false},"excerpt":{"rendered":"<p>Rogo devastante all&#8217;Oasi Argo di Cir\u00f2 Marina: distrutti l&#8217;ufficio e i furgoni delle staffette. Morti sei cani disabili. La rabbia del gestore del rifugio: \u00abAvete bruciato anni di sacrifici, ma non ci fermiamo\u00bb<\/p>\n","protected":false},"author":58,"featured_media":302523,"comment_status":"closed","ping_status":"closed","sticky":false,"template":"","format":"standard","meta":{"_acf_changed":false,"footnotes":"","jetpack_publicize_message":"","jetpack_publicize_feature_enabled":true,"jetpack_social_post_already_shared":true,"jetpack_social_options":{"image_generator_settings":{"template":"highway","default_image_id":0,"font":"","enabled":false},"version":2}},"categories":[17],"tags":[],"class_list":["post-302522","post","type-post","status-publish","format-standard","has-post-thumbnail","hentry","category-calabria"],"acf":[],"jetpack_publicize_connections":[],"_links":{"self":[{"href":"https:\/\/quicosenza.it\/news\/wp-json\/wp\/v2\/posts\/302522","targetHints":{"allow":["GET"]}}],"collection":[{"href":"https:\/\/quicosenza.it\/news\/wp-json\/wp\/v2\/posts"}],"about":[{"href":"https:\/\/quicosenza.it\/news\/wp-json\/wp\/v2\/types\/post"}],"author":[{"embeddable":true,"href":"https:\/\/quicosenza.it\/news\/wp-json\/wp\/v2\/users\/58"}],"replies":[{"embeddable":true,"href":"https:\/\/quicosenza.it\/news\/wp-json\/wp\/v2\/comments?post=302522"}],"version-history":[{"count":0,"href":"https:\/\/quicosenza.it\/news\/wp-json\/wp\/v2\/posts\/302522\/revisions"}],"wp:featuredmedia":[{"embeddable":true,"href":"https:\/\/quicosenza.it\/news\/wp-json\/wp\/v2\/media\/302523"}],"wp:attachment":[{"href":"https:\/\/quicosenza.it\/news\/wp-json\/wp\/v2\/media?parent=302522"}],"wp:term":[{"taxonomy":"category","embeddable":true,"href":"https:\/\/quicosenza.it\/news\/wp-json\/wp\/v2\/categories?post=302522"},{"taxonomy":"post_tag","embeddable":true,"href":"https:\/\/quicosenza.it\/news\/wp-json\/wp\/v2\/tags?post=302522"}],"curies":[{"name":"wp","href":"https:\/\/api.w.org\/{rel}","templated":true}]}}