{"id":302543,"date":"2026-09-05T11:09:10","date_gmt":"2026-09-05T09:09:10","guid":{"rendered":"https:\/\/quicosenza.it\/news\/?p=302543"},"modified":"2026-09-05T11:16:04","modified_gmt":"2026-09-05T09:16:04","slug":"salvatore-sproviero-ritrovato-sta-bene","status":"publish","type":"post","link":"https:\/\/quicosenza.it\/news\/salvatore-sproviero-ritrovato-sta-bene\/","title":{"rendered":"Salvatore Sproviero \u00e8 stato ritrovato e sta bene. I familiari ringraziano per l&#8217;aiuto ed il sostegno"},"content":{"rendered":"<p class=\"article-title\">COSENZA &#8211; Salvatore Sproviero, il 42enne cosentino di cui <a href=\"https:\/\/quicosenza.it\/news\/cosenza-scomparso-salvatore-sproviero-ricerche\/\" target=\"_blank\" rel=\"noopener\">si erano perse le tracce nei giorni scorsi<\/a> \u00e8 stato <strong>ritrovato e sta bene.<\/strong> Da quanto si apprende l&#8217;uomo si \u00e8 <strong>recato questa mattina<\/strong> al <strong>Commissariato di Capri<\/strong> facendosi riconoscere.<\/p>\n<p class=\"article-title\">Una notizia che ha ridato gioia e sollievo ai suoi familiari che negli scorsi giorni, in seguito alla denuncia di scomparsa, aveva lanciato un <strong>appello sui social<\/strong> chiedendo aiuto a chiunque avesse visto o sapesse qualcosa, anche un minimo dettaglio utile, al suo ritrovamento.<\/p>\n<p><img loading=\"lazy\" decoding=\"async\" class=\"aligncenter wp-image-302424\" src=\"https:\/\/quicosenza.it\/news\/wp-content\/uploads\/2026\/09\/Salvatore-Sproviero.jpg\" alt=\"Salvatore Sproviero\" width=\"498\" height=\"337\" title=\"\" srcset=\"https:\/\/quicosenza.it\/news\/wp-content\/uploads\/2026\/09\/Salvatore-Sproviero.jpg 970w, https:\/\/quicosenza.it\/news\/wp-content\/uploads\/2026\/09\/Salvatore-Sproviero-300x203.jpg 300w, https:\/\/quicosenza.it\/news\/wp-content\/uploads\/2026\/09\/Salvatore-Sproviero-768x519.jpg 768w\" sizes=\"auto, (max-width: 498px) 100vw, 498px\" \/><\/p>\n<h3>Salvatore Sproviero, presto l&#8217;abbraccio dei familiari<\/h3>\n<p>I familiari ora si stanno organizzando per poter <strong>raggiungere il 42enne direttamente a Capri<\/strong> e poterlo riabbracciare dopo lunghe ore di apprensione. La scomparsa di Salvatore aveva dato vita ad una vera e propria mobilitazione.<\/p>\n<p>In tanti, tra amici, conoscenti o semplici cittadini dell&#8217;area urbana, hanno fatto circolare la notizia della scomparsa per fare in modo che l&#8217;appello lanciato dalla famiglia si diffondesse il pi\u00f9 possibile. Un abbraccio di solidariet\u00e0 verso la famiglia che si \u00e8 concluso, fortunatamente, con il lieto fine.<\/p>\n<p>I familiari del 42enne ringraziano, infatti, tutti coloro che si sono interessati alla vicenda, hanno contribuito alla diffusione dell\u2019appello e hanno fornito segnalazioni e indizi utili.<\/p>\n","protected":false},"excerpt":{"rendered":"<p>Da quanto si apprende l&#8217;uomo si \u00e8 recato questa mattina al Commissariato di Capri facendosi riconoscere. I familiari ora si stanno organizzando per poter raggiungere il 42enne e riabbracciarlo dopo lunghe ore di apprensione <\/p>\n","protected":false},"author":90,"featured_media":302482,"comment_status":"closed","ping_status":"closed","sticky":false,"template":"","format":"standard","meta":{"_acf_changed":false,"footnotes":"","jetpack_publicize_message":"","jetpack_publicize_feature_enabled":true,"jetpack_social_post_already_shared":true,"jetpack_social_options":{"image_generator_settings":{"template":"highway","default_image_id":0,"font":"","enabled":false},"version":2}},"categories":[563,42],"tags":[],"class_list":["post-302543","post","type-post","status-publish","format-standard","has-post-thumbnail","hentry","category-area-urbana","category-cosenza"],"acf":[],"jetpack_publicize_connections":[],"_links":{"self":[{"href":"https:\/\/quicosenza.it\/news\/wp-json\/wp\/v2\/posts\/302543","targetHints":{"allow":["GET"]}}],"collection":[{"href":"https:\/\/quicosenza.it\/news\/wp-json\/wp\/v2\/posts"}],"about":[{"href":"https:\/\/quicosenza.it\/news\/wp-json\/wp\/v2\/types\/post"}],"author":[{"embeddable":true,"href":"https:\/\/quicosenza.it\/news\/wp-json\/wp\/v2\/users\/90"}],"replies":[{"embeddable":true,"href":"https:\/\/quicosenza.it\/news\/wp-json\/wp\/v2\/comments?post=302543"}],"version-history":[{"count":0,"href":"https:\/\/quicosenza.it\/news\/wp-json\/wp\/v2\/posts\/302543\/revisions"}],"wp:featuredmedia":[{"embeddable":true,"href":"https:\/\/quicosenza.it\/news\/wp-json\/wp\/v2\/media\/302482"}],"wp:attachment":[{"href":"https:\/\/quicosenza.it\/news\/wp-json\/wp\/v2\/media?parent=302543"}],"wp:term":[{"taxonomy":"category","embeddable":true,"href":"https:\/\/quicosenza.it\/news\/wp-json\/wp\/v2\/categories?post=302543"},{"taxonomy":"post_tag","embeddable":true,"href":"https:\/\/quicosenza.it\/news\/wp-json\/wp\/v2\/tags?post=302543"}],"curies":[{"name":"wp","href":"https:\/\/api.w.org\/{rel}","templated":true}]}}