{"id":302548,"date":"2026-09-05T14:00:15","date_gmt":"2026-09-05T12:00:15","guid":{"rendered":"https:\/\/quicosenza.it\/news\/?p=302548"},"modified":"2026-09-05T12:51:44","modified_gmt":"2026-09-05T10:51:44","slug":"bando-la-mia-estate-voucher-sfogo-2-genitori","status":"publish","type":"post","link":"https:\/\/quicosenza.it\/news\/bando-la-mia-estate-voucher-sfogo-2-genitori\/","title":{"rendered":"Bando &#8220;La mia estate&#8221;: l&#8217;illusione dell&#8217;inclusione e voucher inutilizzati. Lo sfogo di 2 genitori: \u00abBurocrazia cieca\u00bb"},"content":{"rendered":"<p>COSENZA &#8211; Riceviamo e pubblichiamo la lettera inviata alla nostra redazione da <strong>Debora Falcone e Paolo Barone<\/strong>, genitori di un bambino neurodivergente (certificato ai sensi della L. 104\/92, art. 3 comma 1).<\/p>\n<p>&#8220;Scriviamo questa lettera aperta <strong>mossi dal pi\u00f9 profondo rammarico<\/strong>, ma anche dalla fermissima volont\u00e0 di <strong>non tacere di fronte a quella che riteniamo una grandissima presa in giro<\/strong> nei confronti dei nostri figli e delle nostre famiglie&#8221; dicono.<\/p>\n<h3>Bando &#8220;La mia estate&#8221;: quando i soldi tornano indietro<\/h3>\n<p>&#8220;Nostro figlio \u00e8 risultato <strong>idoneo al voucher del bando regionale <a href=\"https:\/\/quicosenza.it\/news\/centri-estivi-inclus-ragazzi-disabilita-fondi\/\" target=\"_blank\" rel=\"noopener\">\u201cLa mia estate\u201d<\/a><\/strong>, l&#8217;iniziativa sbandierata con tanto entusiasmo dall&#8217;Assessore Regionale al Welfare Pasqualina Straface. Tuttavia, nostro figlio di quei fondi non potr\u00e0 usufruirne. <strong>I soldi pubblici destinati al suo benessere torneranno indietro.<\/strong> &#8211; raccontano &#8211; Il motivo? Una <strong>burocrazia cieca e un impianto normativo rigido<\/strong>, confermato ufficialmente dalla risposta di diniego che abbiamo ricevuto dalla Regione Calabria il 31 agosto 2026&#8243;.<\/p>\n<p>&#8220;La Regione impone come obbligo inderogabile che il <strong>voucher debba essere speso esclusivamente all&#8217;interno dell&#8217;Ambito Territoriale Sociale di residenza<\/strong>. Le due associazioni accreditate al bando la mia estate con cui nostro figlio porta avanti con successo le sue attivit\u00e0 ludico-ricreative, il campo estivo e lo sport si trovano al di<strong> fuori del nostro Ambito di residenza.<\/strong> Attualmente, nel nostro Ambito non esistono strutture adeguate al suo specifico percorso. E laddove ci fossero, la Regione pretende davvero che due genitori, per usufruire di un contributo economico, debbano sradicare il proprio figlio da contesti in cui si sente accolto, protetto e compreso?&#8221;.<\/p>\n<h3>I genitori alla Regione: &#8220;La persona con disabilit\u00e0 deve adarrarsi?&#8221;<\/h3>\n<p>&#8220;Nostro figlio viene da un anno scolastico difficile nella scuola pubblica, un anno in cui abbiamo vissuto l&#8217;inferno ( qui dovremmo aprire un altro capitolo ma sorvoliamo). Dopo mesi di sacrifici per ricostruire il suo equilibrio emotivo e relazionale, il messaggio che la Regione ci manda \u00e8 chiaro: se vuoi il voucher, devi strapparlo dal suo ambiente sereno e inserirlo dove diciamo noi.<\/p>\n<p>Dov&#8217;\u00e8 finito l&#8217;orientamento alla persona? La <strong><a href=\"https:\/\/www.regione.calabria.it\/\" target=\"_blank\" rel=\"noopener\">Regione<\/a> pretende cos\u00ec che sia la persona con disabilit\u00e0 ad adattarsi all&#8217;ambiente<\/strong> e non che l&#8217;ambiente si adatti alla persona con disabilit\u00e0. Dove sono le belle parole tanto declamate sul &#8220;Progetto di Vita&#8221; dei ragazzi con disabilit\u00e0? Dove sta l&#8217;attenzione alle reali e complesse esigenze della neurodivergenza, se poi un ragazzo viene ridotto a una casella amministrativa e a un confine geografico?<\/p>\n<h3>&#8220;In estate non ci sono aiuti per le famiglie&#8221;<\/h3>\n<p>&#8220;A questo si aggiunge la beffa dei tempi e dei costi. <strong>I sacrifici delle famiglie e l&#8217;inganno dell&#8217;assegno estivo:<\/strong> per un ragazzo riconosciuto con Legge 104, art. 3 comma 1, il sostegno economico dello Stato (l&#8217;indennit\u00e0 di frequenza) \u00e8 legato esclusivamente ai mesi di scuola o di frequenza dei centri convenzionati. Questo significa che <strong>nei mesi di luglio e agosto l&#8217;assegno di disabilit\u00e0 viene totalmente sospeso.<\/strong> <strong>Durante l&#8217;estate si azzera la copertura dell&#8217;assistenza scolastica,<\/strong> non ci sono aiuti e le famiglie restano completamente sole ad affrontare spese enormi&#8221;.<\/p>\n<p>&#8220;Per non lasciarli isolati quattro mesi,<strong> noi genitori sosteniamo interamente a nostro carico sia le terapie private<\/strong> (logopedia, psicomotricit\u00e0, terapia comportamentale) <strong>sia le attivit\u00e0 sportive.<\/strong> Questo voucher <strong>avrebbe dovuto essere una boccata d&#8217;ossigeno<\/strong> in un momento di totale assenza di sussidi; si \u00e8 rivelato <strong>solo cenere negli occhi.<\/strong> Il bando a stagione finita: i genitori di ragazzi con fragilit\u00e0 iniziano a pianificare l&#8217;estate a gennaio o febbraio. Presentare un bando sui campi estivi in piena estate e inviare le conferme di idoneit\u00e0 ad agosto inoltrato \u00e8 un paradosso. Estendere l&#8217;utilizzo del voucher fino a dicembre non risolve il problema se le regole di fondo impediscono di usarlo&#8221;.<\/p>\n<h3>&#8220;Con quali criteri \u00e8 stato creato il bando?&#8221;<\/h3>\n<p>&#8220;Ci chiediamo, e chiediamo pubblicamente alla Giunta Regionale: <strong>con quali criteri \u00e8 stato pensato questo bando?<\/strong> <strong>Per aiutare concretamente le famiglie o solo per fare propaganda politica<\/strong> sulle spalle di chi vive quotidianamente immense difficolt\u00e0? Prima di scriverlo questo bando vi siete veramente confrontati con chi vive la disabilit\u00e0 ogni giorno? E soprattutto:<strong> che fine faranno i fondi pubblici destinati a nostro figlio e a tutti i ragazzi nelle sue stesse condizioni che torneranno indietro perch\u00e9 non fruibili?<\/strong><\/p>\n<p>Non stiamo combattendo solo per nostri figlio. <strong>Sappiamo con certezza che non siamo gli unici genitori in questa situazione<\/strong>. Troppi genitori soffrono in silenzio di fronte a bandi &#8220;vetrina&#8221; strutturati in maniera frettolosa e del tutto avulsa dalla realt\u00e0. I nostri figli non sono numeri di pratica, n\u00e9 spot elettorali. Meritano rispetto, continuit\u00e0 educativa, dignit\u00e0 e misure strutturate sulle loro reali esigenze, non elemosine burocratiche condizionate da confini di mappa&#8221;.<\/p>\n","protected":false},"excerpt":{"rendered":"<p>Riceviamo e pubblichiamo la lettera aperta di due genitori che non hanno potuto usufruire dei voucher di cui erano beneficiari per questioni burocratiche: i fondi possono essere spesi esclusivamente all&#8217;interno dell&#8217;Ambito Territoriale Sociale di residenza <\/p>\n","protected":false},"author":21,"featured_media":298340,"comment_status":"closed","ping_status":"closed","sticky":false,"template":"","format":"standard","meta":{"_acf_changed":false,"footnotes":"","jetpack_publicize_message":"","jetpack_publicize_feature_enabled":true,"jetpack_social_post_already_shared":true,"jetpack_social_options":{"image_generator_settings":{"template":"highway","default_image_id":0,"font":"","enabled":false},"version":2}},"categories":[17],"tags":[],"class_list":["post-302548","post","type-post","status-publish","format-standard","has-post-thumbnail","hentry","category-calabria"],"acf":[],"jetpack_publicize_connections":[],"_links":{"self":[{"href":"https:\/\/quicosenza.it\/news\/wp-json\/wp\/v2\/posts\/302548","targetHints":{"allow":["GET"]}}],"collection":[{"href":"https:\/\/quicosenza.it\/news\/wp-json\/wp\/v2\/posts"}],"about":[{"href":"https:\/\/quicosenza.it\/news\/wp-json\/wp\/v2\/types\/post"}],"author":[{"embeddable":true,"href":"https:\/\/quicosenza.it\/news\/wp-json\/wp\/v2\/users\/21"}],"replies":[{"embeddable":true,"href":"https:\/\/quicosenza.it\/news\/wp-json\/wp\/v2\/comments?post=302548"}],"version-history":[{"count":0,"href":"https:\/\/quicosenza.it\/news\/wp-json\/wp\/v2\/posts\/302548\/revisions"}],"wp:featuredmedia":[{"embeddable":true,"href":"https:\/\/quicosenza.it\/news\/wp-json\/wp\/v2\/media\/298340"}],"wp:attachment":[{"href":"https:\/\/quicosenza.it\/news\/wp-json\/wp\/v2\/media?parent=302548"}],"wp:term":[{"taxonomy":"category","embeddable":true,"href":"https:\/\/quicosenza.it\/news\/wp-json\/wp\/v2\/categories?post=302548"},{"taxonomy":"post_tag","embeddable":true,"href":"https:\/\/quicosenza.it\/news\/wp-json\/wp\/v2\/tags?post=302548"}],"curies":[{"name":"wp","href":"https:\/\/api.w.org\/{rel}","templated":true}]}}