{"id":302551,"date":"2026-09-05T15:02:53","date_gmt":"2026-09-05T13:02:53","guid":{"rendered":"https:\/\/quicosenza.it\/news\/?p=302551"},"modified":"2026-09-05T16:09:47","modified_gmt":"2026-09-05T14:09:47","slug":"celico-lagaro-experience-festapatata-della-sila","status":"publish","type":"post","link":"https:\/\/quicosenza.it\/news\/celico-lagaro-experience-festapatata-della-sila\/","title":{"rendered":"Celico: Lagaro Experience, ha debuttato la 25\u00aa edizione della Festa della Patata della Sila"},"content":{"rendered":"<p>CELICO- \u00c8 stato il convegno \u201c<a href=\"https:\/\/quicosenza.it\/news\/celico-festival-della-patatadal4-al-6-settembre\/\">La Patata<\/a> della Sila: filiera, identit\u00e0 e futuro\u201d ad aprire la <strong>25\u00aa edizione della <a href=\"https:\/\/patateppas.it\/\" rel=\"noopener\">Patata<\/a> della Sila IGP<\/strong>, nel suggestivo scenario del Bosco del Casino Lupinacci, in localit\u00e0 Lagar\u00f2, a Celico. Un appuntamento che ha segnato l\u2019avvio di un\u2019edizione rinnovata nel format e nella narrazione, con l\u2019obiettivo non soltanto di celebrare uno dei prodotti simbolo dell\u2019altopiano silano, ma anche di valorizzare e raccontare il territorio, le sue identit\u00e0 e le sue eccellenze.<\/p>\n<h3>Patata della Sila. Protagonista A Lagar\u00f2 Experience<\/h3>\n<p>All\u2019incontro hanno preso parte il sindaco di Celico, <strong>Matteo Lettieri<\/strong>, il direttore generale di <strong>ARSAC, Fulvia Caligiuri<\/strong>, il presidente del <strong>Consorzio di Tutela della Patata della Sila IGP<\/strong>, il commissario del <strong>Parco Nazionale della Sila, Liborio Bloise<\/strong>, e l\u2019assessore all\u2019Agricoltura della Regione Calabria, <strong>Gianluca Gallo<\/strong>. Tre giorni durante i quali, naturalmente, saranno numerosissimi i turisti e i curiosi che verranno a trascorrere qualche ora, assaggiando tutti i vari prodotti derivanti dalla Patata della Sila, come avvenuto gi\u00e0 nella prima serata di ieri.<\/p>\n<p><img loading=\"lazy\" decoding=\"async\" class=\"aligncenter wp-image-302553 \" src=\"https:\/\/quicosenza.it\/news\/wp-content\/uploads\/2026\/09\/lllllllllll1.png\" alt=\"Celico: Lagaro Experience, ha debuttato la 25\u00aa edizione della Festa della Patata della Sila\" width=\"377\" height=\"202\" title=\"\" srcset=\"https:\/\/quicosenza.it\/news\/wp-content\/uploads\/2026\/09\/lllllllllll1.png 1551w, https:\/\/quicosenza.it\/news\/wp-content\/uploads\/2026\/09\/lllllllllll1-300x160.png 300w, https:\/\/quicosenza.it\/news\/wp-content\/uploads\/2026\/09\/lllllllllll1-1024x547.png 1024w, https:\/\/quicosenza.it\/news\/wp-content\/uploads\/2026\/09\/lllllllllll1-768x410.png 768w, https:\/\/quicosenza.it\/news\/wp-content\/uploads\/2026\/09\/lllllllllll1-1536x821.png 1536w\" sizes=\"auto, (max-width: 377px) 100vw, 377px\" \/><\/p>\n<p>\u201c\u00c8 una tradizione che si rinnova\u201d. Ha sottolineato il sindaco di Celico Matteo Lettieri. \u201cAnche quest\u2019anno siamo arrivati alla venticinquesima edizione della Sagra della Patata, che cambia nome e si chiama Lagaro Experience \u2013 Festa della Patata della Sila. Non cambia, per\u00f2, nella sostanza, perch\u00e9 il fine \u00e8 sempre quello di promuovere il prodotto, un prodotto unico al mondo, ormai riconoscibile e diventato un vero e proprio brand, e allo stesso tempo promuovere anche il territorio&#8221;.<\/p>\n<p><img loading=\"lazy\" decoding=\"async\" class=\"aligncenter wp-image-302554 \" src=\"https:\/\/quicosenza.it\/news\/wp-content\/uploads\/2026\/09\/vvvvvvv.png\" alt=\"Celico: Lagaro Experience, ha debuttato la 25\u00aa edizione della Festa della Patata della Sila\" width=\"380\" height=\"207\" title=\"\" srcset=\"https:\/\/quicosenza.it\/news\/wp-content\/uploads\/2026\/09\/vvvvvvv.png 1503w, https:\/\/quicosenza.it\/news\/wp-content\/uploads\/2026\/09\/vvvvvvv-300x163.png 300w, https:\/\/quicosenza.it\/news\/wp-content\/uploads\/2026\/09\/vvvvvvv-1024x558.png 1024w, https:\/\/quicosenza.it\/news\/wp-content\/uploads\/2026\/09\/vvvvvvv-768x418.png 768w\" sizes=\"auto, (max-width: 380px) 100vw, 380px\" \/><\/p>\n<p>Il programma della manifestazione che si sviluppa nell\u2019arco di tre giornate e propone un calendario ricco di appuntamenti. <strong>Escursioni, conferenze, momenti musicali e iniziative culturali<\/strong> accompagneranno i visitatori alla scoperta della Sila e delle sue peculiarit\u00e0.<\/p>\n<p>&#8220;Questa tre giorni \u00e8 ricca di eventi: sono previste diverse escursioni, ci saranno momenti di riflessione con le conferenze in programma ogni pomeriggio e, in pi\u00f9, avremo anche momenti musicali e culturali. Al centro di tutto \u2013 ha concluso il sindaco di Celico &#8211; \u00a0c\u2019\u00e8 ovviamente la Patata Silana, che \u00e8 la regina di questa sagra. Qui si potranno gustare tanti piatti preparati proprio a base di Patata della Sila&#8221;.<\/p>\n","protected":false},"excerpt":{"rendered":"<p>La Patata della Sila IGP torna protagonista a Celico per la sua 25\u00aa edizione. La manifestazione cambia nome e diventa Lagaro Experience<\/p>\n","protected":false},"author":66,"featured_media":302552,"comment_status":"closed","ping_status":"closed","sticky":false,"template":"","format":"video","meta":{"_acf_changed":false,"footnotes":"","jetpack_publicize_message":"","jetpack_publicize_feature_enabled":true,"jetpack_social_post_already_shared":true,"jetpack_social_options":{"image_generator_settings":{"template":"highway","default_image_id":0,"font":"","enabled":false},"version":2}},"categories":[28],"tags":[],"class_list":["post-302551","post","type-post","status-publish","format-video","has-post-thumbnail","hentry","category-provincia","post_format-post-format-video"],"acf":[],"jetpack_publicize_connections":[],"_links":{"self":[{"href":"https:\/\/quicosenza.it\/news\/wp-json\/wp\/v2\/posts\/302551","targetHints":{"allow":["GET"]}}],"collection":[{"href":"https:\/\/quicosenza.it\/news\/wp-json\/wp\/v2\/posts"}],"about":[{"href":"https:\/\/quicosenza.it\/news\/wp-json\/wp\/v2\/types\/post"}],"author":[{"embeddable":true,"href":"https:\/\/quicosenza.it\/news\/wp-json\/wp\/v2\/users\/66"}],"replies":[{"embeddable":true,"href":"https:\/\/quicosenza.it\/news\/wp-json\/wp\/v2\/comments?post=302551"}],"version-history":[{"count":0,"href":"https:\/\/quicosenza.it\/news\/wp-json\/wp\/v2\/posts\/302551\/revisions"}],"wp:featuredmedia":[{"embeddable":true,"href":"https:\/\/quicosenza.it\/news\/wp-json\/wp\/v2\/media\/302552"}],"wp:attachment":[{"href":"https:\/\/quicosenza.it\/news\/wp-json\/wp\/v2\/media?parent=302551"}],"wp:term":[{"taxonomy":"category","embeddable":true,"href":"https:\/\/quicosenza.it\/news\/wp-json\/wp\/v2\/categories?post=302551"},{"taxonomy":"post_tag","embeddable":true,"href":"https:\/\/quicosenza.it\/news\/wp-json\/wp\/v2\/tags?post=302551"}],"curies":[{"name":"wp","href":"https:\/\/api.w.org\/{rel}","templated":true}]}}