{"id":302558,"date":"2026-09-05T16:30:58","date_gmt":"2026-09-05T14:30:58","guid":{"rendered":"https:\/\/quicosenza.it\/news\/?p=302558"},"modified":"2026-09-05T15:30:43","modified_gmt":"2026-09-05T13:30:43","slug":"farmacia-dei-servizi-calabria-vaccini-telemedic","status":"publish","type":"post","link":"https:\/\/quicosenza.it\/news\/farmacia-dei-servizi-calabria-vaccini-telemedic\/","title":{"rendered":"Farmacia dei servizi, in Calabria al via le prestazioni vaccinali e i servizi di telemedicina"},"content":{"rendered":"<p>CATANZARO &#8211; Entra concretamente in una nuova fase il <strong>percorso della <a href=\"https:\/\/quicosenza.it\/news\/farmacia-dei-servizi-e-vaccinazioni-calabria-prima-regione-a-partire-nel-2024\/\" target=\"_blank\" rel=\"noopener\">Farmacia dei Servizi<\/a> in Calabria.<\/strong> Con la comunicazione trasmessa il 1\u00b0 settembre dalla Regione Calabria alle Aziende Sanitarie Provinciali, a Federfarma Calabria e agli Ordini provinciali dei Farmacisti, viene dato ufficialmente avvio ad alcune delle attivit\u00e0 previste dall&#8217;Accordo Integrativo Regionale approvato con DDG n. 13199 del 27 luglio 2026.<\/p>\n<h3>Farmacia dei servizi in Calabria, attive le prime prestazioni<\/h3>\n<p>In particolare, le farmacie aderenti potranno procedere, nel rispetto dei requisiti e degli adempimenti previsti dall&#8217;Accordo, con <strong>l&#8217;erogazione delle prestazioni vaccinali e dei servizi di telemedicina.<\/strong> Sul fronte della prevenzione, l&#8217;AIR contempla le<strong> vaccinazioni antinfluenzale, anti-Covid-19, anti-HPV, anti-Herpes Zoster e anti-Morbillo<\/strong>, da effettuarsi secondo la programmazione regionale e per le categorie di cittadini individuate dalle disposizioni nazionali e regionali. I servizi di <strong>telemedicina<\/strong> comprendono <strong>elettrocardiogramma, Holter pressorio, Holter cardiaco e spirometria.<\/strong><\/p>\n<p><img loading=\"lazy\" decoding=\"async\" class=\"aligncenter  wp-image-272377\" src=\"https:\/\/quicosenza.it\/news\/wp-content\/uploads\/2025\/10\/vaccini-over-60-farmacia-calabria.jpg\" alt=\"vaccini over 60 farmacia calabria\" width=\"499\" height=\"309\" title=\"\" srcset=\"https:\/\/quicosenza.it\/news\/wp-content\/uploads\/2025\/10\/vaccini-over-60-farmacia-calabria.jpg 970w, https:\/\/quicosenza.it\/news\/wp-content\/uploads\/2025\/10\/vaccini-over-60-farmacia-calabria-300x186.jpg 300w, https:\/\/quicosenza.it\/news\/wp-content\/uploads\/2025\/10\/vaccini-over-60-farmacia-calabria-768x475.jpg 768w, https:\/\/quicosenza.it\/news\/wp-content\/uploads\/2025\/10\/vaccini-over-60-farmacia-calabria-679x420.jpg 679w, https:\/\/quicosenza.it\/news\/wp-content\/uploads\/2025\/10\/vaccini-over-60-farmacia-calabria-150x93.jpg 150w, https:\/\/quicosenza.it\/news\/wp-content\/uploads\/2025\/10\/vaccini-over-60-farmacia-calabria-696x431.jpg 696w, https:\/\/quicosenza.it\/news\/wp-content\/uploads\/2025\/10\/vaccini-over-60-farmacia-calabria-356x220.jpg 356w\" sizes=\"auto, (max-width: 499px) 100vw, 499px\" \/><\/p>\n<p>Un risultato che rappresenta un ulteriore passo avanti nel <strong>processo di evoluzione della farmacia territoriale calabrese,<\/strong> sempre pi\u00f9 chiamata a svolgere un ruolo centrale nella prevenzione, nell&#8217;assistenza di prossimit\u00e0 e nel rafforzamento della rete sanitaria regionale.<\/p>\n<p>Per i cittadini, questo significa poter contare su una<strong> rete pi\u00f9 capillare di servizi di prevenzione e diagnosi di primo livello<\/strong>, presso le farmacie aderenti e autorizzate. Per le prestazioni di telemedicina previste dall&#8217;AIR, l&#8217;accesso avviene per gli assistiti in possesso dei requisiti con ricetta SSN rossa del Medico di Medicina Generale, recante il relativo codice di esenzione. Per le vaccinazioni, categorie eleggibili, tempistiche e modalit\u00e0 di accesso seguiranno le indicazioni delle singole campagne regionali; le somministrazioni saranno effettuate da farmacisti in possesso dei requisiti formativi e professionali previsti.<\/p>\n<h3>Defilippo: &#8220;Risultato significativo&#8221;<\/h3>\n<p>\u00abAccogliamo con grande soddisfazione questo ulteriore passaggio operativo \u2013 dichiara <strong>Vincenzo Defilippo<\/strong>, Presidente di <a href=\"https:\/\/www.federfarma.it\/Chi-siamo\/Unioni-regionali\/CALABRIA.aspx\" target=\"_blank\" rel=\"noopener\">Federfarma Calabria<\/a> \u2013 perch\u00e9 d\u00e0 concretezza a un percorso sul quale abbiamo lavorato con convinzione e determinazione. L&#8217;ampliamento delle prestazioni vaccinali in farmacia costituisce un<strong> risultato particolarmente significativo.<\/strong> Significa<strong> valorizzare ulteriormente il ruolo professionale del farmacista<\/strong> e mettere a disposizione della popolazione una rete capillare di presidi sanitari in grado di contribuire in maniera concreta alle politiche di prevenzione della Regione\u00bb.<\/p>\n<p>\u00abLa farmacia \u00e8 spesso il primo presidio sanitario al quale il cittadino si rivolge. &#8211; aggiunge &#8211; \u00c8 presente nei grandi centri, ma soprattutto nei piccoli comuni e nelle aree interne, dove la prossimit\u00e0 rappresenta un valore fondamentale. Mettere questa rete a disposizione del sistema sanitario significa <strong>rendere la prevenzione pi\u00f9 accessibile e avvicinare ulteriormente i servizi alle persone<\/strong>\u00bb.<\/p>\n<p>Secondo Defilippo, il nuovo Accordo rappresenta anche il<strong> riconoscimento del lavoro svolto dalle farmacie calabresi<\/strong> negli ultimi anni: \u00abLa Farmacia dei Servizi ha dimostrato sul campo di poter rappresentare uno strumento importante a sostegno della sanit\u00e0 territoriale. Oggi dobbiamo consolidare questo modello, trasformandolo sempre pi\u00f9 da esperienza sperimentale a componente stabile dell&#8217;organizzazione sanitaria regionale. L&#8217;obiettivo non \u00e8 sostituire gli altri professionisti o le strutture del Servizio sanitario, ma <strong>lavorare in maniera integrata con loro<\/strong>, costruendo una rete capace di rispondere in modo pi\u00f9 rapido ed efficace ai bisogni dei cittadini\u00bb.<\/p>\n<p><img loading=\"lazy\" decoding=\"async\" class=\"aligncenter wp-image-302559\" src=\"https:\/\/quicosenza.it\/news\/wp-content\/uploads\/2026\/09\/Defilippo-Misasi_Federfarma.jpg\" alt=\"\" width=\"499\" height=\"320\" title=\"\" srcset=\"https:\/\/quicosenza.it\/news\/wp-content\/uploads\/2026\/09\/Defilippo-Misasi_Federfarma.jpg 970w, https:\/\/quicosenza.it\/news\/wp-content\/uploads\/2026\/09\/Defilippo-Misasi_Federfarma-300x192.jpg 300w, https:\/\/quicosenza.it\/news\/wp-content\/uploads\/2026\/09\/Defilippo-Misasi_Federfarma-768x492.jpg 768w\" sizes=\"auto, (max-width: 499px) 100vw, 499px\" \/><\/p>\n<h3>Misasi: &#8220;Si lavora all&#8217;erogazione di altre attivit\u00e0&#8221;<\/h3>\n<p>Soddisfazione viene espressa anche dal Segretario di Federfarma Calabria, <strong>Alfonso Misasi<\/strong>: \u00abL&#8217;avvio delle nuove attivit\u00e0 rappresenta il risultato di un <strong>lavoro articolato che ha richiesto confronto, programmazione e collaborazione istituzionale. <\/strong>Per le farmacie si apre adesso una fase importante, che comporta anche una grande responsabilit\u00e0. Sar\u00e0 necessario continuare a investire nella formazione dei farmacisti, nell&#8217;organizzazione dei servizi e nel rispetto rigoroso di tutti i requisiti previsti dall&#8217;Accordo\u00bb.<\/p>\n<p>Federfarma Calabria accompagner\u00e0 le farmacie in questo percorso, fornendo il necessario supporto affinch\u00e9 le <strong>nuove attivit\u00e0 possano essere erogate in maniera uniforme, sicura e qualificata<\/strong> su tutto il territorio regionale\u00bb.<\/p>\n<h3>Farmacia come punto di riferimento per la prevenzione<\/h3>\n<p>Particolare attenzione viene riservata proprio al nuovo ruolo della farmacia nell&#8217;ambito della prevenzione vaccinale: \u00abLa possibilit\u00e0 di ampliare le prestazioni vaccinali affidate ai farmacisti \u2013 sottolineano Defilippo e Misasi \u2013 rappresenta una scelta di grande valore sanitario e sociale. La capillarit\u00e0 delle farmacie pu\u00f2 contribuire ad aumentare l&#8217;adesione alle campagne vaccinali, facilitando l&#8217;accesso soprattutto alle persone anziane, ai cittadini delle aree interne e a quanti incontrano maggiori difficolt\u00e0 negli spostamenti. \u00c8 la dimostrazione concreta di come la <strong>farmacia possa diventare sempre pi\u00f9 un punto di riferimento per la prevenzione e per la salute pubblica<\/strong>\u00bb.<\/p>\n<p><img loading=\"lazy\" decoding=\"async\" class=\"aligncenter  wp-image-212633\" src=\"https:\/\/quicosenza.it\/news\/wp-content\/uploads\/2023\/10\/vaccinazione-in-farmacia.jpg\" alt=\"vaccinazione in farmacia\" width=\"500\" height=\"309\" title=\"\" srcset=\"https:\/\/quicosenza.it\/news\/wp-content\/uploads\/2023\/10\/vaccinazione-in-farmacia.jpg 970w, https:\/\/quicosenza.it\/news\/wp-content\/uploads\/2023\/10\/vaccinazione-in-farmacia-300x186.jpg 300w, https:\/\/quicosenza.it\/news\/wp-content\/uploads\/2023\/10\/vaccinazione-in-farmacia-768x475.jpg 768w, https:\/\/quicosenza.it\/news\/wp-content\/uploads\/2023\/10\/vaccinazione-in-farmacia-150x93.jpg 150w, https:\/\/quicosenza.it\/news\/wp-content\/uploads\/2023\/10\/vaccinazione-in-farmacia-696x431.jpg 696w, https:\/\/quicosenza.it\/news\/wp-content\/uploads\/2023\/10\/vaccinazione-in-farmacia-679x420.jpg 679w, https:\/\/quicosenza.it\/news\/wp-content\/uploads\/2023\/10\/vaccinazione-in-farmacia-356x220.jpg 356w\" sizes=\"auto, (max-width: 500px) 100vw, 500px\" \/><\/p>\n<p>Il Presidente Vincenzo Defilippo e il Segretario Alfonso Misasi rivolgono, a nome di Federfarma Calabria, un particolare ringraziamento al Direttore Generale del Dipartimento regionale competente, dott. Ernesto Esposito, per il lavoro svolto e per il costante confronto istituzionale: \u00abDesideriamo esprimere al dott. Ernesto Esposito \u2013 affermano Defilippo e Misasi \u2013 un ringraziamento sincero per l&#8217;attenzione, la disponibilit\u00e0 e l&#8217;approccio concreto e costruttivo con il quale ha accompagnato questo percorso. Abbiamo trovato nel Dipartimento un <strong>interlocutore disponibile al confronto e orientato alla ricerca di soluzioni concrete.<\/strong> Quando istituzioni e rappresentanze delle professioni riescono a lavorare insieme mettendo al centro le esigenze dei cittadini, \u00e8 possibile raggiungere risultati importanti. Questo primo passaggio operativo dell&#8217;Accordo Integrativo Regionale rappresenta un risultato significativo e costituisce la base sulla quale continuare a costruire\u00bb.<\/p>\n<h3>Verso una farmacia moderna, professionale ed integrata<\/h3>\n<p>\u00abIl clima di collaborazione instaurato ci rende fiduciosi. L&#8217;obiettivo comune deve rimanere quello di dare piena attuazione alla Farmacia dei Servizi e costruire una rete territoriale sempre pi\u00f9 vicina ai bisogni dei cittadini. La direzione intrapresa \u2013 conclude il Presidente Defilippo \u2013 \u00e8 quella giusta: una <strong>farmacia moderna, professionale, integrata<\/strong> con il Servizio sanitario regionale e <strong>capace di offrire nuove risposte ai bisogni di salute della popolazione.<\/strong> Continueremo a lavorare con la Regione e con tutte le istituzioni coinvolte affinch\u00e9 questo percorso possa svilupparsi pienamente e tradursi in servizi concreti, accessibili e omogenei per tutti i cittadini calabresi\u00bb.<\/p>\n","protected":false},"excerpt":{"rendered":"<p>Per i cittadini una rete pi\u00f9 capillare di servizi di prevenzione e diagnosi di primo livello. Soddisfatta Federfarma: &#8220;Significa rendere la prevenzione pi\u00f9 accessibile e avvicinare ulteriormente i servizi alle persone&#8221;<\/p>\n","protected":false},"author":90,"featured_media":189474,"comment_status":"closed","ping_status":"closed","sticky":false,"template":"","format":"standard","meta":{"_acf_changed":false,"footnotes":"","jetpack_publicize_message":"","jetpack_publicize_feature_enabled":true,"jetpack_social_post_already_shared":true,"jetpack_social_options":{"image_generator_settings":{"template":"highway","default_image_id":0,"font":"","enabled":false},"version":2}},"categories":[17],"tags":[],"class_list":["post-302558","post","type-post","status-publish","format-standard","has-post-thumbnail","hentry","category-calabria"],"acf":[],"jetpack_publicize_connections":[],"_links":{"self":[{"href":"https:\/\/quicosenza.it\/news\/wp-json\/wp\/v2\/posts\/302558","targetHints":{"allow":["GET"]}}],"collection":[{"href":"https:\/\/quicosenza.it\/news\/wp-json\/wp\/v2\/posts"}],"about":[{"href":"https:\/\/quicosenza.it\/news\/wp-json\/wp\/v2\/types\/post"}],"author":[{"embeddable":true,"href":"https:\/\/quicosenza.it\/news\/wp-json\/wp\/v2\/users\/90"}],"replies":[{"embeddable":true,"href":"https:\/\/quicosenza.it\/news\/wp-json\/wp\/v2\/comments?post=302558"}],"version-history":[{"count":0,"href":"https:\/\/quicosenza.it\/news\/wp-json\/wp\/v2\/posts\/302558\/revisions"}],"wp:featuredmedia":[{"embeddable":true,"href":"https:\/\/quicosenza.it\/news\/wp-json\/wp\/v2\/media\/189474"}],"wp:attachment":[{"href":"https:\/\/quicosenza.it\/news\/wp-json\/wp\/v2\/media?parent=302558"}],"wp:term":[{"taxonomy":"category","embeddable":true,"href":"https:\/\/quicosenza.it\/news\/wp-json\/wp\/v2\/categories?post=302558"},{"taxonomy":"post_tag","embeddable":true,"href":"https:\/\/quicosenza.it\/news\/wp-json\/wp\/v2\/tags?post=302558"}],"curies":[{"name":"wp","href":"https:\/\/api.w.org\/{rel}","templated":true}]}}