{"id":302562,"date":"2026-09-05T18:13:18","date_gmt":"2026-09-05T16:13:18","guid":{"rendered":"https:\/\/quicosenza.it\/news\/?p=302562"},"modified":"2026-09-05T18:13:18","modified_gmt":"2026-09-05T16:13:18","slug":"cosenza-calcio-lucioni-salvezza-mercato-catania","status":"publish","type":"post","link":"https:\/\/quicosenza.it\/news\/cosenza-calcio-lucioni-salvezza-mercato-catania\/","title":{"rendered":"Cosenza Calcio, Lucioni: &#8220;anno zero e salvezza. Mercato? Coerente con gli obiettivi: lo scorso anno spese cifre folli&#8221;"},"content":{"rendered":"<p>COSENZA \u00a0&#8211; A margine del termine della sessione estiva di calciomercato e alla vigilia della <strong>delicata sfida esterna contro il Catania<\/strong>, con entrambe le squadre a zero punti, il Direttore Sportivo del Cosenza Calcio<strong>, Fabio Lucioni<\/strong>, si \u00e8 presentato in conferenza stampa per analizzare il momento dei rossoblu. Tra il bilancio sulle operazioni in entrata e in uscita, il reintegro di Palmieri, i retroscena sull&#8217;attacco e la difesa del progetto tecnico guidato da mister Coppitelli, il dirigente ha <strong>chiarito con fermezza la linea societaria<\/strong>.<\/p>\n<h3>Mercato e sostenibilit\u00e0. \u201cLo scorso anno spesa una cifra folle\u201d<\/h3>\n<p>L&#8217;incontro \u00e8 iniziato con una disamina approfondita sulla gestione <strong>economico-finanziaria e sulle strategie di mercato<\/strong> portate avanti della societ\u00e0 che \u00e8 riuscita a<a href=\"https:\/\/quicosenza.it\/news\/cosenza-calcio-il-mercato-ha-fatto-tabula-rasa\/\" target=\"_blank\" rel=\"noopener\"> vendere<\/a> praticamente tutti gli over dello scorso campionato: &#8220;<em>I motivi e gli obiettivi iniziali riguardo ai vecchi componenti del gruppo dello scorso anno sono stati pienamente soddisfatti. Oltre alle <strong>richieste di cambiare aria<\/strong> da parte di chi <strong>non aveva pi\u00f9 stimoli<\/strong>, c\u2019erano <strong>esigenze da parte della societ\u00e0 di salvaguardare l&#8217;aspetto economico e di stabilit\u00e0<\/strong>, che oggi in Serie C non \u00e8 mai semplice da mantenere<\/em>&#8220;.<\/p>\n<p>Lucioni ha poi sottolineato la discontinuit\u00e0 con la passata gestione, definendo l&#8217;attuale stagione come un punto di svolta per le casse e le ambizioni del club: &#8220;<strong><em>Lo scorso anno era stata spesa una cifra folle per cercare di puntare ad una categoria superiore<\/em><\/strong><em> e cos\u00ec non \u00e8 stato. Quest\u2019anno si \u00e8 cercato di ridimensionare per raggiungere quello che deve essere l\u2019obiettivo stagionale: una salvezza tranquilla<\/em>&#8220;.\u00a0Per rimpiazzare i partenti \u00e8 stata scelta una precisa linea verde: &#8220;<em><strong>Abbiamo inserito nuova linfa: ragazzi giovani<\/strong>, promettenti, scelti insieme alla societ\u00e0 e allo staff tecnico per farli crescere e patrimonializzare un club che deve reggersi nel tempo. Questo \u00e8 l&#8217;anno zero della ricostruzione<\/em>&#8220;.<\/p>\n<h3>La gestione dei singoli: il caso Palmieri<\/h3>\n<p>Ampio spazio \u00e8 stato dedicato alla gestione della rosa, a partire dal <strong>reintegro di Palmieri:<\/strong> &#8220;<em>Ho parlato ieri con il ragazzo, \u00e8 stato reintegrato e sar\u00e0 nuova linfa per l&#8217;allenatore. Gi\u00e0 dalla partita di Catania sar\u00e0 il mister a decidere se e come utilizzarlo<\/em>&#8220;.<\/p>\n<p>Il direttore si \u00e8 poi soffermato sul <strong>reparto offensivo, ammettendo che numericamente la squadra necessita ancora di un innesto<\/strong> dopo la cessione di Zilli negli ultimi minuti di mercato: &#8220;<em>In quel ruolo siamo paradossalmente contati, abbiamo solo Petrovic e Achour. Un&#8217;altra punta sarebbe servita, ma Zilli \u00e8 uscito nell&#8217;ultima ora di mercato e le trattative non sono sempre lineari. <strong>C&#8217;erano accordi gi\u00e0 chiusi dalle 9 del mattino con il Novara e con Lanini<\/strong> p<strong>er farlo approdare a Cosenza<\/strong>, ma l&#8217;inserimento e i rallentamenti dovuti a terze persone hanno frenato la chiusura<\/em>&#8220;.<\/p>\n<p><img loading=\"lazy\" decoding=\"async\" class=\"wp-image-300636 aligncenter\" src=\"https:\/\/quicosenza.it\/news\/wp-content\/uploads\/2026\/08\/Christian-Langella.jpg\" alt=\"Christian Langella Cosenza Calcio\" width=\"636\" height=\"416\" title=\"\" srcset=\"https:\/\/quicosenza.it\/news\/wp-content\/uploads\/2026\/08\/Christian-Langella.jpg 970w, https:\/\/quicosenza.it\/news\/wp-content\/uploads\/2026\/08\/Christian-Langella-300x196.jpg 300w, https:\/\/quicosenza.it\/news\/wp-content\/uploads\/2026\/08\/Christian-Langella-768x502.jpg 768w\" sizes=\"auto, (max-width: 636px) 100vw, 636px\" \/><\/p>\n<h3>\u201cL\u2019unico che non avrei ceduto era Langela\u201d<\/h3>\n<p>Lucioni ha confermato di essere al lavoro per attingere dalla lista degli svincolati: &#8220;<em>Sto valutando insieme alla societ\u00e0 e allo staff tecnico la possibilit\u00e0 di <strong>far aggregare un altro attaccante in questi giorni.<\/strong> I nomi ci sono e mi auguro si possa chiudere brevemente<\/em>&#8220;. Sulle cessioni illustri, il DS ha chiarito di aver salutato solo chi non mostrava la giusta motivazione, tranne un piccolo rammarico:\u00a0<em>&#8220;<strong>l&#8217;unico a cui avrei rinunciato a cedere sarebbe stato Langella<\/strong>, con cui ho parlato con grande franchezza. Alla fine il ragazzo ha fatto una scelta legata all&#8217;aspetto economico davanti alla quale bisogna prendere atto delle dinamiche di mercato<\/em>&#8220;.<\/p>\n<h3><strong>Cosenza Calcio e la sfida di Catania: &#8220;da Davide contro Golia&#8221;<\/strong><\/h3>\n<p>Luned\u00ec il Cosenza sar\u00e0 di scena al &#8220;Massimino&#8221; contro un <a href=\"https:\/\/www.cataniafc.it\/it\/\" target=\"_blank\" rel=\"noopener\">Catania<\/a> ferito e ancora a quota zero punti, ma accreditato tra le superpotenze del girone: &#8220;<em>Il Catania ha speso tantissimo, ha la forza per prendere calciatori da categorie superiori ed \u00e8 destinato a fare un campionato per le prime posizioni. Noi dobbiamo andare con la voglia di misurarci con chi ha giocato in Serie A o vinto la B<\/em>&#8220;.<\/p>\n<p>A proposito dei top player degli etnei, Lucioni ha rivelato un aneddoto di mercato legato all&#8217;attaccante <strong>Massimo Coda<\/strong>: &#8220;<em>Coda \u00e8 un mio carissimo amico, <strong>l&#8217;ho chiamato personalmente per cercare di portarlo a Cosenza<\/strong>, ma naturalmente <strong>non poteva accettare questa destinazione per un discorso meramente economico<\/strong>. <\/em>&#8220;<em>A Catania dobbiamo andare con tutte le accortezze del caso per portare a casa punti ma soprattutto una prestazione che dia morale al gruppo. Se mettiamo dentro prestazioni e morale, questi ragazzi cresceranno molto pi\u00f9 velocemente<\/em>&#8220;.<\/p>\n<h3>Difesa a spada tratta di Coppitelli e fiducia al gruppo<\/h3>\n<p>Nonostante l&#8217;avvio complicato tra coppa e campionato, il DS ha blindato la posizione dell&#8217;allenatore Federico Coppitelli, spegnendo sul nascere ogni voce di crisi:\u00a0&#8220;<em>Il <strong>mio allenatore \u00e8 perfettamente in linea con la richiesta societaria di salvarsi<\/strong>. Parlare di discussione o di esonero \u00e8 una cosa totalmente folle. Ha ricevuto la rosa al completo soltanto quattro giorni fa. \u00c8 stato scelto per la sua capacit\u00e0 di lavorare con i giovani e di tirare fuori il meglio da ognuno di loro<\/em>&#8220;.<\/p>\n<p><img loading=\"lazy\" decoding=\"async\" class=\"wp-image-297986 aligncenter\" src=\"https:\/\/quicosenza.it\/news\/wp-content\/uploads\/2026\/07\/Federico-Coppitelli-allenatore-Cosenza-Calcio.jpg\" alt=\"Federico Coppitelli allenatore Cosenza Calcio\" width=\"617\" height=\"437\" title=\"\" srcset=\"https:\/\/quicosenza.it\/news\/wp-content\/uploads\/2026\/07\/Federico-Coppitelli-allenatore-Cosenza-Calcio.jpg 970w, https:\/\/quicosenza.it\/news\/wp-content\/uploads\/2026\/07\/Federico-Coppitelli-allenatore-Cosenza-Calcio-300x212.jpg 300w, https:\/\/quicosenza.it\/news\/wp-content\/uploads\/2026\/07\/Federico-Coppitelli-allenatore-Cosenza-Calcio-768x544.jpg 768w\" sizes=\"auto, (max-width: 617px) 100vw, 617px\" \/><\/p>\n<p>Per quanto riguarda i nuovi arrivati (come Rizzo e <a href=\"https:\/\/quicosenza.it\/news\/cosenza-calcio-centrocamp-olandese-orhan-dzepar\/\" target=\"_blank\" rel=\"noopener\">Dzepar<\/a>) e la crescita dei singoli, Lucioni ha richiamato l&#8217;ambiente alla compattezza: &#8220;<strong><em>questi ragazzi vanno aspettati, aiutati e tutelati a 360 gradi<\/em><\/strong><em>. Hanno bisogno di tempo per calarsi in una categoria difficile. <strong>I &#8216;grandi&#8217; dello spogliatoio devono prenderseli sulle spalle<\/strong>. Vedo come si allenano dal luned\u00ec al sabato: non sbagliano mai l&#8217;atteggiamento e sudano la maglia. Se per aiutarli serve dargli una pacca sulla spalla quando sbagliano, io gliene do due, perch\u00e9 li ho scelti e li difender\u00f2 fino alla fine<\/em>&#8220;.<\/p>\n","protected":false},"excerpt":{"rendered":"<p>Il DS del Cosenza Calcio Lucioni fa il punto sul mercato e traccia la rotta: &#8220;Anno zero per ricostruire e ripartire. Lo scorso anno era stata spesa una cifra folle per salire e quest\u2019anno si \u00e8 cercato di ridimensionare per raggiungere una salvezza tranquilla&#8221;<\/p>\n","protected":false},"author":23,"featured_media":302563,"comment_status":"closed","ping_status":"closed","sticky":false,"template":"","format":"standard","meta":{"_acf_changed":false,"footnotes":"","jetpack_publicize_message":"","jetpack_publicize_feature_enabled":true,"jetpack_social_post_already_shared":true,"jetpack_social_options":{"image_generator_settings":{"template":"highway","default_image_id":0,"font":"","enabled":false},"version":2}},"categories":[20],"tags":[],"class_list":["post-302562","post","type-post","status-publish","format-standard","has-post-thumbnail","hentry","category-sport"],"acf":[],"jetpack_publicize_connections":[],"_links":{"self":[{"href":"https:\/\/quicosenza.it\/news\/wp-json\/wp\/v2\/posts\/302562","targetHints":{"allow":["GET"]}}],"collection":[{"href":"https:\/\/quicosenza.it\/news\/wp-json\/wp\/v2\/posts"}],"about":[{"href":"https:\/\/quicosenza.it\/news\/wp-json\/wp\/v2\/types\/post"}],"author":[{"embeddable":true,"href":"https:\/\/quicosenza.it\/news\/wp-json\/wp\/v2\/users\/23"}],"replies":[{"embeddable":true,"href":"https:\/\/quicosenza.it\/news\/wp-json\/wp\/v2\/comments?post=302562"}],"version-history":[{"count":0,"href":"https:\/\/quicosenza.it\/news\/wp-json\/wp\/v2\/posts\/302562\/revisions"}],"wp:featuredmedia":[{"embeddable":true,"href":"https:\/\/quicosenza.it\/news\/wp-json\/wp\/v2\/media\/302563"}],"wp:attachment":[{"href":"https:\/\/quicosenza.it\/news\/wp-json\/wp\/v2\/media?parent=302562"}],"wp:term":[{"taxonomy":"category","embeddable":true,"href":"https:\/\/quicosenza.it\/news\/wp-json\/wp\/v2\/categories?post=302562"},{"taxonomy":"post_tag","embeddable":true,"href":"https:\/\/quicosenza.it\/news\/wp-json\/wp\/v2\/tags?post=302562"}],"curies":[{"name":"wp","href":"https:\/\/api.w.org\/{rel}","templated":true}]}}