{"id":302576,"date":"2026-09-06T10:00:34","date_gmt":"2026-09-06T08:00:34","guid":{"rendered":"https:\/\/quicosenza.it\/news\/?p=302576"},"modified":"2026-09-06T10:33:37","modified_gmt":"2026-09-06T08:33:37","slug":"sila-felix-presentata-nuova-piattaforma-turismo","status":"publish","type":"post","link":"https:\/\/quicosenza.it\/news\/sila-felix-presentata-nuova-piattaforma-turismo\/","title":{"rendered":"Sila Felix: presentata la nuova piattaforma permanente di turismo enogastronomico, sostenibile e naturalistico"},"content":{"rendered":"<p>CAMIGLIATELLO SILANO (CS) &#8211;\u00a0 <strong>Sila Felix<\/strong> nasce come <strong>infrastruttura stabile<\/strong> di promozione e destagionalizzazione turistica in Sila, trasformando le eccellenze enogastronomiche di montagna in una leva strategica per il turismo internazionale e integrando tutta una serie di attivit\u00e0 ed eventi a contatto la\u00a0 natura per vivere con le bellezze straordinarie dell\u2019Altopiano Silano a 360 gradi. Questi gli obiettivi del\u00a0<strong>festival esperienziale<\/strong> in corso di svolgimento a Camigliatello Silano, che ha preso il via ieri con i primi attesi eventi in programma.<\/p>\n<p>Promossa da <strong>Alarico Eventi SRL<\/strong> con il coordinamento dell&#8217;event manager <strong>Alessandro Fedele<\/strong>, la<a href=\"https:\/\/quicosenza.it\/news\/camigliatello-sila-felix-2026-trenino-tagliere\/\" target=\"_blank\" rel=\"noopener\"> manifestazione<\/a> si presenta come molto pi\u00f9 di una semplice manifestazione: si tratta di un\u2019infrastruttura territoriale permanente sostenuta da una solida rete di ben 17 partner strategici. Tra questi figurano il Parco Nazionale della Sila, il GAL Sila, la Pro Loco di Camigliatello, il Comune di Spezzano della Sila, Slow Food Calabria, i Consorzi di tutela DOP e IGP, Ferrovie della Calabria ed enti del terzo settore.<\/p>\n<p><img loading=\"lazy\" decoding=\"async\" class=\"wp-image-302578 aligncenter\" src=\"https:\/\/quicosenza.it\/news\/wp-content\/uploads\/2026\/09\/Sila-FeliX-Camigliatello-Silano2.jpg\" alt=\"Sila FeliX Camigliatello Silano2\" width=\"592\" height=\"366\" title=\"\" srcset=\"https:\/\/quicosenza.it\/news\/wp-content\/uploads\/2026\/09\/Sila-FeliX-Camigliatello-Silano2.jpg 970w, https:\/\/quicosenza.it\/news\/wp-content\/uploads\/2026\/09\/Sila-FeliX-Camigliatello-Silano2-300x186.jpg 300w, https:\/\/quicosenza.it\/news\/wp-content\/uploads\/2026\/09\/Sila-FeliX-Camigliatello-Silano2-768x475.jpg 768w\" sizes=\"auto, (max-width: 592px) 100vw, 592px\" \/><\/p>\n<h3>Sila Felix: oltre la classica sagra. Valorizzazione 365 giorni l&#8217;anno<\/h3>\n<p>Come evidenziato dal <em>Rapporto sul Turismo Enogastronomico Italiano<\/em>, circa 7 turisti su 10 scelgono la propria destinazione in base alle tipicit\u00e0 enogastronomiche territoriali. In questo contesto, la Sila si attesta come un giacimento straordinario di eccellenze: dalla <strong>Patata della Sila IGP<\/strong> al <strong>Caciocavallo Silano DOP<\/strong>, passando per i funghi porcini e i grani antichi.<\/p>\n<p>Sila Felix nasce per superare il classico modello di sagra paesana, proponendo un format turistico contemporaneo e strutturato in grado di attrarre tra i 3.500 e i 5.000 visitatori ed estendere i flussi oltre la sola stagione sciistica invernale. L\u2019obiettivo a lungo termine dei promotori \u00e8 consolidare una rete di esperienze continuative: dai percorsi cicloturistici e trekking guidati, ai laboratori con i produttori locali, fino a sinergie permanenti tra le guide del Parco e gli operatori ricettivi del comprensorio.<\/p>\n<h2>Coesione per lo sviluppo locale<\/h2>\n<p>Durante la conferenza stampa di presentazione tenutasi all\u2019Hotel Camigliatello, moderata dalla giornalista e conduttrice<strong> Giada Carino<\/strong>, i rappresentanti istituzionali e gli organizzatori hanno espresso grande visione strategica: <strong>Salvatore Monaco (Sindaco di Spezzano della Sila):<\/strong> <em>\u00abSila Felix non vuole essere un appuntamento isolato, ma una piattaforma permanente destinata a replicarsi negli anni, creando nuove opportunit\u00e0 e portando benefici concreti al territorio, alle attivit\u00e0 e all\u2019economia locale\u00bb<\/em>. <strong>Liborio Bloise (Commissario del Parco Nazionale della Sila):<\/strong> Ha sottolineato che <em>\u00absi pu\u00f2 e si deve fare sempre di pi\u00f9\u00bb<\/em>, manifestando piena apertura e disponibilit\u00e0 verso i giovani che investono nel territorio con passione e idee innovative.<\/p>\n<p><strong>Eugenio Celestino (Responsabile Pro Loco Camigliatello Silano):<\/strong> Ha evidenziato le ricadute concrete dell&#8217;evento, definendolo <em>\u00abun\u2019importante occasione per incrementare il lavoro delle attivit\u00e0 locali, coinvolgendo ristoratori, operatori, produttori e realt\u00e0 del territorio\u00bb<\/em>. <strong>Alessandro Fedele (Event Manager Alarico Eventi Srl):<\/strong> Ha ribadito la necessit\u00e0 di <em>\u00abcostruire un format capace di crescere nel tempo, mettendo in rete le diverse anime della Sila e trasformando la ricchezza enogastronomica, naturalistica e culturale del territorio in una vera esperienza turistica\u00bb<\/em>.<\/p>\n<p><img loading=\"lazy\" decoding=\"async\" class=\"wp-image-302579 aligncenter\" src=\"https:\/\/quicosenza.it\/news\/wp-content\/uploads\/2026\/09\/Sila-Felix-conferenza.jpg\" alt=\"Sila Felix conferenza\" width=\"584\" height=\"382\" title=\"\" srcset=\"https:\/\/quicosenza.it\/news\/wp-content\/uploads\/2026\/09\/Sila-Felix-conferenza.jpg 918w, https:\/\/quicosenza.it\/news\/wp-content\/uploads\/2026\/09\/Sila-Felix-conferenza-300x196.jpg 300w, https:\/\/quicosenza.it\/news\/wp-content\/uploads\/2026\/09\/Sila-Felix-conferenza-768x502.jpg 768w\" sizes=\"auto, (max-width: 584px) 100vw, 584px\" \/><\/p>\n<h3>Un programma ricco tra tradizione ed esperienze outdoor<\/h3>\n<p>La prima edizione del festival prevede un fitto calendario di attivit\u00e0 a ingresso libero. Dopo la giornata di apertura \u2013 caratterizzata da yoga al mattino sul Lago Cecita, laboratori sulle farine tradizionali, tour in e-bike e il convegno istituzionale &#8211; la manifestazione entra nel vivo con eventi imperdibili con il\u00a0<strong>il Treno della Sila:<\/strong> un suggestivo viaggio sulla storica ferrovia a vapore arricchito da degustazioni guidate a bordo, <strong>Il Tagliere pi\u00f9 lungo d&#8217;Italia,<\/strong> l&#8217;evento clou lungo la centrale Via Roma di Camigliatello; una grande tavolata conviviale allestita da ristoratori e produttori locali, accompagnata da musica dal vivo,\u00a0<strong>trekking e natura<\/strong> con escursioni e passeggiate guidate nel cuore dei boschi silani.<\/p>\n<p><img loading=\"lazy\" decoding=\"async\" class=\"wp-image-302176 aligncenter\" src=\"https:\/\/quicosenza.it\/news\/wp-content\/uploads\/2026\/09\/Sila-Felix-2026.jpg\" alt=\"Sila Felix 2026\" width=\"590\" height=\"365\" title=\"\" srcset=\"https:\/\/quicosenza.it\/news\/wp-content\/uploads\/2026\/09\/Sila-Felix-2026.jpg 970w, https:\/\/quicosenza.it\/news\/wp-content\/uploads\/2026\/09\/Sila-Felix-2026-300x186.jpg 300w, https:\/\/quicosenza.it\/news\/wp-content\/uploads\/2026\/09\/Sila-Felix-2026-768x475.jpg 768w\" sizes=\"auto, (max-width: 590px) 100vw, 590px\" \/><\/p>\n<h3>Digitale, Protocollo Green ed Inclusione Sociale<\/h3>\n<p><a href=\"https:\/\/www.silafelix.it\" target=\"_blank\" rel=\"noopener\">Sila Felix<\/a> si distingue per un approccio fortemente proiettato al futuro, coniugando tecnologia e responsabilit\u00e0 sociale.<\/p>\n<p><strong>Innovazione e AR:<\/strong> attraverso un\u2019app mobile dedicata con realt\u00e0 aumentata, i visitatori possono inquadrare i prodotti lungo il &#8220;Tagliere&#8221; per scoprirne storia, produttori e certificazioni. L&#8217;evento gode inoltre di copertura in live streaming e riprese con droni professionali.<\/p>\n<p><strong>Protocollo Green &amp; Zero Sprechi:<\/strong> la manifestazione \u00e8 completamente <em>plastic-free<\/em>, impiega stoviglie compostabili e valorizza la filiera corta a km 0. Inoltre, grazie alla collaborazione con la <em>Fondazione Casa S. Francesco d&#8217;Assisi Onlus<\/em>, viene garantito il recupero totale delle eccedenze alimentari.<\/p>\n<p><strong>Inclusione e Accessibilit\u00e0:<\/strong> per garantire la massima fruibilit\u00e0, sono previsti servizi di interpretariato LIS (Lingua dei Segni Italiana) a cura di ENS Calabria e percorsi idonei per persone con ridotta mobilit\u00e0. Con Sila Felix, la montagna calabrese dimostra come la <strong>sinergia tra identit\u00e0 locale, sostenibilit\u00e0 e innovazione<\/strong> possa trasformare la ricchezza di un territorio in un motore di sviluppo turistico sostenibile e destagionalizzato.<\/p>\n<p>&nbsp;<\/p>\n","protected":false},"excerpt":{"rendered":"<p>Con i primi attesi eventi di ieri, ha preso il via \u201cSila Felix\u201d l\u2019innovativa manifestazione esperienziale che punta a destagionalizzare l\u2019offerta dell\u2019Altopiano Silano: il progetto unisce innovazione digitale, Protocollo Green e inclusione sociale. Oggi l&#8217;atteso evento del \u201cTagliere pi\u00f9 lungo d\u2019Italia\u201d<\/p>\n","protected":false},"author":55,"featured_media":302577,"comment_status":"closed","ping_status":"closed","sticky":false,"template":"","format":"standard","meta":{"_acf_changed":false,"footnotes":"","jetpack_publicize_message":"","jetpack_publicize_feature_enabled":true,"jetpack_social_post_already_shared":true,"jetpack_social_options":{"image_generator_settings":{"template":"highway","default_image_id":0,"font":"","enabled":false},"version":2}},"categories":[28],"tags":[],"class_list":["post-302576","post","type-post","status-publish","format-standard","has-post-thumbnail","hentry","category-provincia"],"acf":[],"jetpack_publicize_connections":[],"_links":{"self":[{"href":"https:\/\/quicosenza.it\/news\/wp-json\/wp\/v2\/posts\/302576","targetHints":{"allow":["GET"]}}],"collection":[{"href":"https:\/\/quicosenza.it\/news\/wp-json\/wp\/v2\/posts"}],"about":[{"href":"https:\/\/quicosenza.it\/news\/wp-json\/wp\/v2\/types\/post"}],"author":[{"embeddable":true,"href":"https:\/\/quicosenza.it\/news\/wp-json\/wp\/v2\/users\/55"}],"replies":[{"embeddable":true,"href":"https:\/\/quicosenza.it\/news\/wp-json\/wp\/v2\/comments?post=302576"}],"version-history":[{"count":0,"href":"https:\/\/quicosenza.it\/news\/wp-json\/wp\/v2\/posts\/302576\/revisions"}],"wp:featuredmedia":[{"embeddable":true,"href":"https:\/\/quicosenza.it\/news\/wp-json\/wp\/v2\/media\/302577"}],"wp:attachment":[{"href":"https:\/\/quicosenza.it\/news\/wp-json\/wp\/v2\/media?parent=302576"}],"wp:term":[{"taxonomy":"category","embeddable":true,"href":"https:\/\/quicosenza.it\/news\/wp-json\/wp\/v2\/categories?post=302576"},{"taxonomy":"post_tag","embeddable":true,"href":"https:\/\/quicosenza.it\/news\/wp-json\/wp\/v2\/tags?post=302576"}],"curies":[{"name":"wp","href":"https:\/\/api.w.org\/{rel}","templated":true}]}}