{"id":302586,"date":"2026-09-06T11:35:40","date_gmt":"2026-09-06T09:35:40","guid":{"rendered":"https:\/\/quicosenza.it\/news\/?p=302586"},"modified":"2026-09-06T11:39:19","modified_gmt":"2026-09-06T09:39:19","slug":"san-lorenzo-del-vallo-scontro-moto-centauro","status":"publish","type":"post","link":"https:\/\/quicosenza.it\/news\/san-lorenzo-del-vallo-scontro-moto-centauro\/","title":{"rendered":"San Lorenzo del Vallo, violento impatto tra due moto: centauro in gravi condizioni all\u2019Annunziata"},"content":{"rendered":"<p>SAN LORENZO DEL VALLO (CS) \u2013 Un violento <a href=\"https:\/\/quicosenza.it\/news\/incidente-mortale-auto-fuori-strada-2-vittime\/\">incidente<\/a> stradale avvenuto nelle scorse ore nel Cosentino, nel territorio di San Lorenzo del Vallo, in localit\u00e0 Fedula, seguito del quale un <strong>centauro \u00e8 rimasto ferito in modo grave<\/strong>. A scontrarsi due motoveicoli.<\/p>\n<h3>L&#8217;impatto tra due moto a San Lorenzo del Vallo, centauro in gravi condizioni<\/h3>\n<p>Secondo una prima ricostruzione ancora al vaglio degli inquirenti, i due motociclisti sarebbero stati sbalzati sull\u2019asfalto a seguito della collisione. Sul posto \u00e8 intervenuto il personale del 118 con un\u2019ambulanza. <strong>Pi\u00f9 gravi le condizioni di un centauro<\/strong> che, dopo essere stato stabilizzato, \u00e8 stato trasferito d\u2019urgenza <strong>all\u2019ospedale Annunziata di Cosenza<\/strong>, dove \u00e8 stato ricoverato nel reparto di Terapia Intensiva: le sue condizioni destano forte preoccupazione.<\/p>\n<p>L\u2019altro conducente coinvolto nel sinistro \u00e8 invece rimasto sostanzialmente illeso ed avrebbe riportato solo qualche graffio e contusioni di lieve entit\u00e0. Sulla dinamica dell\u2019incidente sono in corso gli accertamenti dei Carabinieri della Compagnia di San Marco Argentano.<\/p>\n","protected":false},"excerpt":{"rendered":"<p>Il violento impatto si \u00e8 verificato in localit\u00e0 Fedula: uno dei motociclisti \u00e8 stato trasferito d\u2019urgenza a Cosenza e ricoverato in Terapia Intensiva. Illeso l\u2019altro centauro<\/p>\n","protected":false},"author":42,"featured_media":194089,"comment_status":"closed","ping_status":"closed","sticky":false,"template":"","format":"standard","meta":{"_acf_changed":false,"footnotes":"","jetpack_publicize_message":"","jetpack_publicize_feature_enabled":true,"jetpack_social_post_already_shared":true,"jetpack_social_options":{"image_generator_settings":{"template":"highway","default_image_id":0,"font":"","enabled":false},"version":2}},"categories":[28],"tags":[],"class_list":["post-302586","post","type-post","status-publish","format-standard","has-post-thumbnail","hentry","category-provincia"],"acf":[],"jetpack_publicize_connections":[],"_links":{"self":[{"href":"https:\/\/quicosenza.it\/news\/wp-json\/wp\/v2\/posts\/302586","targetHints":{"allow":["GET"]}}],"collection":[{"href":"https:\/\/quicosenza.it\/news\/wp-json\/wp\/v2\/posts"}],"about":[{"href":"https:\/\/quicosenza.it\/news\/wp-json\/wp\/v2\/types\/post"}],"author":[{"embeddable":true,"href":"https:\/\/quicosenza.it\/news\/wp-json\/wp\/v2\/users\/42"}],"replies":[{"embeddable":true,"href":"https:\/\/quicosenza.it\/news\/wp-json\/wp\/v2\/comments?post=302586"}],"version-history":[{"count":0,"href":"https:\/\/quicosenza.it\/news\/wp-json\/wp\/v2\/posts\/302586\/revisions"}],"wp:featuredmedia":[{"embeddable":true,"href":"https:\/\/quicosenza.it\/news\/wp-json\/wp\/v2\/media\/194089"}],"wp:attachment":[{"href":"https:\/\/quicosenza.it\/news\/wp-json\/wp\/v2\/media?parent=302586"}],"wp:term":[{"taxonomy":"category","embeddable":true,"href":"https:\/\/quicosenza.it\/news\/wp-json\/wp\/v2\/categories?post=302586"},{"taxonomy":"post_tag","embeddable":true,"href":"https:\/\/quicosenza.it\/news\/wp-json\/wp\/v2\/tags?post=302586"}],"curies":[{"name":"wp","href":"https:\/\/api.w.org\/{rel}","templated":true}]}}