{"id":302588,"date":"2026-09-06T12:23:41","date_gmt":"2026-09-06T10:23:41","guid":{"rendered":"https:\/\/quicosenza.it\/news\/?p=302588"},"modified":"2026-09-06T12:23:41","modified_gmt":"2026-09-06T10:23:41","slug":"roger-waters-compie-83-anni-auguri-cariati","status":"publish","type":"post","link":"https:\/\/quicosenza.it\/news\/roger-waters-compie-83-anni-auguri-cariati\/","title":{"rendered":"Roger Waters compie 83 anni, gli auguri da Cariati: \u00abhai dato voce alla nostra lotta per l&#8217;ospedale\u00bb"},"content":{"rendered":"<p>CARIATI (CS) \u2013 Un <strong>compleanno<\/strong> celebrato nel segno di un <strong>legame nato dalla lotta per la sanit\u00e0 pubblica quello con <a href=\"https:\/\/quicosenza.it\/news\/la-battaglia-di-roger-waters-per-lospedale-di-cariati\/\">Roger Waters<\/a><\/strong>. Nel giorno del suo 83esimo compleanno, il musicista dei Pink Floyd riceve anche da Cariati un messaggio di affetto e riconoscenza. La lettera arriva dai protagonisti della mobilitazione per la riapertura <strong>dell\u2019ospedale <a href=\"https:\/\/quicosenza.it\/news\/cariati-ospedale-subito-la-battaglia-di-roger-waters-per-il-territorio-cosentino\/\">Vittorio Cosentino<\/a><\/strong>. La lettera, condivisa sui social, ripercorre gli anni di una battaglia che ha visto il musicista britannico prendere pubblicamente posizione a sostegno della comunit\u00e0 calabrese.<\/p>\n<p><img loading=\"lazy\" decoding=\"async\" class=\"aligncenter  wp-image-302591\" src=\"https:\/\/quicosenza.it\/news\/wp-content\/uploads\/2026\/09\/Roger-Waters-ospedale-Cariati-03.jpg\" alt=\"Roger Waters ospedale Cariati 03\" width=\"495\" height=\"306\" title=\"\" srcset=\"https:\/\/quicosenza.it\/news\/wp-content\/uploads\/2026\/09\/Roger-Waters-ospedale-Cariati-03.jpg 970w, https:\/\/quicosenza.it\/news\/wp-content\/uploads\/2026\/09\/Roger-Waters-ospedale-Cariati-03-300x186.jpg 300w, https:\/\/quicosenza.it\/news\/wp-content\/uploads\/2026\/09\/Roger-Waters-ospedale-Cariati-03-768x475.jpg 768w\" sizes=\"auto, (max-width: 495px) 100vw, 495px\" \/><\/p>\n<h3>Auguri Roger Waters, un legame nato dalla protesta<\/h3>\n<p>&#8220;<em>Caro Roger, come stai?<\/em><br \/>\n<em>Ti scriviamo da questo piccolo angolo di Calabria dove, da pi\u00f9 di quindici anni, continuiamo a tenere accesa una luce. <\/em><em>Siamo ormai il movimento pi\u00f9 longevo del territorio. <\/em><em>Il tempo passa anche da qui, eppure siamo ancora presenti e attivi. <\/em><em>Nel 2021, quando sei venuto a sapere dell&#8217;occupazione dell&#8217;ospedale di Cariati, hai registrato un video che rester\u00e0 per sempre nella nostra memoria e nella storia di questi luoghi e non solo: <\/em><strong><em>&#8220;Aprite l&#8217;ospedale di Cariati subito!&#8221;.<\/em><\/strong><\/p>\n<p><em>In italiano, con la tua voce, con la tua faccia. Hai portato la nostra storia nel mondo.<\/em><br \/>\n<em>Poi sono arrivate le videochiamate, gli incoraggiamenti, la forza che ci hai dato.<\/em><br \/>\n<em>E il 21 aprile 2023, all&#8217;Unipol Arena di Bologna, il tuo grido davanti a decine di migliaia di persone: <strong>&#8220;Fuck nuclear weapons, we need money for hospitals in Calabria!&#8221;. <\/strong><\/em><em>Dopo il concerto, il nostro abbraccio&#8221;<\/em>.<\/p>\n<p><img loading=\"lazy\" decoding=\"async\" class=\"aligncenter  wp-image-302590\" src=\"https:\/\/quicosenza.it\/news\/wp-content\/uploads\/2026\/09\/Roger-Waters-ospedale-Cariati-02.jpg\" alt=\"Roger Waters ospedale Cariati 02\" width=\"550\" height=\"340\" title=\"\" srcset=\"https:\/\/quicosenza.it\/news\/wp-content\/uploads\/2026\/09\/Roger-Waters-ospedale-Cariati-02.jpg 970w, https:\/\/quicosenza.it\/news\/wp-content\/uploads\/2026\/09\/Roger-Waters-ospedale-Cariati-02-300x186.jpg 300w, https:\/\/quicosenza.it\/news\/wp-content\/uploads\/2026\/09\/Roger-Waters-ospedale-Cariati-02-768x475.jpg 768w\" sizes=\"auto, (max-width: 550px) 100vw, 550px\" \/><\/p>\n<h3>Dall\u2019ospedale alla ribalta internazionale<\/h3>\n<div class=\"v1gmail-x14z9mp v1gmail-xat24cr v1gmail-x1lziwak v1gmail-x1vvkbs v1gmail-xtlvy1s v1gmail-x126k92a\">\n<div dir=\"auto\"><em>&#8220;Hai detto che un giorno vorresti prendere l&#8217;automobile, venire a Cariati e stappare una bottiglia di vino con noi. E grazie al film C&#8217;era una volta in Italia \u2013 Giacarta sta arrivando, alle capacit\u00e0 e all&#8217;amore per la vita di Federico, Mirko e Alessandro, questa vicenda \u00e8 arrivata ovunque. <\/em><em>Ti ringraziamo per il tuo impegno instancabile contro la guerra, per la tua voce che continua a denunciare ingiustizie, per i tuoi lavori recenti che ricordano al mondo che la pace \u00e8 un dovere&#8221;.<\/em><\/div>\n<\/div>\n<div class=\"v1gmail-x14z9mp v1gmail-xat24cr v1gmail-x1lziwak v1gmail-x1vvkbs v1gmail-xtlvy1s v1gmail-x126k92a\">\n<div dir=\"auto\"><\/div>\n<div dir=\"auto\"><em>&#8220;In questi anni abbiamo conosciuto persone che ci hanno sostenuto in Calabria, in Italia e nel mondo. E persone che hanno provato a sfruttare il momento. Fa parte della lotta. Ovunque andiamo, diventiamo rossi: Cariati \u00e8 come un simbolo pi\u00f9 grande di noi, al di l\u00e0 delle nostre poche capacit\u00e0&#8221;.<\/em><\/div>\n<div dir=\"auto\"><img loading=\"lazy\" decoding=\"async\" class=\"aligncenter  wp-image-302592\" src=\"https:\/\/quicosenza.it\/news\/wp-content\/uploads\/2026\/09\/Roger-Waters-ospedale-Cariati-04.jpg\" alt=\"Roger Waters ospedale Cariati 04\" width=\"436\" height=\"327\" title=\"\" srcset=\"https:\/\/quicosenza.it\/news\/wp-content\/uploads\/2026\/09\/Roger-Waters-ospedale-Cariati-04.jpg 720w, https:\/\/quicosenza.it\/news\/wp-content\/uploads\/2026\/09\/Roger-Waters-ospedale-Cariati-04-300x225.jpg 300w\" sizes=\"auto, (max-width: 436px) 100vw, 436px\" \/><\/div>\n<div dir=\"auto\"><\/div>\n<div dir=\"auto\"><em>&#8220;Oggi, mentre gli ospedali pubblici e l&#8217;intera sanit\u00e0 pubblica si spengono, mentre il diritto alla cura \u00e8 schiacciato sempre pi\u00f9 dalle logiche di profitto, a Cariati, dopo il buio totale, qualche lucina in pi\u00f9 si vede: posti di lavoro, investimenti, servizi in pi\u00f9. <\/em><em>Non c&#8217;\u00e8 nulla che ci permetta di dire che \u00e8 tutto risolto ma si continua a camminare verso un orizzonte, controvento, mentre il mondo spinge nella direzione opposta&#8221;.<\/em><\/div>\n<div dir=\"auto\"><\/div>\n<div dir=\"auto\">&#8220;<em>Se ci fossero istituzioni degne, intelligenti e furbe, ti avrebbero gi\u00e0 invitato da tempo. <\/em><em>Ma qui abbiamo il peggio e la vera rivoluzione inizia nel non diventare e nel non voler diventare come loro. <\/em><em>Speriamo di incontrarci di nuovo, <a href=\"https:\/\/it.wikipedia.org\/wiki\/Roger_Waters\" rel=\"noopener\">Roger<\/a>. <\/em><em>Noi ti seguiamo, ti ascoltiamo, e continuiamo a camminare anche grazie alla tua voce&#8221;.<\/em><\/div>\n<\/div>\n","protected":false},"excerpt":{"rendered":"<p>Nel giorno del compleanno del musicista britannico, i promotori della mobilitazione per la riapertura dell\u2019ospedale Vittorio Cosentino gli hanno scritto una lettera per ringraziarlo del sostegno ricevuto negli anni<\/p>\n","protected":false},"author":42,"featured_media":302589,"comment_status":"closed","ping_status":"closed","sticky":false,"template":"","format":"standard","meta":{"_acf_changed":false,"footnotes":"","jetpack_publicize_message":"","jetpack_publicize_feature_enabled":true,"jetpack_social_post_already_shared":true,"jetpack_social_options":{"image_generator_settings":{"template":"highway","default_image_id":0,"font":"","enabled":false},"version":2}},"categories":[572],"tags":[],"class_list":["post-302588","post","type-post","status-publish","format-standard","has-post-thumbnail","hentry","category-ionio"],"acf":[],"jetpack_publicize_connections":[],"_links":{"self":[{"href":"https:\/\/quicosenza.it\/news\/wp-json\/wp\/v2\/posts\/302588","targetHints":{"allow":["GET"]}}],"collection":[{"href":"https:\/\/quicosenza.it\/news\/wp-json\/wp\/v2\/posts"}],"about":[{"href":"https:\/\/quicosenza.it\/news\/wp-json\/wp\/v2\/types\/post"}],"author":[{"embeddable":true,"href":"https:\/\/quicosenza.it\/news\/wp-json\/wp\/v2\/users\/42"}],"replies":[{"embeddable":true,"href":"https:\/\/quicosenza.it\/news\/wp-json\/wp\/v2\/comments?post=302588"}],"version-history":[{"count":0,"href":"https:\/\/quicosenza.it\/news\/wp-json\/wp\/v2\/posts\/302588\/revisions"}],"wp:featuredmedia":[{"embeddable":true,"href":"https:\/\/quicosenza.it\/news\/wp-json\/wp\/v2\/media\/302589"}],"wp:attachment":[{"href":"https:\/\/quicosenza.it\/news\/wp-json\/wp\/v2\/media?parent=302588"}],"wp:term":[{"taxonomy":"category","embeddable":true,"href":"https:\/\/quicosenza.it\/news\/wp-json\/wp\/v2\/categories?post=302588"},{"taxonomy":"post_tag","embeddable":true,"href":"https:\/\/quicosenza.it\/news\/wp-json\/wp\/v2\/tags?post=302588"}],"curies":[{"name":"wp","href":"https:\/\/api.w.org\/{rel}","templated":true}]}}