{"id":302597,"date":"2026-09-06T15:52:23","date_gmt":"2026-09-06T13:52:23","guid":{"rendered":"https:\/\/quicosenza.it\/news\/?p=302597"},"modified":"2026-09-06T15:52:23","modified_gmt":"2026-09-06T13:52:23","slug":"indagare-origine-incendio-oasi-argo-casa","status":"publish","type":"post","link":"https:\/\/quicosenza.it\/news\/indagare-origine-incendio-oasi-argo-casa\/","title":{"rendered":"Indagare sull&#8217;incendio all\u2019Oasi Argo: \u201caiutiamo i cani a trovare una casa\u201d. Parte una raccolta fondi"},"content":{"rendered":"<p>CIRO&#8217; MARINA (KR) &#8211; \u00c8 una <strong>tragedia che ha colpito duramente l\u2019Oasi Argo di Cir\u00f2 Marina<\/strong>, dove il <a href=\"https:\/\/quicosenza.it\/news\/fuoco-oasi-argo-sei-cani-morti-incendio\/\">4 settembre scorso<\/a>, un incendio ha provocato la morte di sei cani particolarmente fragili, ospitati all\u2019interno di un container. Secondo quanto emerso le fiamme avrebbero inoltre distrutto un ufficio logistico e due furgoni dell\u2019associazione. Tra le ipotesi al vaglio degli investigatori vi sarebbe anche quella di un possibile atto intimidatorio. Una circostanza che, sottolinea il Collettivo Voce Animale, dovr\u00e0 essere confermata o esclusa attraverso indagini rigorose e imparziali.<\/p>\n<p><iframe loading=\"lazy\" style=\"border: none; overflow: hidden;\" src=\"https:\/\/www.facebook.com\/plugins\/video.php?height=476&amp;href=https%3A%2F%2Fwww.facebook.com%2F100008998336322%2Fvideos%2F1452354376752095%2F&amp;show_text=false&amp;width=267&amp;t=0\" width=\"267\" height=\"476\" frameborder=\"0\" scrolling=\"no\" allowfullscreen=\"allowfullscreen\"><\/iframe><\/p>\n<h3>Il rogo dell&#8217;Oasi Argo e le richieste alle Istituzioni<\/h3>\n<p>L&#8217;appello rivolto alle Istituzioni competenti chiede di accertare l&#8217;origine dell&#8217;incendio senza escludere alcuna ipotesi, acquisire eventuali filmati di <strong>videosorveglianza e testimonianze<\/strong>, chiarire le modalit\u00e0 con cui il fuoco ha raggiunto il container e individuare eventuali responsabili qualora venga accertata una condotta dolosa. Il <strong>Collettivo chiede inoltre di verificare le condizioni di sicurezza dell&#8217;intera struttura e di adottare misure tempestive per tutelare gli oltre 200 animali ancora presenti<\/strong>, garantendo trasparenza sugli esiti degli accertamenti compatibilmente con il segreto investigativo.<\/p>\n<p><img loading=\"lazy\" decoding=\"async\" class=\"aligncenter  wp-image-302602\" src=\"https:\/\/quicosenza.it\/news\/wp-content\/uploads\/2026\/09\/incendio-oasi-argo-01.jpg\" alt=\"incendio oasi argo 01\" width=\"613\" height=\"379\" title=\"\" srcset=\"https:\/\/quicosenza.it\/news\/wp-content\/uploads\/2026\/09\/incendio-oasi-argo-01.jpg 970w, https:\/\/quicosenza.it\/news\/wp-content\/uploads\/2026\/09\/incendio-oasi-argo-01-300x186.jpg 300w, https:\/\/quicosenza.it\/news\/wp-content\/uploads\/2026\/09\/incendio-oasi-argo-01-768x475.jpg 768w\" sizes=\"auto, (max-width: 613px) 100vw, 613px\" \/><\/p>\n<h3>\u201cLa verit\u00e0 deve emergere\u201d<\/h3>\n<p>Nel documento indirizzato alle Autorit\u00e0, il Collettivo Voce Animale <strong>sottolinea la gravit\u00e0 della morte dei sei animali<\/strong>, impossibilitati a mettersi in salvo, e chiede che venga ricostruita con precisione la dinamica dell&#8217;accaduto: \u201cLa morte di sei animali impossibilitati a mettersi in salvo impone che venga fatto tutto il possibile affinch\u00e9 emerga la verit\u00e0. <strong>Qualunque sia stata la causa dell\u2019incendio, \u00e8 indispensabile ricostruire con esattezza quanto accaduto,<\/strong> accertare eventuali responsabilit\u00e0 e impedire che una simile tragedia possa ripetersi.\u201d<\/p>\n<p>L&#8217;associazione conclude chiedendo un intervento tempestivo e di essere informata sugli sviluppi delle indagini e sugli eventuali provvedimenti adottati.<\/p>\n<p><img loading=\"lazy\" decoding=\"async\" class=\"aligncenter  wp-image-302604\" src=\"https:\/\/quicosenza.it\/news\/wp-content\/uploads\/2026\/09\/incendio-oasi-argo-03.jpg\" alt=\"incendio oasi argo 03\" width=\"525\" height=\"325\" title=\"\" srcset=\"https:\/\/quicosenza.it\/news\/wp-content\/uploads\/2026\/09\/incendio-oasi-argo-03.jpg 970w, https:\/\/quicosenza.it\/news\/wp-content\/uploads\/2026\/09\/incendio-oasi-argo-03-300x186.jpg 300w, https:\/\/quicosenza.it\/news\/wp-content\/uploads\/2026\/09\/incendio-oasi-argo-03-768x475.jpg 768w\" sizes=\"auto, (max-width: 525px) 100vw, 525px\" \/><\/p>\n<h3>La raccolta fondi per ripartire<\/h3>\n<p>Parallelamente all&#8217;appello alle Istituzioni, \u00e8 partita una raccolta fondi su <a href=\"https:\/\/www.gofundme.com\/f\/loasi-argo-e-andata-in-fiamme-e-andato-distrutto-tutto?attribution_id=sl:e033b5ad-1ec2-4f3a-8036-5d9688745237&amp;lang=it_IT&amp;ts=1788558264&amp;utm_campaign=fp_sharesheet&amp;utm_content=amp30-treatment-4&amp;utm_medium=customer&amp;utm_source=instagram_story\" rel=\"noopener\">GoFundMe<\/a> per sostenere la <strong>ricostruzione dell&#8217;Oasi Argo<\/strong>. Il messaggio rivolto ai cittadini: \u201cQuesta volta non vi chiediamo semplicemente di aiutare dei cani randagi. Vi chiediamo di aiutare a ricostruire una casa. <a href=\"https:\/\/www.facebook.com\/profile.php?id=100008998336322&amp;locale=it_IT\" rel=\"noopener\">L\u2019Oasi Argo<\/a> \u00e8 stata devastata dalle fiamme. Tutto \u00e8 andato distrutto. I cani hanno perso il loro rifugio, le loro cucce, il cibo, le medicine, le loro cose\u2026 ma soprattutto hanno perso il loro punto di riferimento, il luogo che chiamavano casa&#8221;.<\/p>\n<p><img loading=\"lazy\" decoding=\"async\" class=\"aligncenter  wp-image-302605\" src=\"https:\/\/quicosenza.it\/news\/wp-content\/uploads\/2026\/09\/incendio-oasi-argo-04.jpg\" alt=\"incendio oasi argo 04\" width=\"619\" height=\"692\" title=\"\" srcset=\"https:\/\/quicosenza.it\/news\/wp-content\/uploads\/2026\/09\/incendio-oasi-argo-04.jpg 970w, https:\/\/quicosenza.it\/news\/wp-content\/uploads\/2026\/09\/incendio-oasi-argo-04-268x300.jpg 268w, https:\/\/quicosenza.it\/news\/wp-content\/uploads\/2026\/09\/incendio-oasi-argo-04-916x1024.jpg 916w, https:\/\/quicosenza.it\/news\/wp-content\/uploads\/2026\/09\/incendio-oasi-argo-04-768x858.jpg 768w\" sizes=\"auto, (max-width: 619px) 100vw, 619px\" \/><\/p>\n<p>&#8220;Oggi ci sono cani che non hanno pi\u00f9 un posto dove ripararsi.<strong> Non ci sono pi\u00f9 scorte di cibo. Non ci sono pi\u00f9 cucce<\/strong>. Non ci sono pi\u00f9 medicinali e materiali indispensabili per prendersi cura di loro. E adesso bisogna ripartire da zero&#8221;.<\/p>\n<p>L&#8217;appello invita a contribuire anche con piccole somme che possono diventare cibo, cucce, medicine, recinzioni e un nuovo rifugio: &#8220;loro non hanno scelto di nascere randagi. Non hanno scelto il fuoco. Non hanno scelto di perdere tutto. Hanno solo bisogno di noi&#8221;.<\/p>\n","protected":false},"excerpt":{"rendered":"<p>Dopo il rogo di due giorni fa, il Collettivo Voce Animale chiede indagini approfondite sull\u2019origine dell\u2019incendio e maggiori garanzie per gli oltre 200 animali ancora presenti nella struttura. Intanto parte la raccolta fondi per ricostruire il rifugio devastato dalle fiamme<\/p>\n","protected":false},"author":42,"featured_media":302603,"comment_status":"closed","ping_status":"closed","sticky":false,"template":"","format":"standard","meta":{"_acf_changed":false,"footnotes":"","jetpack_publicize_message":"","jetpack_publicize_feature_enabled":true,"jetpack_social_post_already_shared":true,"jetpack_social_options":{"image_generator_settings":{"template":"highway","default_image_id":0,"font":"","enabled":false},"version":2}},"categories":[17],"tags":[],"class_list":["post-302597","post","type-post","status-publish","format-standard","has-post-thumbnail","hentry","category-calabria"],"acf":[],"jetpack_publicize_connections":[],"_links":{"self":[{"href":"https:\/\/quicosenza.it\/news\/wp-json\/wp\/v2\/posts\/302597","targetHints":{"allow":["GET"]}}],"collection":[{"href":"https:\/\/quicosenza.it\/news\/wp-json\/wp\/v2\/posts"}],"about":[{"href":"https:\/\/quicosenza.it\/news\/wp-json\/wp\/v2\/types\/post"}],"author":[{"embeddable":true,"href":"https:\/\/quicosenza.it\/news\/wp-json\/wp\/v2\/users\/42"}],"replies":[{"embeddable":true,"href":"https:\/\/quicosenza.it\/news\/wp-json\/wp\/v2\/comments?post=302597"}],"version-history":[{"count":0,"href":"https:\/\/quicosenza.it\/news\/wp-json\/wp\/v2\/posts\/302597\/revisions"}],"wp:featuredmedia":[{"embeddable":true,"href":"https:\/\/quicosenza.it\/news\/wp-json\/wp\/v2\/media\/302603"}],"wp:attachment":[{"href":"https:\/\/quicosenza.it\/news\/wp-json\/wp\/v2\/media?parent=302597"}],"wp:term":[{"taxonomy":"category","embeddable":true,"href":"https:\/\/quicosenza.it\/news\/wp-json\/wp\/v2\/categories?post=302597"},{"taxonomy":"post_tag","embeddable":true,"href":"https:\/\/quicosenza.it\/news\/wp-json\/wp\/v2\/tags?post=302597"}],"curies":[{"name":"wp","href":"https:\/\/api.w.org\/{rel}","templated":true}]}}