{"id":3073,"date":"2012-09-04T05:37:06","date_gmt":"2012-09-04T03:37:06","guid":{"rendered":"https:\/\/www.quicosenza.it\/news\/?p=3073"},"modified":"2023-01-17T13:35:24","modified_gmt":"2023-01-17T12:35:24","slug":"98-diamante-cs-cresce-lattesa-per-il-peperoncino-festival","status":"publish","type":"post","link":"https:\/\/quicosenza.it\/news\/98-diamante-cs-cresce-lattesa-per-il-peperoncino-festival\/","title":{"rendered":"Diamante (Cs): cresce l&#8217;attesa per il &#8221;Peperoncino Festival&#8221;"},"content":{"rendered":"<p>\u201cUn evento che diventa ogni anno sempre pi\u00f9 punto di riferimento, essendosi affermato e consolidato tra i pi\u00f9 rilevanti appuntamenti di fine estate. Un obiettivo pienamente centrato, grazie alla tenacia ed alla caparbiet\u00e0 di Enzo Monaco che, da vent\u2019anni, porta avanti una scommessa volta a promuovere il territorio<\/p>\n<p>  <!--more-->  <\/p>\n<p>della Riviera dei Cedri e di Diamante, dal punto di vista turistico e non solo. Questa attesa manifestazione, destinata ormai a proiezioni internazionali, considerato l\u2019abbinamento con la Fiera Mondiale del Peperoncino, che vede coinvolti tutti i Paesi del mondo con comuni tradizioni piccanti, merita sostegno e attenzione perch\u00e9 persegue traguardi di inestimabile valore economico e sociale dei quali, soprattutto in momenti cos\u00ec critici, il nostro territorio ha assolutamente bisogno per il suo sviluppo e la crescita\u201d. Sono questi alcuni dei concetti espressi dal Presidente della Provincia di Cosenza, On. Gerardo Mario Oliverio, a conclusione della Conferenza Stampa di questa mattina, nella Sala degli Stemmi dell\u2019Ente, per presentare la XX^ Edizione di Peperoncino Festival, kermesse che \u00e8 diventata nel tempo simbolo di buona prassi di promozione turistica e di valorizzazione di luoghi e prodotti nostrani. Questo a riprova che anche partendo dalle cose semplici, come pu\u00f2 essere il Peperoncino calabrese, \u201cu diavulillo\u201d, si possono raggiungere obiettivi di tutto rispetto, che affascinano e fanno da motore per un\u2019economia pi\u00f9 florida, creano attrazione e flusso turistico e potenziano le prospettive di immagine positiva della Calabria nel mondo.<br \/>Sullo stesso avviso l\u2019Assessore Provinciale al Turismo Pietro Lecce che ha espresso piena soddisfazione, assieme al Sindaco di Diamante Ernesto Magorno e all\u2019Assessore al Turismo del Comune tirrenico Franco Maiolino, per l\u2019alta qualit\u00e0 dell\u2019evento che ha l\u2019ambizione di allungare la stagione turistica, considerato che sono ormai in molti a prolungare le vacanze pur di non perdersi un cos\u00ec unico e straordinario evento, all\u2019insegna del gusto del piccante.<br \/>Il \u201cPeperoncino Festival\u201d compie venti anni e, con la ventesima edizione, diventa mondiale e solidale. L\u2019appuntamento \u00e8 a Diamante da mercoled\u00ec 5 a domenica 9 Settembre. Con la \u201cFiera Mondiale del Peperoncino\u201d arriveranno 12 Paesi del mondo e sar\u00e0 presentata in anteprima l\u2019iniziativa \u201cUn peperoncino contro l\u2019autismo\u201d organizzata in tutta Italia con la collaborazione dell\u2019Associazione \u201cUna breccia nel muro\u201de l\u2019Ospedale \u201cBambino Ges\u00f9\u201d di Roma.<br \/>La dimensione mondiale e la solidariet\u00e0 non sono per\u00f2 le uniche novit\u00e0 dell\u2019edizione del ventennale. Nuovo di zecca e \u201cfiore all\u2019occhiello\u201d l\u2019evento \u201cPeperoncino in palcoscenico\u201d organizzato al Teatro dei ruderi di Cirella in collaborazione con \u201cTerre di Cosenza. Vini DOP\u201d e l\u2019Associazione italiana sommelier. Per tutte le cinque serate del Festival grandi spettacoli di teatro e di musica faranno da cornice alle leccornie piccanti degustate con i vini Terre di Cosenza, selezionati dall\u2019AIS Calabria. Tutto gratis e senza biglietto d\u2019ingresso.<br \/>Mercoled\u00ec 5 settembre, il Concerto di Rosa Martirano con la salsiccia piccante di maiale nero. Gioved\u00ec 6 settembre la Cavalleria Rusticana con la Sardella di Crucoli. Venerd\u00ec 7 settembre ImagiNaples di Enzo Decaro con la confettura di Peperoncino. Sabato 8 settembre un ricordo di Fabrizio De Andr\u00e8 con la Nduja di Spilinga. Domenica 9, infine, il laboratorio Zelig di Napoli, con la Maritata.<br \/>Anche la \u201cFiera Mondiale del Peperoncino\u201d \u00e8 una novit\u00e0 assoluta, un\u2019iniziativa senza precedenti in Europa. Nel grande padiglione allestito sul lungofiume dodici paesi del mondo esporranno le loro specialit\u00e0 infuocate: Messico, Per\u00f9, Thailandia, Francia, Spagna, Portogallo, Tunisia, Marocco, USA, Cile, Giappone, Repubblica Domenicana. La Francia, il Messico e il Per\u00f9 saranno presenti ufficialmente per un \u201cincontro con la Calabria\u201d. Mercoled\u00ec 6 settembre, alle ore 22.00, sar\u00e0 presente Espelette, una comunit\u00e0 che in Francia vive con la coltivazione di un peperoncino che ha il marchio europeo AOC. Gioved\u00ec 6 settembre il Messico con diciannove rappresentanti del Consejo Nacional de productores de chiles., mentre venerd\u00ec sar\u00e0 di scena il Per\u00f9, che arriva con tre chef stellati e la Console Liliana Gom\u00e8z de Weston.<br \/>Per tutti i cinque giorni dalle 19 alle 24 resteranno aperte le mostre del Festival. Innanzitutto \u201cErotellica 2012\u201d, allestita nei locali dell\u2019Universit\u00e0 del gusto. La riedizione di una mostra di frottages ed effa\u00e7ages che Rotella organizz\u00f2 a Saint Tropez negli anni \u201970: un omaggio al grande Maestro, innamorato del \u201cdiavolillo\u201d e socio onorario dell\u2019Accademia del Peperoncino.<br \/>Sempre nell\u2019Universit\u00e0 del gusto la mostra fotografica \u201cFuoco mediterraneo\u201d con i vincitori e una selezione di opere del concorso nazionale \u201cRosso piccante\u201d organizzato con Massenzio Arte e la rivista \u201cIl Fotografo\u201d.<br \/>Sul lungomare altre tre mostre: \u201cIl mio peperoncino\u201d con cento disegni dalle scuole di Espelette e di Diamante. Saranno messi in vendita a conclusione del Festival e il ricavato sar\u00e0 devoluto per l\u2019assistenza alle famiglie di bambini autistici. E ancora \u201cKrazy Kamasutra\u201d disegni di Roberto Mangosi e la classica \u201cPeperoncini dal mondo\u201d di Massimo Biagi dell\u2019Universit\u00e0 di Pisa.<br \/>Nella Piazzetta S. Biagio la mostra \u201cNot for all, non solo nudo\u201d, fotografie di grandi Maestri di 20 Paesi del mondo.<br \/>Tutto il lungomare, il centro storico e i due lungofiumi saranno invasi dai duecento stand della \u201cMostra Mercato Mangiare Mediterraneo\u201d, dalle statue viventi, da cinquanta gruppi di teatro di strada, di taranta, di pizzica e musica folk.<br \/>Nell\u2019Universit\u00e0 del gusto anche spazio dedicato alla gastronomia con i laboratori gastronomici e le \u201cvetrinepic\u201d dello Chef Enzo Grisolia.<br \/>Nella Piazzetta S. Biagio convegni medici, presentazione di libri e la rassegna \u201cPiccante Film Festival\u201d, organizzata in collaborazione con Moda Movie e il Cinercircolo Maurizio Grande.<br \/>Gli eventi sono tutti di sera dalle 19.00 alle 24.00.<\/p>\n","protected":false},"excerpt":{"rendered":"<p>\u201cUn evento che diventa ogni anno sempre pi\u00f9 punto di riferimento, essendosi affermato e consolidato tra i pi\u00f9 rilevanti appuntamenti di fine estate. Un obiettivo pienamente centrato, grazie alla tenacia ed alla caparbiet\u00e0 di Enzo Monaco che, da vent\u2019anni, porta avanti una scommessa volta a promuovere il territorio<\/p>\n","protected":false},"author":22,"featured_media":70,"comment_status":"open","ping_status":"open","sticky":false,"template":"","format":"standard","meta":{"_acf_changed":false,"footnotes":"","jetpack_publicize_message":"","jetpack_publicize_feature_enabled":true,"jetpack_social_post_already_shared":false,"jetpack_social_options":{"image_generator_settings":{"template":"highway","default_image_id":0,"font":"","enabled":false},"version":2}},"categories":[548,40,34,5],"tags":[],"class_list":["post-3073","post","type-post","status-publish","format-standard","has-post-thumbnail","hentry","category-archivio-storico-news","category-cultura-spettacolo","category-magazine","category-old"],"acf":[],"jetpack_publicize_connections":[],"_links":{"self":[{"href":"https:\/\/quicosenza.it\/news\/wp-json\/wp\/v2\/posts\/3073","targetHints":{"allow":["GET"]}}],"collection":[{"href":"https:\/\/quicosenza.it\/news\/wp-json\/wp\/v2\/posts"}],"about":[{"href":"https:\/\/quicosenza.it\/news\/wp-json\/wp\/v2\/types\/post"}],"author":[{"embeddable":true,"href":"https:\/\/quicosenza.it\/news\/wp-json\/wp\/v2\/users\/22"}],"replies":[{"embeddable":true,"href":"https:\/\/quicosenza.it\/news\/wp-json\/wp\/v2\/comments?post=3073"}],"version-history":[{"count":0,"href":"https:\/\/quicosenza.it\/news\/wp-json\/wp\/v2\/posts\/3073\/revisions"}],"wp:featuredmedia":[{"embeddable":true,"href":"https:\/\/quicosenza.it\/news\/wp-json\/wp\/v2\/media\/70"}],"wp:attachment":[{"href":"https:\/\/quicosenza.it\/news\/wp-json\/wp\/v2\/media?parent=3073"}],"wp:term":[{"taxonomy":"category","embeddable":true,"href":"https:\/\/quicosenza.it\/news\/wp-json\/wp\/v2\/categories?post=3073"},{"taxonomy":"post_tag","embeddable":true,"href":"https:\/\/quicosenza.it\/news\/wp-json\/wp\/v2\/tags?post=3073"}],"curies":[{"name":"wp","href":"https:\/\/api.w.org\/{rel}","templated":true}]}}