{"id":3109,"date":"2012-09-04T09:56:11","date_gmt":"2012-09-04T07:56:11","guid":{"rendered":"https:\/\/www.quicosenza.it\/news\/?p=3109"},"modified":"2023-01-17T13:35:28","modified_gmt":"2023-01-17T12:35:28","slug":"136-la-giovane-cantante-roggianese-neutralizza-il-successo","status":"publish","type":"post","link":"https:\/\/quicosenza.it\/news\/136-la-giovane-cantante-roggianese-neutralizza-il-successo\/","title":{"rendered":"Il sogno di Giada continua"},"content":{"rendered":"<p style=\"text-align: justify;\"><span>Piccole voci crescono. Giada Borrelli, la giovane cantante calabrese che ha partecipato a \u201cTi lascio una canzone\u201d, il fortunato serale di Rai Uno, condotto da Antonella Clerici e andato in onda nella scorsa primavera, vive un momento d\u2019oro. La giovane artista, nativa di Roggiano Gravina, \u00e8 entrata a pieno titolo nell\u2019Olimpo della musica. <\/span><\/p>\n<p>  <!--more-->  <\/p>\n<p style=\"text-align: justify;\"><span>Su di lei, infatti, si sono concentrate le attenzioni di case discografiche e talent scout. Il calendario degli appuntamenti di Giada \u00e8 fitto di impegni. Lei stessa parla del suo momento. \u00abLa popolarit\u00e0 fa piacere ma \u00e8 essenziale restare con i piedi ben saldati per terra. Sto vivendo questo momento con grande allegria e spensieratezza, cos\u00ec come impone la mia et\u00e0. La musica mi piace, ma sono consapevole che in questo momento della mia vita, le priorit\u00e0 sono altre. In primis lo studio, la famiglia e gli amici. Non voglio lasciarmi trascinare dal successo e dimenticarmi chi sono e gli anni che ho\u00bb. Nelle parole di Giada c\u2019\u00e8 tanta verit\u00e0 e saggezza, quella stessa che le hanno impartito i suoi genitori. \u00abDevo tutto a mamma e pap\u00e0. I miei fans sono la mia famiglia. Senza di loro non sarei riuscita a migliorarmi nel canto. Sono stati loro, infatti, che mi hanno spinta a partecipare\u00bb. La giovane cantante ci racconta anche il momento della selezione. \u00abLa giuria di qualit\u00e0, tutta composta da autorevoli figure del settore canto, mi hanno fatto provare diverse canzoni, insegnandomi meglio a dosare la voce e migliorare le miei impostazioni. Devo dire grazie anche e, soprattutto, a loro\u00bb. E domani? \u00abIl mio domani \u00e8 uguale al mio oggi. Ripeto voglio rimanere semplice come sono, non vglio alterare nulla di me. \u00c8 bello, mi piace, mi fa sentire bene ma le \u201ccertezze\u201d solide della vita sono altre\u00bb. Auguri Giada. <\/span><\/p>\n","protected":false},"excerpt":{"rendered":"<p>Piccole voci crescono. Giada Borrelli, la giovane cantante calabrese che ha partecipato a \u201cTi lascio una canzone\u201d, il fortunato serale di Rai Uno, condotto da Antonella Clerici e andato in onda nella scorsa primavera, vive un momento d\u2019oro. La giovane artista, nativa di Roggiano Gravina, \u00e8 entrata a pieno titolo nell\u2019Olimpo della musica.<\/p>\n","protected":false},"author":22,"featured_media":142,"comment_status":"open","ping_status":"open","sticky":false,"template":"","format":"standard","meta":{"_acf_changed":false,"footnotes":"","jetpack_publicize_message":"","jetpack_publicize_feature_enabled":true,"jetpack_social_post_already_shared":false,"jetpack_social_options":{"image_generator_settings":{"template":"highway","default_image_id":0,"font":"","enabled":false},"version":2}},"categories":[548,17,5],"tags":[],"class_list":["post-3109","post","type-post","status-publish","format-standard","has-post-thumbnail","hentry","category-archivio-storico-news","category-calabria","category-old"],"acf":[],"jetpack_publicize_connections":[],"_links":{"self":[{"href":"https:\/\/quicosenza.it\/news\/wp-json\/wp\/v2\/posts\/3109","targetHints":{"allow":["GET"]}}],"collection":[{"href":"https:\/\/quicosenza.it\/news\/wp-json\/wp\/v2\/posts"}],"about":[{"href":"https:\/\/quicosenza.it\/news\/wp-json\/wp\/v2\/types\/post"}],"author":[{"embeddable":true,"href":"https:\/\/quicosenza.it\/news\/wp-json\/wp\/v2\/users\/22"}],"replies":[{"embeddable":true,"href":"https:\/\/quicosenza.it\/news\/wp-json\/wp\/v2\/comments?post=3109"}],"version-history":[{"count":0,"href":"https:\/\/quicosenza.it\/news\/wp-json\/wp\/v2\/posts\/3109\/revisions"}],"wp:featuredmedia":[{"embeddable":true,"href":"https:\/\/quicosenza.it\/news\/wp-json\/wp\/v2\/media\/142"}],"wp:attachment":[{"href":"https:\/\/quicosenza.it\/news\/wp-json\/wp\/v2\/media?parent=3109"}],"wp:term":[{"taxonomy":"category","embeddable":true,"href":"https:\/\/quicosenza.it\/news\/wp-json\/wp\/v2\/categories?post=3109"},{"taxonomy":"post_tag","embeddable":true,"href":"https:\/\/quicosenza.it\/news\/wp-json\/wp\/v2\/tags?post=3109"}],"curies":[{"name":"wp","href":"https:\/\/api.w.org\/{rel}","templated":true}]}}