{"id":3234,"date":"2012-09-06T08:36:45","date_gmt":"2012-09-06T06:36:45","guid":{"rendered":"https:\/\/www.quicosenza.it\/news\/?p=3234"},"modified":"2023-01-17T13:35:41","modified_gmt":"2023-01-17T12:35:41","slug":"268-musica-e-spettacoli-per-il-divino-jazz-festival","status":"publish","type":"post","link":"https:\/\/quicosenza.it\/news\/268-musica-e-spettacoli-per-il-divino-jazz-festival\/","title":{"rendered":"Musica e spettacoli per il &#8221;Di&#8230;vino Jazz Festival&#8221;"},"content":{"rendered":"<p>ALTOMONTE (CS) -Tutto pronto per il &#8221;Di&#8230;vino Jazz Festival&#8221;. Mambo, merengue, cha cha cha, chi non ha mai sentito questi nomi esotici di musiche e balli, che richiamano alla mente isole di sogno e natura incontaminata da paradiso terrestre? La forza e la vitalit\u00e0 delle tradizioni musicali<\/p>\n<p>  <!--more-->  <\/p>\n<p>africane, brasiliane, cubane e caraibiche in genere, risiedono nella consuetudine di attribuirvi un&#8217;importantissima valenza sociale e conviviale; sono vissute tanto intensamente da renderle parte essenziale della cultura di quei paesi. La musica diventa non solo espressione e fonte di allegria, energia ed emozione ma educa la capacit\u00e0 di ascoltare e di ascoltarsi, trasformandosi quasi in una terapia collettiva; in sostanza, assume le caratteristiche proprie di un linguaggio vivo che per di pi\u00f9 \u00e8 in grado di parlare direttamente all&#8217;anima senza interpreti.<\/p>\n<p>L&#8217;isola di Cuba ha sviluppato un&#8217;ampia gamma di stili musicali creoli, basati sulle origini culturali europee e africane. Fin dal XIX secolo \u00e8 stata molto popolare e ha influenzato tutto il mondo. In un certo senso \u00e8 la forma musicale pi\u00f9 popolare del mondo, dall&#8217;introduzione della registrazione . A Cuba tale tendenza si \u00e8 accentuata nel novecento grazie all&#8217;influsso esercitato dalla comunit\u00e0 nera che, come sempre in America latina, ha mantenuto quasi intatte le forme musicali africane. La musica cubana \u00e8 caratterizzata da tre fondamentali filoni. Il primo \u00e8 quello del s\u00f2n, genere di matrice spagnola e africana. Un secondo filone, il danzon, attinge alla tradizione francese ed ha una forma dai toni pi\u00f9 sommessi. Il terzo filone \u00e8 infine attribuibile integralmente alla cultura africana. Questi tre filoni si sono sviluppati sia grazie agli schiavi africani deportati sull&#8217;isola, sia grazie agli immigrati spagnoli in cerca di fortuna, ma nel tempo si sono aggiunte influenze da altri paesi. Tra questi sono molto importanti i contributi della Francia e delle sue colonie nelle Americhe.<\/p>\n<p>Per un paese cos\u00ec piccolo, Cuba ha una grande anima. E la deve ad una cultura ricca, vibrante, e colma di diversit\u00e0. Amerindi , spagnoli, africani, asiatici e inglesi: ciascuno di questi stili di vita si \u00e8 radicato a Cuba, ma nella mescolanza tra queste culture \u00e8 nato qualcosa di nuovo e di totalmente distinto. La posizione centrale di Cuba, vero e proprio crocevia dei Caraibi, ha attirato qui onde di migranti, la cui influenza si trova nelle arti visive, nell&#8217;architettura, nella letteratura, e soprattutto nella danza e nella musica conosciute in tutto il mondo.<\/p>\n<p>Era inevitabile l&#8217;incontro tra il Di&#8230;vino jazz e la musica del Caribe perch\u00e9 la passione e l&#8217;anima che noi profondiamo nella realizzazione dell&#8217;evento \u00e8 la stessa dei musicisti che suonano questa musica. Il Timba latin jazz quintet, tutti insegnanti della prestigiosa Timba School of Afro-cuban music, aprir\u00e0 la rassegna con il suo repertorio latin jazz fresco e dinamico; sar\u00e0 poi la volta della musica Salsa di Alvaro Hugo Atehortua Martinez e i suoi Chirimia; il terzo giorno sar\u00e0 di scena il miglior gruppo calabrese di latin jazz: Egidio Ventura latin project; sabato, un&#8217;esclusiva per il Di&#8230;vino jazz, uno dei percussionisti pi\u00f9 richiesti al mondo: Minino Garay y los tambores del sur spettacolo tra i pi\u00f9 coinvolgenti e passionali dell&#8217;universo musicale caraibico; domenica, infine, la chiusura \u00e8 affidata al gruppo calabrese Lo Squintetto, che non fa musica afrocubana, ma nella sostanza, ha elaborato un linguaggio affine a quell&#8217;esperienza, perch\u00e9 la musica non \u00e8 soltanto una questione di stili ma \u00e8 sopratutto sentimento, passione e anima, quell&#8217;anima latina che ci accomuna tutti. Il lavoro \u00e8 identico: elaborare le proprie tradizioni popolari e arricchirle delle mille influenze dovute alle incessanti migrazioni dei popoli della terra: con l&#8217;Africa unico fornitore ufficiale di tutte le percussioni del mondo. Questo perch\u00e8 il Di&#8230;vino jazz Altomonte ha da sempre, come obbiettivo, la valorizzazione del territorio sia in campo artistico che in quello eno-gastronomico.<\/p>\n<p>Durante lo svolgimento del Di&#8230;vino jazz, parte quest&#8217;anno la Divino jazz School aperta a musicisti di ogni et\u00e0, anche a chi si avvicina per la prima volta al jazz e all&#8217;improvvisazione. La direzione didattica \u00e8 a cura di Carlo Cimino e Massimo Garritano.<\/p>\n<p>&nbsp;<\/p>\n<p>PROGRAMMA<\/p>\n<p>&nbsp;<\/p>\n<p>12 sett. Timba latin jazz quintet(Valter Paiola &#8211; perc \/ Tiberio Ripa &#8211; Bass \/ Paulo La Rosa &#8211; Perc \/ Giancarlo Ciminelli &#8211; Tromba \/ Paolo Iurich &#8211; Piano)<\/p>\n<p>&nbsp;<\/p>\n<p>13 sett. Alvaro Atehortua &amp; su Chirimia(Alvaro Ugo Atehortua Martinez, Stefano Chistolini, Mario Caporilli, Leonardo Perez Guerra, Roberto Schiano Moriello)<\/p>\n<p>&nbsp;<\/p>\n<p>14 sett. Egidio Ventura Latin project(Egidio Ventura &#8211; piano \/ Rocco Riccelli &#8211; tromba \/ Raffaele Trapasso &#8211; bass \/ Massimo Russo &#8211; batt.)<\/p>\n<p>&nbsp;<\/p>\n<p>15 sett. Minino Garay y los tambores del sur(Minino Garay &#8211; batt. \/ Christophe Lampidecchia &#8211; accordeon \/ Fabrizio Fenoglietto &#8211; bass \/ Miguel Ballumbrosio &#8211; perc. \/ Arnaldo Zanelli &#8211; piano \/ Leandro Guffanti &#8211; sax \/ Carlos Canzani &#8211; chit.)<\/p>\n<p>&nbsp;<\/p>\n<p>16 sett. Lo Squintetto(Nicola Pisani &#8211; sax \/ Piero Gallina &#8211; violino e lira calabrese \/ Checco Pallone &#8211; tamburi a cornice, chit. \/ Vincenzo Naccarato &#8211; fisarmonica \/ Carlo Cimino &#8211; contrabbasso)<\/p>\n","protected":false},"excerpt":{"rendered":"<p>ALTOMONTE (CS) -Tutto pronto per il &#8221;Di&#8230;vino Jazz Festival&#8221;. Mambo, merengue, cha cha cha, chi non ha mai sentito questi nomi esotici di musiche e balli, che richiamano alla mente isole di sogno e natura incontaminata da paradiso terrestre? La forza e la vitalit\u00e0 delle tradizioni musicali<\/p>\n","protected":false},"author":22,"featured_media":392,"comment_status":"open","ping_status":"open","sticky":false,"template":"","format":"standard","meta":{"_acf_changed":false,"footnotes":"","jetpack_publicize_message":"","jetpack_publicize_feature_enabled":true,"jetpack_social_post_already_shared":false,"jetpack_social_options":{"image_generator_settings":{"template":"highway","default_image_id":0,"font":"","enabled":false},"version":2}},"categories":[548,40,34,5],"tags":[],"class_list":["post-3234","post","type-post","status-publish","format-standard","has-post-thumbnail","hentry","category-archivio-storico-news","category-cultura-spettacolo","category-magazine","category-old"],"acf":[],"jetpack_publicize_connections":[],"_links":{"self":[{"href":"https:\/\/quicosenza.it\/news\/wp-json\/wp\/v2\/posts\/3234","targetHints":{"allow":["GET"]}}],"collection":[{"href":"https:\/\/quicosenza.it\/news\/wp-json\/wp\/v2\/posts"}],"about":[{"href":"https:\/\/quicosenza.it\/news\/wp-json\/wp\/v2\/types\/post"}],"author":[{"embeddable":true,"href":"https:\/\/quicosenza.it\/news\/wp-json\/wp\/v2\/users\/22"}],"replies":[{"embeddable":true,"href":"https:\/\/quicosenza.it\/news\/wp-json\/wp\/v2\/comments?post=3234"}],"version-history":[{"count":0,"href":"https:\/\/quicosenza.it\/news\/wp-json\/wp\/v2\/posts\/3234\/revisions"}],"wp:featuredmedia":[{"embeddable":true,"href":"https:\/\/quicosenza.it\/news\/wp-json\/wp\/v2\/media\/392"}],"wp:attachment":[{"href":"https:\/\/quicosenza.it\/news\/wp-json\/wp\/v2\/media?parent=3234"}],"wp:term":[{"taxonomy":"category","embeddable":true,"href":"https:\/\/quicosenza.it\/news\/wp-json\/wp\/v2\/categories?post=3234"},{"taxonomy":"post_tag","embeddable":true,"href":"https:\/\/quicosenza.it\/news\/wp-json\/wp\/v2\/tags?post=3234"}],"curies":[{"name":"wp","href":"https:\/\/api.w.org\/{rel}","templated":true}]}}