{"id":3300,"date":"2012-09-07T09:56:53","date_gmt":"2012-09-07T07:56:53","guid":{"rendered":"https:\/\/www.quicosenza.it\/news\/?p=3300"},"modified":"2023-01-17T13:35:49","modified_gmt":"2023-01-17T12:35:49","slug":"341-unical-master-in-editoria-libraria-e-redattore-editoriale","status":"publish","type":"post","link":"https:\/\/quicosenza.it\/news\/341-unical-master-in-editoria-libraria-e-redattore-editoriale\/","title":{"rendered":"Unical: master in \u201cEditoria libraria e redattore editoriale\u201d"},"content":{"rendered":"<p style=\"text-align: justify;\">Presso l\u2019Universit\u00e0 della Calabria \u00e8 istituito, per l\u2019anno accademico 2012-13, il Master di primo livello intitolato \u201cEditoria libraria e redattore editoriale\u201d. <br \/>Le iscrizioni sono aperte fino al 28 settembre 2012; i corsi si svolgeranno da ottobre a maggio 2013 e saranno articolati in 1.500 ore di attivit\u00e0 formativa in modalit\u00e0<\/p>\n<p>  <!--more-->  <\/p>\n<p style=\"text-align: justify;\">blended e-learning, volta a preparare i futuri professionisti dell\u2019editoria.<br \/>Il bando \u00e8 disponibile sul sito dell\u2019Unical, al link:<br \/>www.unical.it\/portale\/portalmedia\/bandi\/2012-07\/Editoria%20libraria%20e%20redattore%20editoriale.pdf.<\/p>\n<p style=\"text-align: justify;\">Diventare esperti del mondo editoriale e perch\u00e9 iscriversi<br \/>Come si diventa professionisti dell\u2019editoria e della comunicazione? L\u2019Universit\u00e0 della Calabria risponde a questa domanda con un\u2019offerta formativa che ha lo scopo di preparare i corsisti a un universo professionale vasto e complesso.<br \/>Gli allievi potranno acquisire le specifiche competenze tecniche per gestire, tradurre, scrivere, correggere e impaginare testi senza trascurare la loro commercializzazione; controllare la qualit\u00e0 del prodotto e i tempi di produzione, onde lavorare in agenzie letterarie, biblioteche, case editrici, giornali, nelle redazioni dei siti web d\u2019informazione culturale, uffici stampa e aziende di organizzazione di eventi culturali. Ci\u00f2 sar\u00e0 reso possibile anche grazie alla formazione di figure professionali provenienti da case editrici e da altre strutture di comunicazione editoriale e attraverso tirocini formativi.<br \/>Per diventare dunque: <br \/>\u2022 redattori editoriali,<br \/>\u2022 impaginatori tradizionali e di ebook,<br \/>\u2022 esperti di comunicazione attraverso i media tradizionali (soprattutto radiofonici) e tramite i new media,<br \/>\u2022 esperti in marketing, distribuzione e commercializzazione libraria.<\/p>\n<p style=\"text-align: justify;\">A chi \u00e8 rivolta la possibile candidatura? <br \/>Il Master in \u201cEditoria libraria e redattore editoriale\u201d \u00e8 aperto a un massimo di ottanta laureati di facolt\u00e0 umanistiche e scientifiche, che abbiano conseguito una laurea triennale, specialistica, magistrale o del vecchio ordinamento.<\/p>\n<p style=\"text-align: justify;\">Come si svolgeranno le lezioni?<br \/>Verr\u00e0 utilizzata la modalit\u00e0 blended e-learning, ovvero la didattica sia a distanza che in presenza. Ci\u00f2 vuol dire che sar\u00e0 sempre attiva una piattaforma telematica, attraverso la quale i corsisti potranno dialogare sui moduli didattici con i tutor, i quali provvederanno alla correzione di elaborati e di esercizi. <br \/>Le lezioni in presenza saranno svolte prevalentemente in alcuni fine settimana. <br \/>Dopo che un\u2019apposita commissione avr\u00e0 valutato le domande d\u2019ammissione pervenute, partiranno le 1.500 ore di attivit\u00e0 formativa, che comprender\u00e0 anche seminari, laboratori, stage, project work e tesi finale. <br \/>Chi conseguir\u00e0 il titolo finale del master avr\u00e0 diritto all\u2019assegnazione di 60 Cfu.<\/p>\n<p style=\"text-align: justify;\">I docenti<br \/>La didattica sar\u00e0 affidata a docenti universitari e professionisti del settore editoriale e della comunicazione. Tra costoro, oltre a Pio Colonnello, direttore del master (nonch\u00e9 presidente del Corso di laurea in Filosofia e Storia), anche il docente dell\u2019Unical Felice Cimatti (noto anche per la sua attivit\u00e0 di giornalista culturale), Luca Lupo, docente Unical, Walter Pellegrini, editore dell\u2019omonima casa editrice, e Fulvio Mazza, direttore dell\u2019Agenzia letteraria \u201cla Bottega editoriale\u201d.<\/p>\n<p style=\"text-align: justify;\">Le discipline<br \/>Le discipline oggetto di studio per i corsisti saranno variegate: Lavoro editoriale, Promozione e distribuzione libraria, Marketing e mercato editoriale, Evoluzione dell\u2019editoria digitale, Diritto d\u2019autore e Legislazione editoriale, Etica della comunicazione, Videoimpaginazione, Comunicazione editoriale con particolare attenzione ai programmi radiofonici e ai new media.<br \/>Un\u2019ampia offerta, dunque, che si prefigge di spaziare tra le problematiche e le competenze pi\u00f9 svariate che caratterizzano il \u201cmondo del libro\u201d.<\/p>\n<p style=\"text-align: justify;\">Come iscriversi?<br \/>La domanda di ammissione deve essere compilata attraverso il sito web: www.segreterie.unical.it, entro il 28 settembre.<\/p>\n","protected":false},"excerpt":{"rendered":"<p>Presso l\u2019Universit\u00e0 della Calabria \u00e8 istituito, per l\u2019anno accademico 2012-13, il Master di primo livello intitolato \u201cEditoria libraria e redattore editoriale\u201d. Le iscrizioni sono aperte fino al 28 settembre 2012; i corsi si svolgeranno da ottobre a maggio 2013 e saranno articolati in 1.500 ore di attivit\u00e0 formativa in modalit\u00e0<\/p>\n","protected":false},"author":22,"featured_media":524,"comment_status":"open","ping_status":"open","sticky":false,"template":"","format":"standard","meta":{"_acf_changed":false,"footnotes":"","jetpack_publicize_message":"","jetpack_publicize_feature_enabled":true,"jetpack_social_post_already_shared":false,"jetpack_social_options":{"image_generator_settings":{"template":"highway","default_image_id":0,"font":"","enabled":false},"version":2}},"categories":[548,5,7],"tags":[],"class_list":["post-3300","post","type-post","status-publish","format-standard","has-post-thumbnail","hentry","category-archivio-storico-news","category-old","category-universita"],"acf":[],"jetpack_publicize_connections":[],"_links":{"self":[{"href":"https:\/\/quicosenza.it\/news\/wp-json\/wp\/v2\/posts\/3300","targetHints":{"allow":["GET"]}}],"collection":[{"href":"https:\/\/quicosenza.it\/news\/wp-json\/wp\/v2\/posts"}],"about":[{"href":"https:\/\/quicosenza.it\/news\/wp-json\/wp\/v2\/types\/post"}],"author":[{"embeddable":true,"href":"https:\/\/quicosenza.it\/news\/wp-json\/wp\/v2\/users\/22"}],"replies":[{"embeddable":true,"href":"https:\/\/quicosenza.it\/news\/wp-json\/wp\/v2\/comments?post=3300"}],"version-history":[{"count":0,"href":"https:\/\/quicosenza.it\/news\/wp-json\/wp\/v2\/posts\/3300\/revisions"}],"wp:featuredmedia":[{"embeddable":true,"href":"https:\/\/quicosenza.it\/news\/wp-json\/wp\/v2\/media\/524"}],"wp:attachment":[{"href":"https:\/\/quicosenza.it\/news\/wp-json\/wp\/v2\/media?parent=3300"}],"wp:term":[{"taxonomy":"category","embeddable":true,"href":"https:\/\/quicosenza.it\/news\/wp-json\/wp\/v2\/categories?post=3300"},{"taxonomy":"post_tag","embeddable":true,"href":"https:\/\/quicosenza.it\/news\/wp-json\/wp\/v2\/tags?post=3300"}],"curies":[{"name":"wp","href":"https:\/\/api.w.org\/{rel}","templated":true}]}}