{"id":3309,"date":"2012-09-07T11:44:20","date_gmt":"2012-09-07T09:44:20","guid":{"rendered":"https:\/\/www.quicosenza.it\/news\/?p=3309"},"modified":"2023-01-17T13:35:49","modified_gmt":"2023-01-17T12:35:49","slug":"350-roma-cade-aereo-cessna-due-morti-carbonizzati-a-bordo","status":"publish","type":"post","link":"https:\/\/quicosenza.it\/news\/350-roma-cade-aereo-cessna-due-morti-carbonizzati-a-bordo\/","title":{"rendered":"Roma, cade aereo Cessna Due morti carbonizzati a bordo"},"content":{"rendered":"<p style=\"text-align: justify;\">ROMA &#8211; Due morti carbonizzati: \u00e8 il bilancio del tragico incidente avvenuto oggi nei cieli di Roma. Un Cessna402B marche I-Ejra partito da Brescia, \u00e8 caduto in via di Fioranello aa Roma, sull&#8217;Ardeatina nei pressi di Ciampino, non lontano dal Grande Raccordo Anulare.La zona \u00e8 stata chiusa al traffico dalla polizia municipale.<\/p>\n<p>  <!--more-->  <\/p>\n<p style=\"text-align: justify;\">Le vittime: Si tratta di due uomini, uno 50enne di Trieste, e un 39enne di Brescia. Sul posto per i soccorsi erano intervenute cinque ambulanze e un elicottero del 118 che non hanno per\u00f2 potuto raggiungere il velivolo a causa del grosso incendio divampato nell&#8217;autodemolizione, dove sono presenti materiali altamente infiammabili. <br \/>Il Cessna era partito da Montichiari (Brescia) ed era diretto all&#8217;aeroporto dell&#8217;Urbe. I passeggeri stavano effettuando dei rilievi fotogrammetrici, una tecnica utilizzata in cartografia, topografia ed architettura, quando, per cause ancora da appurare, il velivolo si \u00e8 schiantato al suolo.<br \/>Salvi i sei operai che lavoravano all&#8217;interno del deposito di auto. Gli addetti al deposito, che \u00e8 anche un&#8217;officina di autodemolizione, sono riusciti a fuggire prima che scoppiasse l&#8217;incendio. <br \/>Nessun ripercussione sul traffico aereo a Ciampino. La caduta del Cessna non ha provocato conseguenze sull&#8217;operativo dello scalo romano: decolli e atterraggi hanno continuato a svolgersi regolarmente.<br \/>Dove \u00e8 precipitato il piper. L&#8217;ultraleggero \u00e8 precipitato in via di Fioranello, poco lontano, dall&#8217;aeroporto di Ciampino. Il piper \u00e8 precipitato in uno sfasciacarrozze. Via di Fioranello si trova tra l&#8217;Appia Nuova e via Ardeatina.<\/p>\n","protected":false},"excerpt":{"rendered":"<p>ROMA &#8211; Due morti carbonizzati: \u00e8 il bilancio del tragico incidente avvenuto oggi nei cieli di Roma. Un Cessna402B marche I-Ejra partito da Brescia, \u00e8 caduto in via di Fioranello aa Roma, sull&#8217;Ardeatina nei pressi di Ciampino, non lontano dal Grande Raccordo Anulare.La zona \u00e8 stata chiusa al traffico dalla polizia municipale.<\/p>\n","protected":false},"author":22,"featured_media":542,"comment_status":"open","ping_status":"open","sticky":false,"template":"","format":"standard","meta":{"_acf_changed":false,"footnotes":"","jetpack_publicize_message":"","jetpack_publicize_feature_enabled":true,"jetpack_social_post_already_shared":false,"jetpack_social_options":{"image_generator_settings":{"template":"highway","default_image_id":0,"font":"","enabled":false},"version":2}},"categories":[548,16,5],"tags":[],"class_list":["post-3309","post","type-post","status-publish","format-standard","has-post-thumbnail","hentry","category-archivio-storico-news","category-italia","category-old"],"acf":[],"jetpack_publicize_connections":[],"_links":{"self":[{"href":"https:\/\/quicosenza.it\/news\/wp-json\/wp\/v2\/posts\/3309","targetHints":{"allow":["GET"]}}],"collection":[{"href":"https:\/\/quicosenza.it\/news\/wp-json\/wp\/v2\/posts"}],"about":[{"href":"https:\/\/quicosenza.it\/news\/wp-json\/wp\/v2\/types\/post"}],"author":[{"embeddable":true,"href":"https:\/\/quicosenza.it\/news\/wp-json\/wp\/v2\/users\/22"}],"replies":[{"embeddable":true,"href":"https:\/\/quicosenza.it\/news\/wp-json\/wp\/v2\/comments?post=3309"}],"version-history":[{"count":0,"href":"https:\/\/quicosenza.it\/news\/wp-json\/wp\/v2\/posts\/3309\/revisions"}],"wp:featuredmedia":[{"embeddable":true,"href":"https:\/\/quicosenza.it\/news\/wp-json\/wp\/v2\/media\/542"}],"wp:attachment":[{"href":"https:\/\/quicosenza.it\/news\/wp-json\/wp\/v2\/media?parent=3309"}],"wp:term":[{"taxonomy":"category","embeddable":true,"href":"https:\/\/quicosenza.it\/news\/wp-json\/wp\/v2\/categories?post=3309"},{"taxonomy":"post_tag","embeddable":true,"href":"https:\/\/quicosenza.it\/news\/wp-json\/wp\/v2\/tags?post=3309"}],"curies":[{"name":"wp","href":"https:\/\/api.w.org\/{rel}","templated":true}]}}